{"id":2460,"date":"2025-03-26T16:22:24","date_gmt":"2025-03-26T16:22:24","guid":{"rendered":"https:\/\/peopleofcostarica.com\/?p=2460"},"modified":"2025-03-26T16:22:26","modified_gmt":"2025-03-26T16:22:26","slug":"cierre-temporal-del-sector-volcan-barva-impacto-de-la-temporada-seca","status":"publish","type":"post","link":"https:\/\/peopleofcostarica.com\/es\/cierre-temporal-del-sector-volcan-barva-impacto-de-la-temporada-seca\/","title":{"rendered":"Cierre Temporal del Sector Volc\u00e1n Barva: Impacto de la Temporada Seca\u00a0"},"content":{"rendered":"\n<p>El Parque Nacional Braulio Carrillo es conocido por su biodiversidad y riqueza natural, siendo el sector Volc\u00e1n Barva uno de los destinos favoritos de turistas y exploradores. Sin embargo, debido a la severa temporada seca que afecta la regi\u00f3n, el Sistema Nacional de \u00c1reas de Conservaci\u00f3n (SINAC) ha anunciado el cierre temporal de este sector. Esta decisi\u00f3n busca proteger tanto a los visitantes como a los recursos del parque, destacando los desaf\u00edos que enfrentan las \u00e1reas naturales ante los cambios clim\u00e1ticos.<\/p>\n\n\n\n<h2 class=\"wp-block-heading\"><strong>Causas del cierre<\/strong> <\/h2>\n\n\n\n<p>La temporada seca ha causado una disminuci\u00f3n significativa en la disponibilidad de agua potable dentro del sector Volc\u00e1n Barva. Aunque se han registrado lluvias espor\u00e1dicas en \u00e1reas cercanas, estas no han sido suficientes para recargar las fuentes de agua del parque. Adem\u00e1s, las condiciones del camino que conduce al parque han dificultado el acceso de camiones cisterna para abastecer agua, agravando la situaci\u00f3n.<\/p>\n\n\n\n<p>Esta combinaci\u00f3n de factores llev\u00f3 al SINAC a tomar la decisi\u00f3n de cerrar temporalmente el sector, priorizando la seguridad de los visitantes, el personal del parque y los colaboradores de la Cruz Roja.<\/p>\n\n\n\n<h2 class=\"wp-block-heading\"><strong>Detalles del cierre temporal<\/strong> <\/h2>\n\n\n\n<p>El cierre del sector Volc\u00e1n Barva comenz\u00f3 oficialmente el 20 de marzo y se extender\u00e1 hasta el 25 de abril de 2025. Durante este periodo, se detendr\u00e1n las actividades tur\u00edsticas y el acceso al sector estar\u00e1 restringido.<\/p>\n\n\n\n<p>La medida preventiva responde a la necesidad de evitar posibles riesgos para los visitantes y garantizar que el parque pueda operar de manera segura y sostenible una vez que se normalice la situaci\u00f3n h\u00eddrica.<\/p>\n\n\n\n<h2 class=\"wp-block-heading\"><strong>Impacto en el turismo y la conservaci\u00f3n<\/strong> <\/h2>\n\n\n\n<p>El cierre temporal del sector Volc\u00e1n Barva tiene implicaciones para el turismo local, ya que es un destino popular para quienes buscan explorar la naturaleza y disfrutar de vistas impresionantes. Para las comunidades cercanas, esto puede significar una disminuci\u00f3n en la actividad econ\u00f3mica relacionada con el turismo.<\/p>\n\n\n\n<p>Por otro lado, esta medida es fundamental para proteger el ecosistema del parque. La escasez de agua no solo afecta a los humanos, sino tambi\u00e9n a la flora y fauna del \u00e1rea. Al limitar el acceso, se reduce la presi\u00f3n sobre los recursos naturales y se contribuye a preservar el equilibrio ecol\u00f3gico.<\/p>\n\n\n\n<p>Como alternativa, el sector Quebrada Gonz\u00e1lez del parque permanece abierto, ofreciendo a los visitantes una opci\u00f3n para disfrutar de la belleza del Parque Nacional Braulio Carrillo mientras el sector Volc\u00e1n Barva se recupera.<\/p>\n\n\n\n<h2 class=\"wp-block-heading\"><strong>Acciones futuras y soluciones<\/strong> <\/h2>\n\n\n\n<p>El SINAC est\u00e1 monitoreando de cerca la situaci\u00f3n en el sector Volc\u00e1n Barva para evaluar su reapertura. Entre las posibles soluciones a largo plazo, se encuentran mejorar la infraestructura para el abastecimiento de agua potable y desarrollar estrategias para enfrentar las condiciones extremas provocadas por el cambio clim\u00e1tico.<\/p>\n\n\n\n<p>Adem\u00e1s, la colaboraci\u00f3n entre las autoridades, la comunidad y los visitantes ser\u00e1 clave para asegurar que el parque pueda continuar siendo un espacio seguro y sostenible para todos.<\/p>\n\n\n\n<h2 class=\"wp-block-heading\"><strong>Conclusi\u00f3n<\/strong> <\/h2>\n\n\n\n<p>El cierre temporal del sector Volc\u00e1n Barva es un recordatorio de los retos que enfrentan las \u00e1reas protegidas en Costa Rica ante las variaciones clim\u00e1ticas. A pesar de las dificultades, esta medida refleja el compromiso del SINAC con la conservaci\u00f3n y la seguridad. Como ciudadanos y visitantes, debemos valorar y proteger estos espacios naturales, adoptando pr\u00e1cticas responsables y apoyando los esfuerzos de conservaci\u00f3n.<\/p>\n","protected":false},"excerpt":{"rendered":"<p>El Parque Nacional Braulio Carrillo es conocido por su biodiversidad y riqueza natural, siendo el sector Volc\u00e1n Barva uno de los destinos favoritos de turistas y exploradores. Sin embargo, debido a la severa temporada seca que afecta la regi\u00f3n, el Sistema Nacional de \u00c1reas de Conservaci\u00f3n (SINAC) ha anunciado el cierre temporal de este sector. [&hellip;]<\/p>\n","protected":false},"author":14,"featured_media":2464,"comment_status":"open","ping_status":"open","sticky":false,"template":"","format":"standard","meta":{"footnotes":""},"categories":[87,91,9],"tags":[],"class_list":["post-2460","post","type-post","status-publish","format-standard","has-post-thumbnail","hentry","category-noticias","category-clima-y-ambiente","category-places"],"_links":{"self":[{"href":"https:\/\/peopleofcostarica.com\/es\/wp-json\/wp\/v2\/posts\/2460","targetHints":{"allow":["GET"]}}],"collection":[{"href":"https:\/\/peopleofcostarica.com\/es\/wp-json\/wp\/v2\/posts"}],"about":[{"href":"https:\/\/peopleofcostarica.com\/es\/wp-json\/wp\/v2\/types\/post"}],"author":[{"embeddable":true,"href":"https:\/\/peopleofcostarica.com\/es\/wp-json\/wp\/v2\/users\/14"}],"replies":[{"embeddable":true,"href":"https:\/\/peopleofcostarica.com\/es\/wp-json\/wp\/v2\/comments?post=2460"}],"version-history":[{"count":1,"href":"https:\/\/peopleofcostarica.com\/es\/wp-json\/wp\/v2\/posts\/2460\/revisions"}],"predecessor-version":[{"id":2461,"href":"https:\/\/peopleofcostarica.com\/es\/wp-json\/wp\/v2\/posts\/2460\/revisions\/2461"}],"wp:featuredmedia":[{"embeddable":true,"href":"https:\/\/peopleofcostarica.com\/es\/wp-json\/wp\/v2\/media\/2464"}],"wp:attachment":[{"href":"https:\/\/peopleofcostarica.com\/es\/wp-json\/wp\/v2\/media?parent=2460"}],"wp:term":[{"taxonomy":"category","embeddable":true,"href":"https:\/\/peopleofcostarica.com\/es\/wp-json\/wp\/v2\/categories?post=2460"},{"taxonomy":"post_tag","embeddable":true,"href":"https:\/\/peopleofcostarica.com\/es\/wp-json\/wp\/v2\/tags?post=2460"}],"curies":[{"name":"wp","href":"https:\/\/api.w.org\/{rel}","templated":true}]}}