{"id":2451,"date":"2025-03-26T15:53:13","date_gmt":"2025-03-26T15:53:13","guid":{"rendered":"https:\/\/peopleofcostarica.com\/?p=2451"},"modified":"2025-03-26T15:53:14","modified_gmt":"2025-03-26T15:53:14","slug":"la-temporada-lluviosa-se-adelanta-lo-que-debes-saber-segun-el-imn","status":"publish","type":"post","link":"https:\/\/peopleofcostarica.com\/es\/la-temporada-lluviosa-se-adelanta-lo-que-debes-saber-segun-el-imn\/","title":{"rendered":"La Temporada Lluviosa se Adelanta: Lo Que Debes Saber Seg\u00fan el IMN"},"content":{"rendered":"\n<p>Costa Rica es conocida por sus estaciones clim\u00e1ticas bien definidas, donde la transici\u00f3n entre la temporada seca y la lluviosa marca un cambio importante en el ritmo de la vida cotidiana. Este a\u00f1o, el Instituto Meteorol\u00f3gico Nacional (IMN) ha anunciado que la temporada lluviosa llegar\u00e1 antes de lo previsto. Este adelanto plantea una serie de implicaciones para la poblaci\u00f3n, la agricultura y la gesti\u00f3n de los recursos h\u00eddricos. En este art\u00edculo exploramos los detalles del fen\u00f3meno y las recomendaciones oficiales.<\/p>\n\n\n\n<h2 class=\"wp-block-heading\"><strong>\u00bfPor qu\u00e9 se adelantan las lluvias este a\u00f1o?<\/strong> <\/h2>\n\n\n\n<p>El IMN ha explicado que el adelanto de la temporada lluviosa se debe a factores clim\u00e1ticos naturales. Actualmente, el pa\u00eds se encuentra en una fase clim\u00e1tica neutra, lo que significa que no hay influencia directa del fen\u00f3meno de El Ni\u00f1o ni de La Ni\u00f1a. Esto ha permitido que las condiciones para el inicio de las lluvias se den antes de lo habitual.<\/p>\n\n\n\n<p>Seg\u00fan Werner Stolz, director del IMN, este tipo de fluctuaciones en el inicio de la temporada no son inusuales. Sin embargo, es importante monitorear estos cambios para entender mejor su impacto en el clima local y las actividades humanas.<\/p>\n\n\n\n<h2 class=\"wp-block-heading\"><strong>Fechas clave y regiones afectadas<\/strong> <\/h2>\n\n\n\n<p>El IMN ha proporcionado un calendario estimado para la llegada de las lluvias en diferentes regiones del pa\u00eds:<\/p>\n\n\n\n<ul class=\"wp-block-list\">\n<li>En el <strong>Pac\u00edfico Sur<\/strong>, las lluvias podr\u00edan comenzar entre el 20 y el 25 de abril.<\/li>\n\n\n\n<li>En el <strong>Valle Central<\/strong>, se espera el inicio entre el 22 de abril y el 1\u00b0 de mayo.<\/li>\n\n\n\n<li>En el <strong>Pac\u00edfico Central<\/strong>, las lluvias llegar\u00edan entre el 25 de abril y el 3 de mayo.<\/li>\n<\/ul>\n\n\n\n<p>Estas fechas marcan un adelanto de entre una y dos semanas en comparaci\u00f3n con los patrones habituales. Este fen\u00f3meno subraya la necesidad de que los ciudadanos y sectores clave est\u00e9n preparados para la transici\u00f3n temprana.<\/p>\n\n\n\n<h2 class=\"wp-block-heading\"><strong>\u00bfQu\u00e9 esperar de la temporada lluviosa 2025?<\/strong> <\/h2>\n\n\n\n<p>El IMN ha indicado que se espera una temporada lluviosa \u00abnormal\u00bb, con acumulados de lluvia dentro de los rangos habituales. Esto es una buena noticia para la agricultura, especialmente para los cultivos que dependen de un suministro constante de agua. Sin embargo, tambi\u00e9n implica desaf\u00edos relacionados con la gesti\u00f3n de recursos h\u00eddricos y el manejo de posibles inundaciones en \u00e1reas vulnerables.<\/p>\n\n\n\n<p>Para el sector tur\u00edstico, el adelanto de las lluvias podr\u00eda influir en las actividades al aire libre, lo que requerir\u00e1 adaptaciones en los itinerarios y servicios ofrecidos a los visitantes.<\/p>\n\n\n\n<h2 class=\"wp-block-heading\"><strong>Recomendaciones del IMN para la poblaci\u00f3n<\/strong> <\/h2>\n\n\n\n<p>Ante el inicio temprano de la temporada lluviosa, el IMN ha emitido una serie de recomendaciones para garantizar la seguridad y el bienestar de la poblaci\u00f3n:<\/p>\n\n\n\n<ul class=\"wp-block-list\">\n<li><strong>Mantenerse informado<\/strong>: Es fundamental seguir los boletines y actualizaciones oficiales del IMN para obtener informaci\u00f3n precisa y oportuna.<\/li>\n\n\n\n<li><strong>Preparaci\u00f3n en el hogar<\/strong>: Revisar techos, canaletas y sistemas de drenaje para evitar problemas relacionados con las lluvias intensas.<\/li>\n\n\n\n<li><strong>Cuidado de los recursos<\/strong>: Proteger reservas de agua y evitar la contaminaci\u00f3n por sedimentos.<\/li>\n\n\n\n<li><strong>Precauci\u00f3n en las v\u00edas<\/strong>: Las carreteras pueden volverse peligrosas con la llegada de las lluvias, por lo que se recomienda manejar con precauci\u00f3n.<\/li>\n<\/ul>\n\n\n\n<p>Estas acciones preventivas son esenciales para minimizar los impactos negativos y aprovechar los beneficios de la temporada lluviosa.<\/p>\n\n\n\n<h2 class=\"wp-block-heading\"><strong>Conclusi\u00f3n<\/strong> <\/h2>\n\n\n\n<p>El adelanto de la temporada lluviosa en Costa Rica es un recordatorio de la din\u00e1mica naturaleza del clima en la regi\u00f3n. Este fen\u00f3meno resalta la importancia de la planificaci\u00f3n y la adaptaci\u00f3n para garantizar que la poblaci\u00f3n y los sectores clave est\u00e9n preparados para los cambios. Desde la agricultura hasta el turismo, la llegada temprana de las lluvias tiene el potencial de generar tanto desaf\u00edos como oportunidades.<\/p>\n","protected":false},"excerpt":{"rendered":"<p>Costa Rica es conocida por sus estaciones clim\u00e1ticas bien definidas, donde la transici\u00f3n entre la temporada seca y la lluviosa marca un cambio importante en el ritmo de la vida cotidiana. Este a\u00f1o, el Instituto Meteorol\u00f3gico Nacional (IMN) ha anunciado que la temporada lluviosa llegar\u00e1 antes de lo previsto. Este adelanto plantea una serie de [&hellip;]<\/p>\n","protected":false},"author":14,"featured_media":2455,"comment_status":"open","ping_status":"open","sticky":false,"template":"","format":"standard","meta":{"footnotes":""},"categories":[1,91,87],"tags":[],"class_list":["post-2451","post","type-post","status-publish","format-standard","has-post-thumbnail","hentry","category-sin-categorizar","category-clima-y-ambiente","category-noticias"],"_links":{"self":[{"href":"https:\/\/peopleofcostarica.com\/es\/wp-json\/wp\/v2\/posts\/2451","targetHints":{"allow":["GET"]}}],"collection":[{"href":"https:\/\/peopleofcostarica.com\/es\/wp-json\/wp\/v2\/posts"}],"about":[{"href":"https:\/\/peopleofcostarica.com\/es\/wp-json\/wp\/v2\/types\/post"}],"author":[{"embeddable":true,"href":"https:\/\/peopleofcostarica.com\/es\/wp-json\/wp\/v2\/users\/14"}],"replies":[{"embeddable":true,"href":"https:\/\/peopleofcostarica.com\/es\/wp-json\/wp\/v2\/comments?post=2451"}],"version-history":[{"count":1,"href":"https:\/\/peopleofcostarica.com\/es\/wp-json\/wp\/v2\/posts\/2451\/revisions"}],"predecessor-version":[{"id":2452,"href":"https:\/\/peopleofcostarica.com\/es\/wp-json\/wp\/v2\/posts\/2451\/revisions\/2452"}],"wp:featuredmedia":[{"embeddable":true,"href":"https:\/\/peopleofcostarica.com\/es\/wp-json\/wp\/v2\/media\/2455"}],"wp:attachment":[{"href":"https:\/\/peopleofcostarica.com\/es\/wp-json\/wp\/v2\/media?parent=2451"}],"wp:term":[{"taxonomy":"category","embeddable":true,"href":"https:\/\/peopleofcostarica.com\/es\/wp-json\/wp\/v2\/categories?post=2451"},{"taxonomy":"post_tag","embeddable":true,"href":"https:\/\/peopleofcostarica.com\/es\/wp-json\/wp\/v2\/tags?post=2451"}],"curies":[{"name":"wp","href":"https:\/\/api.w.org\/{rel}","templated":true}]}}