{"id":2442,"date":"2025-03-26T15:20:36","date_gmt":"2025-03-26T15:20:36","guid":{"rendered":"https:\/\/peopleofcostarica.com\/?p=2442"},"modified":"2025-03-26T15:21:10","modified_gmt":"2025-03-26T15:21:10","slug":"alerta-verde-la-comision-nacional-de-emergencias-frente-a-la-actividad-del-volcan-poas","status":"publish","type":"post","link":"https:\/\/peopleofcostarica.com\/es\/alerta-verde-la-comision-nacional-de-emergencias-frente-a-la-actividad-del-volcan-poas\/","title":{"rendered":"Alerta Verde: La Comisi\u00f3n Nacional de Emergencias Frente a la Actividad del Volc\u00e1n Po\u00e1s"},"content":{"rendered":"\n<p>En Costa Rica, la majestuosidad de los volcanes siempre ha sido motivo de admiraci\u00f3n y respeto. El volc\u00e1n Po\u00e1s, uno de los m\u00e1s emblem\u00e1ticos del pa\u00eds, ha captado la atenci\u00f3n recientemente debido a un incremento en su actividad volc\u00e1nica. Ante esta situaci\u00f3n, la Comisi\u00f3n Nacional de Emergencias (CNE) ha emitido una alerta verde para las comunidades cercanas. \u00bfQu\u00e9 significa esta alerta y cu\u00e1les son sus implicaciones? Aqu\u00ed te lo explicamos.<\/p>\n\n\n\n<h2 class=\"wp-block-heading\"><strong>Actividad reciente del volc\u00e1n Po\u00e1s<\/strong>: <\/h2>\n\n\n\n<p>Durante los \u00faltimos d\u00edas, el volc\u00e1n Po\u00e1s ha mostrado signos de actividad, caracterizados por la emisi\u00f3n de ceniza, gases y vapor. Las erupciones han sido constantes, con columnas que han alcanzado hasta 150 metros de altura. Este aumento en la actividad ha generado preocupaci\u00f3n en las comunidades vecinas, especialmente debido a la ca\u00edda de ceniza que podr\u00eda afectar la calidad del aire y las fuentes de agua.<\/p>\n\n\n\n<p>Expertos han se\u00f1alado que este comportamiento es t\u00edpico de la naturaleza impredecible de los volcanes activos. Sin embargo, el monitoreo continuo es esencial para garantizar la seguridad de las poblaciones cercanas.<\/p>\n\n\n\n<h2 class=\"wp-block-heading\"><strong>La alerta de la Comisi\u00f3n Nacional de Emergencias<\/strong> <\/h2>\n\n\n\n<p>La CNE ha emitido una alerta verde, una medida preventiva que indica un nivel inicial de preocupaci\u00f3n ante la actividad volc\u00e1nica. Aunque esta alerta no implica evacuaciones inmediatas, s\u00ed requiere atenci\u00f3n por parte de las autoridades y la poblaci\u00f3n. Bajo esta categor\u00eda, se intensifica el monitoreo del volc\u00e1n, y se fortalecen las medidas de coordinaci\u00f3n entre instituciones cient\u00edficas y gubernamentales.<\/p>\n\n\n\n<p>Las regiones afectadas por la alerta incluyen siete cantones donde se ha registrado ca\u00edda de ceniza y otras manifestaciones relacionadas con el volc\u00e1n. Las autoridades instan a las comunidades a seguir los protocolos de seguridad y estar atentas a la evoluci\u00f3n de la situaci\u00f3n.<\/p>\n\n\n\n<h2 class=\"wp-block-heading\"><strong>Recomendaciones para la poblaci\u00f3n<\/strong><\/h2>\n\n\n\n<p>La CNE ha compartido una serie de recomendaciones para minimizar riesgos. Entre las m\u00e1s destacadas se encuentran:<\/p>\n\n\n\n<ul class=\"wp-block-list\">\n<li>Mantenerse informado a trav\u00e9s de fuentes oficiales, evitando la propagaci\u00f3n de rumores.<\/li>\n\n\n\n<li>Utilizar mascarillas para proteger las v\u00edas respiratorias en caso de presencia de ceniza en el aire.<\/li>\n\n\n\n<li>Cubrir fuentes de agua y recipientes para evitar su contaminaci\u00f3n.<\/li>\n\n\n\n<li>Evitar actividades al aire libre en \u00e1reas donde haya part\u00edculas suspendidas.<\/li>\n<\/ul>\n\n\n\n<p>Estas medidas no solo buscan proteger a los residentes cercanos, sino tambi\u00e9n a los turistas que visitan la zona.<\/p>\n\n\n\n<h2 class=\"wp-block-heading\"><strong>Impacto en el Parque Nacional Volc\u00e1n Po\u00e1s<\/strong><\/h2>\n\n\n\n<p>Debido al incremento en la actividad volc\u00e1nica, las autoridades han decidido cerrar temporalmente el Parque Nacional Volc\u00e1n Po\u00e1s. Esta decisi\u00f3n busca garantizar la seguridad de los visitantes y del personal del parque mientras se eval\u00faa la evoluci\u00f3n del volc\u00e1n.<\/p>\n\n\n\n<p>El cierre del parque tiene implicaciones para el turismo y la econom\u00eda local, especialmente para los negocios que dependen de los visitantes. Sin embargo, las autoridades han priorizado la seguridad y prometen informar oportunamente sobre su reapertura.<\/p>\n\n\n\n<h2 class=\"wp-block-heading\"><strong>Acciones futuras y monitoreo<\/strong><\/h2>\n\n\n\n<p>La actividad del Po\u00e1s contin\u00faa bajo un seguimiento constante por parte de expertos del Observatorio Vulcanol\u00f3gico y Sismol\u00f3gico de Costa Rica (OVSICORI) y la CNE. Los equipos cient\u00edficos est\u00e1n recopilando datos sobre la actividad s\u00edsmica, las emisiones de gases y las caracter\u00edsticas de las erupciones.<\/p>\n\n\n\n<p>La Comisi\u00f3n Nacional de Emergencias ha indicado que est\u00e1n preparados para reaccionar ante cualquier cambio en la actividad del volc\u00e1n, y que se comunicar\u00e1n nuevas medidas si es necesario. Aunque la alerta verde no implica un peligro inmediato, estar preparados y conscientes de los riesgos es fundamental.<\/p>\n\n\n\n<h2 class=\"wp-block-heading\"><strong>Conclusi\u00f3n<\/strong><\/h2>\n\n\n\n<p>El volc\u00e1n Po\u00e1s es un recordatorio del poder y la belleza de la naturaleza costarricense. Frente a su actividad reciente, la respuesta coordinada de la CNE y las recomendaciones para la poblaci\u00f3n destacan la importancia de la prevenci\u00f3n y la seguridad. En momentos como estos, es esencial que los ciudadanos adopten una actitud responsable y sigan las instrucciones de las autoridades para protegerse y proteger a sus familias.<\/p>\n\n\n\n<p>En <em>People of Costa Rica<\/em>, celebramos nuestra conexi\u00f3n con la naturaleza y recordamos que, incluso en momentos de incertidumbre, la colaboraci\u00f3n y el cuidado mutuo son la clave para superar cualquier desaf\u00edo.<\/p>\n","protected":false},"excerpt":{"rendered":"<p>En Costa Rica, la majestuosidad de los volcanes siempre ha sido motivo de admiraci\u00f3n y respeto. El volc\u00e1n Po\u00e1s, uno de los m\u00e1s emblem\u00e1ticos del pa\u00eds, ha captado la atenci\u00f3n recientemente debido a un incremento en su actividad volc\u00e1nica. Ante esta situaci\u00f3n, la Comisi\u00f3n Nacional de Emergencias (CNE) ha emitido una alerta verde para las [&hellip;]<\/p>\n","protected":false},"author":14,"featured_media":2446,"comment_status":"open","ping_status":"open","sticky":false,"template":"","format":"standard","meta":{"footnotes":""},"categories":[1,91,87,9],"tags":[],"class_list":["post-2442","post","type-post","status-publish","format-standard","has-post-thumbnail","hentry","category-sin-categorizar","category-clima-y-ambiente","category-noticias","category-places"],"_links":{"self":[{"href":"https:\/\/peopleofcostarica.com\/es\/wp-json\/wp\/v2\/posts\/2442","targetHints":{"allow":["GET"]}}],"collection":[{"href":"https:\/\/peopleofcostarica.com\/es\/wp-json\/wp\/v2\/posts"}],"about":[{"href":"https:\/\/peopleofcostarica.com\/es\/wp-json\/wp\/v2\/types\/post"}],"author":[{"embeddable":true,"href":"https:\/\/peopleofcostarica.com\/es\/wp-json\/wp\/v2\/users\/14"}],"replies":[{"embeddable":true,"href":"https:\/\/peopleofcostarica.com\/es\/wp-json\/wp\/v2\/comments?post=2442"}],"version-history":[{"count":1,"href":"https:\/\/peopleofcostarica.com\/es\/wp-json\/wp\/v2\/posts\/2442\/revisions"}],"predecessor-version":[{"id":2443,"href":"https:\/\/peopleofcostarica.com\/es\/wp-json\/wp\/v2\/posts\/2442\/revisions\/2443"}],"wp:featuredmedia":[{"embeddable":true,"href":"https:\/\/peopleofcostarica.com\/es\/wp-json\/wp\/v2\/media\/2446"}],"wp:attachment":[{"href":"https:\/\/peopleofcostarica.com\/es\/wp-json\/wp\/v2\/media?parent=2442"}],"wp:term":[{"taxonomy":"category","embeddable":true,"href":"https:\/\/peopleofcostarica.com\/es\/wp-json\/wp\/v2\/categories?post=2442"},{"taxonomy":"post_tag","embeddable":true,"href":"https:\/\/peopleofcostarica.com\/es\/wp-json\/wp\/v2\/tags?post=2442"}],"curies":[{"name":"wp","href":"https:\/\/api.w.org\/{rel}","templated":true}]}}