{"id":2422,"date":"2025-03-22T09:00:00","date_gmt":"2025-03-22T09:00:00","guid":{"rendered":"https:\/\/peopleofcostarica.com\/?p=2422"},"modified":"2025-03-21T16:23:44","modified_gmt":"2025-03-21T16:23:44","slug":"gusticos-que-duran-500-anos-es-la-nueva-exposicion-de-la-galeria-jose-luis-lopez-escarre","status":"publish","type":"post","link":"https:\/\/peopleofcostarica.com\/es\/gusticos-que-duran-500-anos-es-la-nueva-exposicion-de-la-galeria-jose-luis-lopez-escarre\/","title":{"rendered":"\u201cGusticos que duran 500 a\u00f1os\u201d es la nueva exposici\u00f3n de la Galer\u00eda Jos\u00e9 Luis L\u00f3pez Escarr\u00e9"},"content":{"rendered":"\n<p><strong>La Galer\u00eda Jos\u00e9 Luis L\u00f3pez Escarr\u00e9, del Teatro Nacional de Costa Rica, abri\u00f3 la exposici\u00f3n \u201cGusticos que duran 500 a\u00f1os\u201d, de Milena Somogyi.<\/strong><\/p>\n\n\n\n<ul class=\"wp-block-list\">\n<li>Exposici\u00f3n de la artista Milena Somogyi conjuga dise\u00f1o gr\u00e1fico, fotograf\u00eda y s\u00e1tira<\/li>\n\n\n\n<li>Visite la muestra en la Galer\u00eda <em>Jos\u00e9 Luis L\u00f3pez Escarr\u00e9<\/em>, ubicada en el caf\u00e9 del Teatro Nacional de Costa Rica<\/li>\n<\/ul>\n\n\n\n<p>San Jos\u00e9, 20 de marzo de 2025. La Galer\u00eda <em>Jos\u00e9 Luis L\u00f3pez Escarr\u00e9<\/em>, del Teatro Nacional de Costa Rica, abri\u00f3 la exposici\u00f3n \u201cGusticos que duran 500 a\u00f1os\u201d, de Milena Somogyi.<\/p>\n\n\n\n<p>Esta exposici\u00f3n, que estar\u00e1 disponible hasta el 19 de mayo de 2025, conjuga dise\u00f1o gr\u00e1fico, fotograf\u00eda y s\u00e1tira. \u201cLos carteles evidencian la contradicci\u00f3n entre lo que aspiramos ser y lo que realmente somos; la paradoja de una sociedad de consumo que, a pesar de saberse insostenible, persiste en sus mismas pr\u00e1cticas. \u2018Gusticos que duran 500 a\u00f1os\u2019, es, por tanto, una invitaci\u00f3n a cuestionarnos si el camino que transitamos se alinea con el mundo que deseamos\u201d, coment\u00f3 Milena Somogyi, la artista de la exposici\u00f3n<\/p>\n\n\n\n<p>\u201cEstas obras nacieron a ra\u00edz del proyecto final del T\u00e9cnico de Fotograf\u00eda Digital del Tecnol\u00f3gico de Costa Rica, en 2021. Est\u00e1bamos en contexto de pandemia y en ese entonces yo ped\u00eda mucha comida a domicilio, lo que me hizo acumular mucho pl\u00e1stico y pensar en mis h\u00e1bitos de consumo y en c\u00f3mo el pl\u00e1stico estaba presente en todo lado\u201d, agreg\u00f3 Somogyi.<\/p>\n\n\n\n<h3 class=\"wp-block-heading\">Sobre la artista. <\/h3>\n\n\n\n<p>Nacida en 1989, en San Jos\u00e9, Costa Rica, Somogyi es dise\u00f1adora gr\u00e1fica egresada de la Universidad de Costa Rica y fot\u00f3grafa formada en el Tecnol\u00f3gico de Costa Rica (TEC).\u00a0<\/p>\n\n\n\n<p>Su trayectoria abarca desde proyectos editoriales, con Casa Garabato y la Revista Uchinch\u00e9, hasta proyectos audiovisuales como \u201cVolviendo a la tierra que nos vio nacer\u201d, (2023) sobre la lucha por la recuperaci\u00f3n de tierras de la comunidad ind\u00edgena de China Kich\u00e1; destaca adem\u00e1s su trabajo como dise\u00f1adora, ilustradora, fot\u00f3grafa y vide\u00f3grafa en la Organizaci\u00f3n Internacional para las Migraciones (OIM). <\/p>\n\n\n\n<p>Es una apasionada cin\u00e9fila y tambi\u00e9n historietista; coautora de \u201cUn Paseo\u201d, seleccionada entre las 10 mejores historietas del Concurso Centroamericano de Historieta de la Alianza Francesa en 2024.<\/p>\n","protected":false},"excerpt":{"rendered":"<p>La Galer\u00eda Jos\u00e9 Luis L\u00f3pez Escarr\u00e9, del Teatro Nacional de Costa Rica, abri\u00f3 la exposici\u00f3n \u201cGusticos que duran 500 a\u00f1os\u201d, de Milena Somogyi. San Jos\u00e9, 20 de marzo de 2025. La Galer\u00eda Jos\u00e9 Luis L\u00f3pez Escarr\u00e9, del Teatro Nacional de Costa Rica, abri\u00f3 la exposici\u00f3n \u201cGusticos que duran 500 a\u00f1os\u201d, de Milena Somogyi. Esta exposici\u00f3n, [&hellip;]<\/p>\n","protected":false},"author":14,"featured_media":2426,"comment_status":"open","ping_status":"open","sticky":false,"template":"","format":"standard","meta":{"footnotes":""},"categories":[1],"tags":[],"class_list":["post-2422","post","type-post","status-publish","format-standard","has-post-thumbnail","hentry","category-sin-categorizar"],"_links":{"self":[{"href":"https:\/\/peopleofcostarica.com\/es\/wp-json\/wp\/v2\/posts\/2422","targetHints":{"allow":["GET"]}}],"collection":[{"href":"https:\/\/peopleofcostarica.com\/es\/wp-json\/wp\/v2\/posts"}],"about":[{"href":"https:\/\/peopleofcostarica.com\/es\/wp-json\/wp\/v2\/types\/post"}],"author":[{"embeddable":true,"href":"https:\/\/peopleofcostarica.com\/es\/wp-json\/wp\/v2\/users\/14"}],"replies":[{"embeddable":true,"href":"https:\/\/peopleofcostarica.com\/es\/wp-json\/wp\/v2\/comments?post=2422"}],"version-history":[{"count":2,"href":"https:\/\/peopleofcostarica.com\/es\/wp-json\/wp\/v2\/posts\/2422\/revisions"}],"predecessor-version":[{"id":2429,"href":"https:\/\/peopleofcostarica.com\/es\/wp-json\/wp\/v2\/posts\/2422\/revisions\/2429"}],"wp:featuredmedia":[{"embeddable":true,"href":"https:\/\/peopleofcostarica.com\/es\/wp-json\/wp\/v2\/media\/2426"}],"wp:attachment":[{"href":"https:\/\/peopleofcostarica.com\/es\/wp-json\/wp\/v2\/media?parent=2422"}],"wp:term":[{"taxonomy":"category","embeddable":true,"href":"https:\/\/peopleofcostarica.com\/es\/wp-json\/wp\/v2\/categories?post=2422"},{"taxonomy":"post_tag","embeddable":true,"href":"https:\/\/peopleofcostarica.com\/es\/wp-json\/wp\/v2\/tags?post=2422"}],"curies":[{"name":"wp","href":"https:\/\/api.w.org\/{rel}","templated":true}]}}