{"id":2384,"date":"2025-03-22T10:00:00","date_gmt":"2025-03-22T10:00:00","guid":{"rendered":"https:\/\/peopleofcostarica.com\/?p=2384"},"modified":"2025-03-20T20:00:03","modified_gmt":"2025-03-20T20:00:03","slug":"cuentos-de-mi-escuela-concurso-invita-a-escolares-a-escribir-sobre-la-importancia-de-cooperar-en-comunidad","status":"publish","type":"post","link":"https:\/\/peopleofcostarica.com\/es\/cuentos-de-mi-escuela-concurso-invita-a-escolares-a-escribir-sobre-la-importancia-de-cooperar-en-comunidad\/","title":{"rendered":"\u201cCuentos de mi escuela\u201d: Concurso invita a escolares a escribir sobre la importancia de cooperar en comunidad"},"content":{"rendered":"\n<p>19 de Marzo 2025 &nbsp;Virtual &nbsp;Consecutivo 082<\/p>\n\n\n\n<p><strong>Ya se encuentra abierto el periodo de participaci\u00f3n del concurso \u201cCuentos de mi escuela\u201d 2025, iniciativa que busca estimular la creatividad, la lectura y la escritura en ni\u00f1os y ni\u00f1as de 7 a 12 a\u00f1os de edad.<\/strong><\/p>\n\n\n\n<p>San Jos\u00e9, 19 de marzo de 2025. Ya se encuentra abierto el periodo de participaci\u00f3n del concurso \u201cCuentos de mi escuela\u201d 2025, iniciativa que busca estimular la creatividad, la lectura y la escritura en ni\u00f1os y ni\u00f1as de 7 a 12 a\u00f1os de edad.<\/p>\n\n\n\n<p>Para este 2025, quinta edici\u00f3n del concurso, el tema es \u201cEl valor de cooperar\u201d, con el prop\u00f3sito de celebrar, a trav\u00e9s de la escritura, el A\u00f1o Internacional de las Cooperativas.<\/p>\n\n\n\n<p>\u201cCuentos de mi escuela\u201d es un esfuerzo de la organizaci\u00f3n educativa Carretica Cuentera, con el apoyo del Ministerio de Cultura y Juventud, mediante la Biblioteca Nacional de Costa Rica, el Ministerio de Educaci\u00f3n P\u00fablica, el Patronato Nacional de la Infancia y el Centro de Estudios y Capacitaci\u00f3n Cooperativa (CENECOOP)<\/p>\n\n\n\n<p>Para este concurso, se espera que los escolares resalten en sus relatos la importancia de poner en pr\u00e1ctica los valores cooperativos desde la ni\u00f1ez.<\/p>\n\n\n\n<p>La convocatoria estar\u00e1 abierta desde este 19 de marzo y hasta las 4 p.m., del viernes 11 de abril de 2025. El anuncio de los ganadores ser\u00e1 el mi\u00e9rcoles 23 de abril de 2025, D\u00eda Internacional del Libro.<\/p>\n\n\n\n<p>El concurso premiar\u00e1 al cuento m\u00e1s creativo con la entrega de libros de Carretica Cuentera y premios sorpresa para las ganadoras o ganadores del primero, segundo y tercer lugar. Adem\u00e1s, los tres cuentos ganadores se publicar\u00e1n en las redes sociales de Carretica Cuentera.<\/p>\n\n\n\n<p>\u00bfC\u00f3mo puedo participar en el concurso?&nbsp;<\/p>\n\n\n\n<p>Los interesados pueden acceder al formulario de inscripci\u00f3n disponible en el siguiente enlace: <a href=\"https:\/\/forms.gle\/ZntSwJiC2gf6QYrR9\" target=\"_blank\" rel=\"noopener\">https:\/\/forms.gle\/ZntSwJiC2gf6QYrR9<\/a>&nbsp;<\/p>\n\n\n\n<p>El jurado evaluar\u00e1 la creatividad, ortograf\u00eda, originalidad de las ideas y la narraci\u00f3n de cada cuento presentado por los participantes. La extensi\u00f3n m\u00e1xima ser\u00e1 de una p\u00e1gina.<\/p>\n\n\n\n<p>Los ganadores ser\u00e1n anunciados el mi\u00e9rcoles 23 de abril de 2025, a trav\u00e9s de las redes sociales de Carretica Cuentera, CENECOOP y Ministerio de Cultura y Juventud.<\/p>\n\n\n\n<p>Para participar en el concurso, aquellos estudiantes que no cuenten con acceso a Internet podr\u00e1n enviar una fotograf\u00eda legible de su cuento, a trav\u00e9s de su maestra, maestro, bibliotec\u00f3logo o padre de familia, al correo electr\u00f3nico carreticacuentera@gmail.com incluyendo el nombre completo del estudiante, nombre de la escuela, secci\u00f3n y un tel\u00e9fono de contacto del padre de familia o encargado.<\/p>\n","protected":false},"excerpt":{"rendered":"<p>19 de Marzo 2025 &nbsp;Virtual &nbsp;Consecutivo 082 Ya se encuentra abierto el periodo de participaci\u00f3n del concurso \u201cCuentos de mi escuela\u201d 2025, iniciativa que busca estimular la creatividad, la lectura y la escritura en ni\u00f1os y ni\u00f1as de 7 a 12 a\u00f1os de edad. San Jos\u00e9, 19 de marzo de 2025. Ya se encuentra abierto [&hellip;]<\/p>\n","protected":false},"author":14,"featured_media":2388,"comment_status":"open","ping_status":"open","sticky":false,"template":"","format":"standard","meta":{"footnotes":""},"categories":[1],"tags":[],"class_list":["post-2384","post","type-post","status-publish","format-standard","has-post-thumbnail","hentry","category-sin-categorizar"],"_links":{"self":[{"href":"https:\/\/peopleofcostarica.com\/es\/wp-json\/wp\/v2\/posts\/2384","targetHints":{"allow":["GET"]}}],"collection":[{"href":"https:\/\/peopleofcostarica.com\/es\/wp-json\/wp\/v2\/posts"}],"about":[{"href":"https:\/\/peopleofcostarica.com\/es\/wp-json\/wp\/v2\/types\/post"}],"author":[{"embeddable":true,"href":"https:\/\/peopleofcostarica.com\/es\/wp-json\/wp\/v2\/users\/14"}],"replies":[{"embeddable":true,"href":"https:\/\/peopleofcostarica.com\/es\/wp-json\/wp\/v2\/comments?post=2384"}],"version-history":[{"count":1,"href":"https:\/\/peopleofcostarica.com\/es\/wp-json\/wp\/v2\/posts\/2384\/revisions"}],"predecessor-version":[{"id":2385,"href":"https:\/\/peopleofcostarica.com\/es\/wp-json\/wp\/v2\/posts\/2384\/revisions\/2385"}],"wp:featuredmedia":[{"embeddable":true,"href":"https:\/\/peopleofcostarica.com\/es\/wp-json\/wp\/v2\/media\/2388"}],"wp:attachment":[{"href":"https:\/\/peopleofcostarica.com\/es\/wp-json\/wp\/v2\/media?parent=2384"}],"wp:term":[{"taxonomy":"category","embeddable":true,"href":"https:\/\/peopleofcostarica.com\/es\/wp-json\/wp\/v2\/categories?post=2384"},{"taxonomy":"post_tag","embeddable":true,"href":"https:\/\/peopleofcostarica.com\/es\/wp-json\/wp\/v2\/tags?post=2384"}],"curies":[{"name":"wp","href":"https:\/\/api.w.org\/{rel}","templated":true}]}}