{"id":2159,"date":"2025-06-07T09:00:00","date_gmt":"2025-06-07T09:00:00","guid":{"rendered":"https:\/\/peopleofcostarica.com\/?p=2159"},"modified":"2025-03-17T20:37:41","modified_gmt":"2025-03-17T20:37:41","slug":"juan-rafael-mora-porras","status":"publish","type":"post","link":"https:\/\/peopleofcostarica.com\/es\/juan-rafael-mora-porras\/","title":{"rendered":"Juan Rafael Mora Porras."},"content":{"rendered":"\n<p>Juan Rafael Mora Porras se destaca como una de las figuras centrales en la historia de Costa Rica, recordado principalmente por su rol como Presidente de la Rep\u00fablica y por ser el l\u00edder durante uno de los episodios m\u00e1s significativos del pa\u00eds: la Campa\u00f1a Nacional contra los filibusteros en 1856-1857. Su presidencia se caracteriz\u00f3 por importantes reformas y el fortalecimiento del estado-naci\u00f3n, pero es su liderazgo en la defensa de la soberan\u00eda nacional frente a la invasi\u00f3n liderada por el aventurero estadounidense William Walker lo que ciment\u00f3 su legado como h\u00e9roe nacional.<\/p>\n\n\n\n<p>Bajo su mandato, Costa Rica no solo repeli\u00f3 con \u00e9xito la amenaza filibustera, sino que tambi\u00e9n fortaleci\u00f3 su sentido de identidad nacional y demostr\u00f3 su capacidad para unir fuerzas en defensa de su territorio y principios democr\u00e1ticos. La figura de Mora Porras simboliza el coraje, la determinaci\u00f3n y el patriotismo, convirti\u00e9ndose en un s\u00edmbolo perdurable del esp\u00edritu costarricense. Su liderazgo durante la Campa\u00f1a Nacional es un testimonio de su importancia en la consolidaci\u00f3n de la independencia y soberan\u00eda de Costa Rica, y su legado perdura como fuente de inspiraci\u00f3n y orgullo para el pueblo costarricense.<\/p>\n\n\n\n<figure class=\"wp-block-image size-full is-resized\"><img fetchpriority=\"high\" decoding=\"async\" width=\"340\" height=\"330\" src=\"https:\/\/peopleofcostarica.com\/wp-content\/uploads\/2025\/03\/mora_porras.jpg\" alt=\"\" class=\"wp-image-2163\" style=\"width:270px;height:auto\" srcset=\"https:\/\/peopleofcostarica.com\/wp-content\/uploads\/2025\/03\/mora_porras.jpg 340w, https:\/\/peopleofcostarica.com\/wp-content\/uploads\/2025\/03\/mora_porras-300x291.jpg 300w\" sizes=\"(max-width: 340px) 100vw, 340px\" \/><\/figure>\n\n\n\n<h2 class=\"wp-block-heading\"><strong>1. Contexto Previo al Mandato de Mora Porras<\/strong><\/h2>\n\n\n\n<p>Antes del mandato de Juan Rafael Mora Porras, Costa Rica en el siglo XIX se caracterizaba por una serie de transformaciones pol\u00edticas y sociales que sentar\u00edan las bases para su liderazgo posterior. El pa\u00eds, tras obtener su independencia de Espa\u00f1a en 1821, se encontraba en un proceso de consolidaci\u00f3n de sus instituciones pol\u00edticas y de definici\u00f3n de su identidad nacional. Durante este periodo, Costa Rica experiment\u00f3 diversas formas de gobierno, incluyendo la pertenencia al Primer Imperio Mexicano y luego a la Rep\u00fablica Federal de Centro Am\u00e9rica, antes de afirmarse como una rep\u00fablica soberana.<\/p>\n\n\n\n<p>El escenario pol\u00edtico costarricense de la \u00e9poca estaba marcado por una relativa estabilidad en comparaci\u00f3n con otros pa\u00edses centroamericanos, aunque no exento de conflictos internos y externos. La econom\u00eda del pa\u00eds, basada principalmente en la agricultura, empezaba a diversificarse con el auge del caf\u00e9 como principal producto de exportaci\u00f3n, lo que contribuy\u00f3 al desarrollo econ\u00f3mico y social. Este crecimiento econ\u00f3mico permiti\u00f3 financiar mejoras en infraestructura, educaci\u00f3n y otros servicios esenciales, aunque las desigualdades sociales y la distribuci\u00f3n de la tierra segu\u00edan siendo temas pendientes.<\/p>\n\n\n\n<p>Las condiciones sociales, por su parte, reflejaban una sociedad en transici\u00f3n, con una creciente clase media urbana y una poblaci\u00f3n rural a\u00fan enfrentada a retos significativos. Los debates sobre la educaci\u00f3n, el desarrollo econ\u00f3mico, la autonom\u00eda pol\u00edtica y la soberan\u00eda nacional eran temas recurrentes en el discurso p\u00fablico.<\/p>\n\n\n\n<p>En este contexto, la figura de Juan Rafael Mora Porras emergi\u00f3 como un l\u00edder capaz de navegar las complejidades de la \u00e9poca, impulsando reformas que buscar\u00edan modernizar el pa\u00eds y defender su independencia. Su presidencia llegar\u00eda en un momento crucial, donde la necesidad de un liderazgo fuerte y visionario se hac\u00eda cada vez m\u00e1s evidente frente a las amenazas internas y externas que enfrentar\u00eda Costa Rica.<\/p>\n\n\n\n<h2 class=\"wp-block-heading\"><strong>2. Ascenso al Poder<\/strong><\/h2>\n\n\n\n<h4 class=\"wp-block-heading\">Caminos hacia la Presidencia<\/h4>\n\n\n\n<p>Juan Rafael Mora Porras, antes de convertirse en una figura emblem\u00e1tica en la historia de Costa Rica por su papel en la Campa\u00f1a Nacional contra los filibusteros, tuvo una trayectoria pol\u00edtica y personal que lo llev\u00f3 a ocupar la presidencia del pa\u00eds.<\/p>\n\n\n\n<p>Nacido en una familia con influencia y recursos, Mora Porras se vincul\u00f3 desde joven al \u00e1mbito pol\u00edtico y empresarial de Costa Rica. Su familia estaba bien establecida en el \u00e1mbito del comercio y la pol\u00edtica, lo que le proporcion\u00f3 una plataforma s\u00f3lida para su carrera. Antes de asumir la presidencia, Mora Porras se desempe\u00f1\u00f3 en varios cargos p\u00fablicos y tuvo un papel activo en la pol\u00edtica costarricense, lo que le permiti\u00f3 construir una red de apoyos significativa.<\/p>\n\n\n\n<p>La elecci\u00f3n de Juan Rafael Mora Porras como presidente de Costa Rica en 1849 no fue un acontecimiento aislado, sino el resultado de su creciente influencia en los c\u00edrculos pol\u00edticos y sociales del pa\u00eds. Su liderazgo y visi\u00f3n para el futuro de Costa Rica resonaron en un momento crucial de su historia, cuando el pa\u00eds buscaba fortalecer su independencia y soberan\u00eda.<\/p>\n\n\n\n<p>Las circunstancias de su elecci\u00f3n deben entenderse en el contexto del din\u00e1mico panorama pol\u00edtico de la \u00e9poca, donde las facciones liberales y conservadoras luchaban por influir en el rumbo del pa\u00eds. Mora Porras, con una visi\u00f3n progresista y enfocado en el desarrollo econ\u00f3mico y la modernizaci\u00f3n del estado, logr\u00f3 consolidar un amplio apoyo que lo llev\u00f3 a la presidencia.<\/p>\n\n\n\n<p>Como presidente, Juan Rafael Mora Porras implementar\u00eda una serie de reformas importantes que transformar\u00edan Costa Rica, incluyendo esfuerzos para mejorar la educaci\u00f3n, la infraestructura y la econom\u00eda. Sin embargo, ser\u00eda su liderazgo durante la Campa\u00f1a Nacional contra los filibusteros lo que definir\u00eda su legado, destac\u00e1ndolo como un h\u00e9roe nacional en la defensa de la soberan\u00eda costarricense.<\/p>\n\n\n\n<p>Para una comprensi\u00f3n detallada de su ascenso al poder y las circunstancias de su elecci\u00f3n, es recomendable consultar fuentes hist\u00f3ricas y biograf\u00edas especializadas que proporcionen un an\u00e1lisis en profundidad de este per\u00edodo de la historia costarricense.<\/p>\n\n\n\n<figure class=\"wp-block-image size-full\"><img decoding=\"async\" width=\"220\" height=\"319\" src=\"https:\/\/peopleofcostarica.com\/wp-content\/uploads\/2025\/03\/220px-Juan_Rafael_Mora_Porras_1859.jpg\" alt=\"\" class=\"wp-image-2166\" srcset=\"https:\/\/peopleofcostarica.com\/wp-content\/uploads\/2025\/03\/220px-Juan_Rafael_Mora_Porras_1859.jpg 220w, https:\/\/peopleofcostarica.com\/wp-content\/uploads\/2025\/03\/220px-Juan_Rafael_Mora_Porras_1859-207x300.jpg 207w\" sizes=\"(max-width: 220px) 100vw, 220px\" \/><\/figure>\n\n\n\n<h2 class=\"wp-block-heading\"><strong>3. Pol\u00edticas Internas Durante su Presidencia<\/strong><\/h2>\n\n\n\n<p>Durante su presidencia, Juan Rafael Mora Porras implement\u00f3 una serie de reformas econ\u00f3micas y sociales significativas destinadas a modernizar la econom\u00eda de Costa Rica y mejorar las condiciones sociales de su poblaci\u00f3n. Estas medidas se centraron en diversos sectores clave, incluyendo la infraestructura, la educaci\u00f3n y la econom\u00eda, contribuyendo al desarrollo y la modernizaci\u00f3n del pa\u00eds.<\/p>\n\n\n\n<h3 class=\"wp-block-heading\"><strong>Reformas Econ\u00f3micas y Sociales<\/strong><\/h3>\n\n\n\n<p>Mora Porras reconoci\u00f3 la importancia del caf\u00e9 como motor econ\u00f3mico y tom\u00f3 medidas para impulsar su producci\u00f3n y exportaci\u00f3n. Esto incluy\u00f3 la mejora de las t\u00e9cnicas de cultivo y la expansi\u00f3n de las tierras dedicadas a la caficultura. Adem\u00e1s, se enfoc\u00f3 en el desarrollo de infraestructura cr\u00edtica para facilitar el comercio, como la construcci\u00f3n de caminos y mejoras en el puerto de Puntarenas, esencial para la exportaci\u00f3n de caf\u00e9.<\/p>\n\n\n\n<p>Las reformas sociales bajo Mora Porras tambi\u00e9n fueron significativas. Se esforz\u00f3 por mejorar la educaci\u00f3n, promoviendo la construcci\u00f3n de escuelas y mejorando el acceso a la educaci\u00f3n para todos los costarricenses. Estas medidas no solo buscaban elevar el nivel educativo de la poblaci\u00f3n sino tambi\u00e9n fomentar una sociedad m\u00e1s igualitaria.<\/p>\n\n\n\n<h3 class=\"wp-block-heading\"><strong>Desarrollo y Modernizaci\u00f3n<\/strong><\/h3>\n\n\n\n<p>En t\u00e9rminos de infraestructura y educaci\u00f3n, la administraci\u00f3n de Mora Porras marc\u00f3 un antes y un despu\u00e9s en Costa Rica. La inversi\u00f3n en caminos y medios de comunicaci\u00f3n facilit\u00f3 una mayor integraci\u00f3n nacional y un incremento en las actividades comerciales internas y con el exterior.<\/p>\n\n\n\n<p>En el \u00e1mbito educativo, las reformas implementadas durante su presidencia ayudaron a sentar las bases para un sistema educativo m\u00e1s robusto y accesible. La creaci\u00f3n de nuevas escuelas y la promoci\u00f3n de la educaci\u00f3n p\u00fablica fueron pasos fundamentales hacia la construcci\u00f3n de una sociedad m\u00e1s informada y participativa.<\/p>\n\n\n\n<p>Para obtener informaci\u00f3n detallada y referencias espec\u00edficas sobre las reformas econ\u00f3micas, sociales, y los avances en infraestructura y educaci\u00f3n durante la presidencia de Juan Rafael Mora Porras, es esencial consultar fuentes hist\u00f3ricas especializadas y documentos de archivo. Estas fuentes pueden ofrecer un an\u00e1lisis profundo y detallado de las pol\u00edticas implementadas por Mora Porras y su impacto en el desarrollo de Costa Rica.<\/p>\n\n\n\n<h2 class=\"wp-block-heading\"><strong>4. La Amenaza Filibustera y la Defensa de la Soberan\u00eda.<\/strong><\/h2>\n\n\n\n<p>La amenaza filibustera y la defensa de la soberan\u00eda de Costa Rica bajo el liderazgo de Juan Rafael Mora Porras son episodios clave en la historia del pa\u00eds, marcados por el coraje y la determinaci\u00f3n del pueblo costarricense frente a las ambiciones expansionistas de William Walker y sus seguidores.<\/p>\n\n\n\n<h3 class=\"wp-block-heading\"><strong>Contexto Internacional y la Amenaza Filibustera<\/strong><\/h3>\n\n\n\n<p>A mediados del siglo XIX, la regi\u00f3n centroamericana se encontraba en una situaci\u00f3n de inestabilidad pol\u00edtica y social. En este contexto, el aventurero estadounidense William Walker, con el apoyo de intereses expansionistas de Estados Unidos, inici\u00f3 una campa\u00f1a para tomar control de varios pa\u00edses centroamericanos, incluyendo Nicaragua, con el objetivo de establecer gobiernos esclavistas que expandieran los intereses del sur esclavista de Estados Unidos. La invasi\u00f3n de Walker a Nicaragua y su autoproclamaci\u00f3n como presidente de este pa\u00eds en 1856 representaron una clara amenaza para la estabilidad y soberan\u00eda de toda la regi\u00f3n centroamericana, incluida Costa Rica.<\/p>\n\n\n\n<h3 class=\"wp-block-heading\"><strong>La Campa\u00f1a Nacional<\/strong><\/h3>\n\n\n\n<p>Ante la amenaza filibustera, Juan Rafael Mora Porras convoc\u00f3 al pueblo costarricense a defender la soberan\u00eda del pa\u00eds. La respuesta fue una movilizaci\u00f3n nacional sin precedentes, en la que hombres y mujeres de todas partes de Costa Rica se unieron bajo el liderazgo de Mora Porras para enfrentar a los invasores. La Campa\u00f1a Nacional de 1856-1857 fue un momento decisivo en la historia de Costa Rica, caracterizado por batallas importantes como la Batalla de Santa Rosa y la heroica Batalla de Rivas. En esta \u00faltima, Juan Santamar\u00eda, un joven tambor del ej\u00e9rcito costarricense, se convirti\u00f3 en h\u00e9roe nacional por su acto de valent\u00eda que contribuy\u00f3 significativamente a la victoria costarricense.<\/p>\n\n\n\n<p>El rol de Mora Porras fue fundamental no solo en la organizaci\u00f3n y estrategia militar de la campa\u00f1a, sino tambi\u00e9n en unificar al pueblo costarricense en torno a la defensa de su pa\u00eds. Su liderazgo inspir\u00f3 a la poblaci\u00f3n a defender con valor su naci\u00f3n, demostrando la fuerza y el compromiso de los costarricenses con su soberan\u00eda e independencia.<\/p>\n\n\n\n<p>La Campa\u00f1a Nacional no solo culmin\u00f3 con la expulsi\u00f3n de los filibusteros de Centroam\u00e9rica, sino que tambi\u00e9n fortaleci\u00f3 el sentimiento de identidad nacional en Costa Rica. La victoria sobre los invasores se convirti\u00f3 en un s\u00edmbolo de la capacidad del pa\u00eds para proteger su soberan\u00eda y su libertad, consolidando a Juan Rafael Mora Porras como uno de los h\u00e9roes nacionales m\u00e1s venerados de Costa Rica.<\/p>\n\n\n\n<p>Para m\u00e1s detalles sobre este periodo crucial en la historia centroamericana, se recomienda consultar obras hist\u00f3ricas y archivos nacionales que proporcionen un an\u00e1lisis en profundidad de la Campa\u00f1a Nacional y el liderazgo de Juan Rafael Mora Porras en este contexto hist\u00f3rico.<\/p>\n\n\n\n<figure class=\"wp-block-image size-full\"><img decoding=\"async\" width=\"900\" height=\"638\" src=\"https:\/\/peopleofcostarica.com\/wp-content\/uploads\/2025\/03\/33.Regreso-de-los-Costarricenses-a-su-capital.jpg\" alt=\"\" class=\"wp-image-2169\" srcset=\"https:\/\/peopleofcostarica.com\/wp-content\/uploads\/2025\/03\/33.Regreso-de-los-Costarricenses-a-su-capital.jpg 900w, https:\/\/peopleofcostarica.com\/wp-content\/uploads\/2025\/03\/33.Regreso-de-los-Costarricenses-a-su-capital-300x213.jpg 300w, https:\/\/peopleofcostarica.com\/wp-content\/uploads\/2025\/03\/33.Regreso-de-los-Costarricenses-a-su-capital-768x544.jpg 768w\" sizes=\"(max-width: 900px) 100vw, 900px\" \/><\/figure>\n\n\n\n<h2 class=\"wp-block-heading\"><strong>5. Desaf\u00edos y Controversias<\/strong><\/h2>\n\n\n\n<h3 class=\"wp-block-heading\">Oposici\u00f3n y Conflictos Internos<\/h3>\n\n\n\n<p>La presidencia de Juan Rafael Mora Porras, a pesar de sus \u00e9xitos en la defensa de la soberan\u00eda de Costa Rica y sus intentos de modernizaci\u00f3n, no estuvo exenta de desaf\u00edos internos, oposici\u00f3n y controversias. Durante su administraci\u00f3n, enfrent\u00f3 tensiones pol\u00edticas significativas, incluyendo disputas con miembros de la \u00e9lite pol\u00edtica y econ\u00f3mica del pa\u00eds. Algunas de estas tensiones estaban relacionadas con sus pol\u00edticas de modernizaci\u00f3n y los esfuerzos para centralizar el poder, que provocaron resistencia entre aquellos que ve\u00edan amenazadas sus posiciones tradicionales de influencia.<\/p>\n\n\n\n<h3 class=\"wp-block-heading\">Ca\u00edda del Poder y Exilio<\/h3>\n\n\n\n<p>La acumulaci\u00f3n de conflictos internos y descontento pol\u00edtico eventualmente llev\u00f3 a la ca\u00edda de Mora Porras del poder. En 1859, fue depuesto mediante un golpe de Estado liderado por rivales pol\u00edticos, marcando el inicio de un periodo turbulento en la historia costarricense. Tras su derrocamiento, Mora Porras se exili\u00f3, buscando apoyo en pa\u00edses vecinos para recuperar el poder. Sin embargo, estos esfuerzos resultaron infructuosos, y en 1860, durante un intento de regresar a Costa Rica y restablecer su gobierno, fue capturado y ejecutado.<\/p>\n\n\n\n<p>Los a\u00f1os finales de la vida de Juan Rafael Mora Porras estuvieron marcados por la lucha y el exilio, reflejando la volatilidad de la pol\u00edtica costarricense de la \u00e9poca. Su muerte no solo fue un golpe para sus seguidores sino que tambi\u00e9n marc\u00f3 el fin de una era en la pol\u00edtica costarricense.<\/p>\n\n\n\n<p>La ca\u00edda de Mora Porras y su posterior ejecuci\u00f3n son temas que han sido objeto de an\u00e1lisis y debate entre historiadores. Estos eventos resaltan la naturaleza conflictiva de la pol\u00edtica en el siglo XIX en Am\u00e9rica Latina y sirven como recordatorio de las luchas por el poder y la soberan\u00eda que definieron la regi\u00f3n en ese periodo.<\/p>\n\n\n\n<p>Para obtener una comprensi\u00f3n detallada de los desaf\u00edos, conflictos y controversias que enfrent\u00f3 Juan Rafael Mora Porras durante su presidencia, as\u00ed como las circunstancias que rodearon su ca\u00edda y a\u00f1os finales, es esencial referirse a fuentes hist\u00f3ricas detalladas y an\u00e1lisis acad\u00e9micos que aborden este complejo periodo en la historia de Costa Rica.<\/p>\n\n\n\n<h2 class=\"wp-block-heading\"><strong>6. Legado Hist\u00f3rico y Reevaluaci\u00f3n<\/strong><\/h2>\n\n\n\n<h4 class=\"wp-block-heading\">Reconocimientos Post Mortem<\/h4>\n\n\n\n<p>A pesar de su tr\u00e1gico final, el legado de Juan Rafael Mora Porras ha sido objeto de numerosos honores y reconocimientos despu\u00e9s de su muerte, reflejando su importancia y contribuci\u00f3n duradera a Costa Rica. A lo largo de los a\u00f1os, su figura ha sido reivindicada como la de un h\u00e9roe nacional, con monumentos erigidos en su honor y su nombre dado a escuelas, avenidas y plazas p\u00fablicas. El d\u00eda de la victoria en la Batalla de Rivas, donde Juan Santamar\u00eda, un soldado bajo su mando, se convirti\u00f3 en h\u00e9roe nacional, es celebrado anualmente como un d\u00eda feriado, subrayando el impacto de la Campa\u00f1a Nacional contra los filibusteros en la identidad nacional costarricense.<\/p>\n\n\n\n<h4 class=\"wp-block-heading\">Impacto a Largo Plazo y Reevaluaci\u00f3n Hist\u00f3rica<\/h4>\n\n\n\n<p>La figura de Mora Porras ha sido evaluada y reevaluada por historiadores y la sociedad costarricense a lo largo del tiempo, con una perspectiva que ha evolucionado significativamente desde su ca\u00edda y ejecuci\u00f3n hasta la actualidad. Inicialmente, su derrocamiento y las circunstancias de su muerte pudieron haber ensombrecido su legado. Sin embargo, con el paso de los a\u00f1os, la historiograf\u00eda y la opini\u00f3n p\u00fablica han tendido a valorar de manera creciente su liderazgo durante la Campa\u00f1a Nacional y su visi\u00f3n de un pa\u00eds moderno y soberano.<\/p>\n\n\n\n<p>Los historiadores contempor\u00e1neos han reconocido a Mora Porras no solo por su papel crucial en la defensa de la soberan\u00eda de Costa Rica sino tambi\u00e9n por sus esfuerzos para modernizar el pa\u00eds y promover el desarrollo econ\u00f3mico y social. Su administraci\u00f3n es vista como un periodo de transformaci\u00f3n importante que sent\u00f3 las bases para el desarrollo futuro del pa\u00eds.<\/p>\n\n\n\n<p>Adem\u00e1s, la reevaluaci\u00f3n de su figura ha llevado a un reconocimiento m\u00e1s amplio de sus aportes en diversos \u00e1mbitos de la sociedad costarricense, vi\u00e9ndose como un estadista adelantado a su tiempo. Su dedicaci\u00f3n al bienestar y progreso de Costa Rica, aun enfrentando desaf\u00edos internos y externos significativos, ha consolidado su estatus como uno de los l\u00edderes m\u00e1s destacados y respetados en la historia del pa\u00eds.<\/p>\n\n\n\n<p>En resumen, Juan Rafael Mora Porras es recordado y honrado como un h\u00e9roe nacional, cuyo legado sigue influyendo en la identidad y el orgullo de Costa Rica. La evoluci\u00f3n de su imagen a lo largo del tiempo refleja la complejidad de la historia y la importancia de revisitar y comprender las contribuciones de figuras hist\u00f3ricas desde una perspectiva contempor\u00e1nea.<\/p>\n\n\n\n<p>Para una exploraci\u00f3n en profundidad del legado de Mora Porras y c\u00f3mo ha sido evaluado a lo largo del tiempo, se recomienda consultar trabajos acad\u00e9micos y publicaciones de historiadores reconocidos, as\u00ed como los recursos disponibles en archivos nacionales y bibliotecas especializadas en la historia de Costa Rica.<\/p>\n\n\n\n<figure class=\"wp-block-image size-full is-resized\"><img loading=\"lazy\" decoding=\"async\" width=\"473\" height=\"603\" src=\"https:\/\/peopleofcostarica.com\/wp-content\/uploads\/2025\/03\/ea048c28503bc1b679c5f05fea7509a5.jpg\" alt=\"\" class=\"wp-image-2172\" style=\"width:295px;height:auto\" srcset=\"https:\/\/peopleofcostarica.com\/wp-content\/uploads\/2025\/03\/ea048c28503bc1b679c5f05fea7509a5.jpg 473w, https:\/\/peopleofcostarica.com\/wp-content\/uploads\/2025\/03\/ea048c28503bc1b679c5f05fea7509a5-235x300.jpg 235w\" sizes=\"(max-width: 473px) 100vw, 473px\" \/><\/figure>\n\n\n\n<h2 class=\"wp-block-heading\"><strong>7. Mora Porras en la Cultura Costarricense<\/strong><\/h2>\n\n\n\n<h4 class=\"wp-block-heading\">Representaciones y Simbolismo<\/h4>\n\n\n\n<p>Juan Rafael Mora Porras ha sido representado en la literatura, el arte y los medios de comunicaci\u00f3n en Costa Rica de m\u00faltiples maneras, cada una destacando diferentes aspectos de su personalidad, liderazgo y legado. En la literatura, su figura ha sido objeto de estudio y referencia en obras hist\u00f3ricas, ensayos y narrativas que buscan explorar y comprender la profundidad de su impacto en la historia del pa\u00eds. En el arte, Mora Porras ha sido homenajeado a trav\u00e9s de esculturas, murales y otras expresiones art\u00edsticas que buscan capturar su esencia y su contribuci\u00f3n a la naci\u00f3n. Los medios de comunicaci\u00f3n, por su parte, han contribuido a mantener viva su memoria a trav\u00e9s de documentales, reportajes y programas educativos que resaltan su figura hist\u00f3rica.<\/p>\n\n\n\n<h4 class=\"wp-block-heading\">Influencia en la Identidad Nacional<\/h4>\n\n\n\n<p>El impacto de Juan Rafael Mora Porras en la construcci\u00f3n de la identidad nacional y la memoria colectiva de Costa Rica es indiscutible. Su liderazgo durante la Campa\u00f1a Nacional contra los filibusteros en 1856-1857 es considerado un momento definitorio en la historia del pa\u00eds, un episodio que no solo consolid\u00f3 la soberan\u00eda nacional sino que tambi\u00e9n foment\u00f3 un sentido de unidad y orgullo nacional. La figura de Mora Porras, como el presidente que lider\u00f3 a Costa Rica a trav\u00e9s de uno de sus mayores desaf\u00edos, se ha convertido en un s\u00edmbolo del coraje, la determinaci\u00f3n y el patriotismo costarricense.<\/p>\n\n\n\n<p>La celebraci\u00f3n anual del D\u00eda de Juan Santamar\u00eda, en honor al h\u00e9roe nacional que luch\u00f3 bajo el mando de Mora Porras, es un recordatorio de la importancia de esta \u00e9poca en la historia costarricense y del papel de Mora Porras en ella. Estas conmemoraciones, junto con la inclusi\u00f3n de su historia en los programas educativos, aseguran que las futuras generaciones comprendan y valoren su contribuci\u00f3n al pa\u00eds.<\/p>\n\n\n\n<p>A trav\u00e9s de estas representaciones y la continua influencia en la identidad nacional, la figura de Juan Rafael Mora Porras permanece como un pilar en la memoria colectiva de Costa Rica, simbolizando los valores de libertad, valent\u00eda y unidad que caracterizan al pa\u00eds.<\/p>\n\n\n\n<p>La manera en que Juan Rafael Mora Porras ha sido inmortalizado en la cultura y la identidad nacional costarricense subraya el profundo respeto y admiraci\u00f3n que el pueblo costarricense tiene por su ex presidente y h\u00e9roe nacional. Su legado sigue inspirando a Costa Rica, reafirmando los ideales de soberan\u00eda y coraje frente a los desaf\u00edos.<\/p>\n","protected":false},"excerpt":{"rendered":"<p>Juan Rafael Mora Porras se destaca como una de las figuras centrales en la historia de Costa Rica, recordado principalmente por su rol como Presidente de la Rep\u00fablica y por ser el l\u00edder durante uno de los episodios m\u00e1s significativos del pa\u00eds: la Campa\u00f1a Nacional contra los filibusteros en 1856-1857. Su presidencia se caracteriz\u00f3 por [&hellip;]<\/p>\n","protected":false},"author":14,"featured_media":2175,"comment_status":"open","ping_status":"open","sticky":false,"template":"","format":"standard","meta":{"footnotes":""},"categories":[59],"tags":[],"class_list":["post-2159","post","type-post","status-publish","format-standard","has-post-thumbnail","hentry","category-people-en"],"_links":{"self":[{"href":"https:\/\/peopleofcostarica.com\/es\/wp-json\/wp\/v2\/posts\/2159","targetHints":{"allow":["GET"]}}],"collection":[{"href":"https:\/\/peopleofcostarica.com\/es\/wp-json\/wp\/v2\/posts"}],"about":[{"href":"https:\/\/peopleofcostarica.com\/es\/wp-json\/wp\/v2\/types\/post"}],"author":[{"embeddable":true,"href":"https:\/\/peopleofcostarica.com\/es\/wp-json\/wp\/v2\/users\/14"}],"replies":[{"embeddable":true,"href":"https:\/\/peopleofcostarica.com\/es\/wp-json\/wp\/v2\/comments?post=2159"}],"version-history":[{"count":2,"href":"https:\/\/peopleofcostarica.com\/es\/wp-json\/wp\/v2\/posts\/2159\/revisions"}],"predecessor-version":[{"id":2178,"href":"https:\/\/peopleofcostarica.com\/es\/wp-json\/wp\/v2\/posts\/2159\/revisions\/2178"}],"wp:featuredmedia":[{"embeddable":true,"href":"https:\/\/peopleofcostarica.com\/es\/wp-json\/wp\/v2\/media\/2175"}],"wp:attachment":[{"href":"https:\/\/peopleofcostarica.com\/es\/wp-json\/wp\/v2\/media?parent=2159"}],"wp:term":[{"taxonomy":"category","embeddable":true,"href":"https:\/\/peopleofcostarica.com\/es\/wp-json\/wp\/v2\/categories?post=2159"},{"taxonomy":"post_tag","embeddable":true,"href":"https:\/\/peopleofcostarica.com\/es\/wp-json\/wp\/v2\/tags?post=2159"}],"curies":[{"name":"wp","href":"https:\/\/api.w.org\/{rel}","templated":true}]}}