{"id":2007,"date":"2025-03-14T21:07:57","date_gmt":"2025-03-14T21:07:57","guid":{"rendered":"https:\/\/peopleofcostarica.com\/?p=2007"},"modified":"2025-03-14T21:07:58","modified_gmt":"2025-03-14T21:07:58","slug":"el-volcan-poas-despierta-que-nos-dice-la-naturaleza","status":"publish","type":"post","link":"https:\/\/peopleofcostarica.com\/es\/el-volcan-poas-despierta-que-nos-dice-la-naturaleza\/","title":{"rendered":"El Volc\u00e1n Po\u00e1s Despierta: \u00bfQu\u00e9 Nos Dice la Naturaleza?"},"content":{"rendered":"\n<h2 class=\"wp-block-heading\"><strong>Un an\u00e1lisis de la actividad inusual del Po\u00e1s y sus implicaciones para Costa Rica<\/strong><\/h2>\n\n\n\n<h3 class=\"wp-block-heading\"><strong>Introducci\u00f3n<\/strong><\/h3>\n\n\n\n<p>El Volc\u00e1n Po\u00e1s, uno de los \u00edconos naturales m\u00e1s impresionantes de Costa Rica, ha fascinado por generaciones a cient\u00edficos, turistas y locales con su majestuosidad y su cr\u00e1ter humeante. Ubicado en la provincia de Alajuela, dentro del Parque Nacional Volc\u00e1n Po\u00e1s, este gigante ha sido testigo de numerosos episodios de actividad a lo largo de su historia. Sin embargo, en los \u00faltimos d\u00edas, su comportamiento ha llamado la atenci\u00f3n de expertos y autoridades debido a una actividad volc\u00e1nica inusual.<\/p>\n\n\n\n<p>Comprender estos fen\u00f3menos no solo es fundamental para la comunidad cient\u00edfica, sino tambi\u00e9n para la seguridad de las poblaciones cercanas y el sector tur\u00edstico. \u00bfQu\u00e9 est\u00e1 ocurriendo realmente con el Po\u00e1s? \u00bfCu\u00e1l es su impacto y qu\u00e9 medidas se est\u00e1n tomando?<\/p>\n\n\n\n<figure class=\"wp-block-image size-large is-resized\"><img fetchpriority=\"high\" decoding=\"async\" width=\"1024\" height=\"576\" src=\"https:\/\/peopleofcostarica.com\/wp-content\/uploads\/2025\/03\/volcan-poas-1024x576.jpg\" alt=\"\" class=\"wp-image-2008\" style=\"width:508px;height:auto\" srcset=\"https:\/\/peopleofcostarica.com\/wp-content\/uploads\/2025\/03\/volcan-poas-1024x576.jpg 1024w, https:\/\/peopleofcostarica.com\/wp-content\/uploads\/2025\/03\/volcan-poas-300x169.jpg 300w, https:\/\/peopleofcostarica.com\/wp-content\/uploads\/2025\/03\/volcan-poas-768x432.jpg 768w, https:\/\/peopleofcostarica.com\/wp-content\/uploads\/2025\/03\/volcan-poas-1536x864.jpg 1536w, https:\/\/peopleofcostarica.com\/wp-content\/uploads\/2025\/03\/volcan-poas-1320x743.jpg 1320w, https:\/\/peopleofcostarica.com\/wp-content\/uploads\/2025\/03\/volcan-poas.jpg 1920w\" sizes=\"(max-width: 1024px) 100vw, 1024px\" \/><\/figure>\n\n\n\n<hr class=\"wp-block-separator has-alpha-channel-opacity\"\/>\n\n\n\n<h3 class=\"wp-block-heading\"><strong>La Actividad Inusual: \u00bfQu\u00e9 Est\u00e1 Pasando?<\/strong><\/h3>\n\n\n\n<p>Desde principios de marzo de 2025, el Volc\u00e1n Po\u00e1s ha experimentado una serie de eventos que han elevado su nivel de alerta. Entre los fen\u00f3menos registrados se encuentran:<\/p>\n\n\n\n<ul class=\"wp-block-list\">\n<li><strong>Erupciones fre\u00e1ticas<\/strong>, que han expulsado columnas de gases y cenizas a m\u00e1s de 300 metros sobre el cr\u00e1ter.<\/li>\n\n\n\n<li><strong>Aumento en la sismicidad<\/strong> con tremores volc\u00e1nicos constantes, indicativos de una mayor actividad en su interior.<\/li>\n\n\n\n<li><strong>Desaparici\u00f3n progresiva del lago crat\u00e9rico<\/strong>, lo que incrementa el riesgo de erupciones explosivas.<\/li>\n<\/ul>\n\n\n\n<p>Seg\u00fan el Observatorio Vulcanol\u00f3gico y Sismol\u00f3gico de Costa Rica (OVSICORI-UNA), estos cambios reflejan un comportamiento an\u00f3malo que requiere un monitoreo constante. Comparado con su actividad habitual, en la que las emisiones de gases y ligeras exhalaciones son comunes, los eventos recientes han despertado preocupaci\u00f3n.<\/p>\n\n\n\n<p>El OVSICORI ha elevado el nivel de alerta del volc\u00e1n de \u00abadvertencia\u00bb a \u00abprecauci\u00f3n\u00bb (nivel 3 en una escala de 4), lo que implica que el riesgo de erupciones de mayor magnitud es latente.<\/p>\n\n\n\n<hr class=\"wp-block-separator has-alpha-channel-opacity\"\/>\n\n\n\n<h3 class=\"wp-block-heading\"><strong>Impacto en la Regi\u00f3n<\/strong><\/h3>\n\n\n\n<p>El aumento en la actividad del Po\u00e1s ha generado diversas afectaciones, tanto a nivel ambiental como social y econ\u00f3mico.<\/p>\n\n\n\n<ul class=\"wp-block-list\">\n<li><strong>Comunidades cercanas<\/strong>: La Comisi\u00f3n Nacional de Prevenci\u00f3n de Riesgos y Atenci\u00f3n de Emergencias (CNE) ha declarado una alerta verde en la regi\u00f3n, advirtiendo a los residentes sobre posibles emisiones de ceniza y gases.<\/li>\n\n\n\n<li><strong>Cierre del Parque Nacional<\/strong>: Como medida preventiva, el Sistema Nacional de \u00c1reas de Conservaci\u00f3n (SINAC) ha restringido el acceso al mirador principal del volc\u00e1n y ha cerrado temporalmente algunos senderos, como el que conduce a la laguna Botos.<\/li>\n\n\n\n<li><strong>Impacto en el turismo<\/strong>: La actividad del Po\u00e1s suele atraer a miles de turistas cada mes, pero su cierre temporal podr\u00eda representar una reducci\u00f3n en los ingresos de operadores tur\u00edsticos y comerciantes locales.<\/li>\n<\/ul>\n\n\n\n<hr class=\"wp-block-separator has-alpha-channel-opacity\"\/>\n\n\n\n<h3 class=\"wp-block-heading\"><strong>Opini\u00f3n de los Expertos<\/strong><\/h3>\n\n\n\n<p>Los vulcan\u00f3logos del OVSICORI han se\u00f1alado que este tipo de actividad es parte del ciclo natural de un volc\u00e1n activo como el Po\u00e1s. Sin embargo, advierten que la desaparici\u00f3n del lago crat\u00e9rico puede aumentar la probabilidad de erupciones explosivas.<\/p>\n\n\n\n<p>\u00abLa presencia de agua en el cr\u00e1ter ayuda a disipar la presi\u00f3n de los gases. Sin el lago, la acumulaci\u00f3n de energ\u00eda puede provocar erupciones m\u00e1s violentas\u00bb, explica el Dr. Javier Pacheco, vulcan\u00f3logo del OVSICORI.<\/p>\n\n\n\n<p>Por su parte, el ge\u00f3logo Guillermo Alvarado menciona que aunque el Po\u00e1s ha tenido erupciones hist\u00f3ricamente importantes, el monitoreo constante permite tomar medidas de prevenci\u00f3n a tiempo para evitar situaciones de alto riesgo.<\/p>\n\n\n\n<figure class=\"wp-block-image size-large\"><img decoding=\"async\" width=\"1024\" height=\"576\" src=\"https:\/\/peopleofcostarica.com\/wp-content\/uploads\/2025\/03\/poas1-1024x576.jpg\" alt=\"\" class=\"wp-image-2011\" srcset=\"https:\/\/peopleofcostarica.com\/wp-content\/uploads\/2025\/03\/poas1-1024x576.jpg 1024w, https:\/\/peopleofcostarica.com\/wp-content\/uploads\/2025\/03\/poas1-300x169.jpg 300w, https:\/\/peopleofcostarica.com\/wp-content\/uploads\/2025\/03\/poas1-768x432.jpg 768w, https:\/\/peopleofcostarica.com\/wp-content\/uploads\/2025\/03\/poas1-1536x864.jpg 1536w, https:\/\/peopleofcostarica.com\/wp-content\/uploads\/2025\/03\/poas1-1320x743.jpg 1320w, https:\/\/peopleofcostarica.com\/wp-content\/uploads\/2025\/03\/poas1.jpg 1920w\" sizes=\"(max-width: 1024px) 100vw, 1024px\" \/><\/figure>\n\n\n\n<hr class=\"wp-block-separator has-alpha-channel-opacity\"\/>\n\n\n\n<h3 class=\"wp-block-heading\"><strong>Historia y Significado del Po\u00e1s<\/strong><\/h3>\n\n\n\n<p>El Volc\u00e1n Po\u00e1s ha sido un protagonista en la historia geol\u00f3gica y cultural de Costa Rica. Sus erupciones han sido documentadas desde el siglo XIX, con episodios significativos en 1910, 1953, 2017 y ahora en 2025.<\/p>\n\n\n\n<p>M\u00e1s all\u00e1 de su impacto geol\u00f3gico, el Po\u00e1s es un s\u00edmbolo del turismo y la biodiversidad en el pa\u00eds. Su ecosistema alberga una gran variedad de flora y fauna, mientras que su cr\u00e1ter ha sido una de las principales atracciones tur\u00edsticas, ofreciendo una vista impresionante de una de las calderas m\u00e1s grandes del mundo.<\/p>\n\n\n\n<hr class=\"wp-block-separator has-alpha-channel-opacity\"\/>\n\n\n\n<h3 class=\"wp-block-heading\"><strong>Recomendaciones para Visitantes<\/strong><\/h3>\n\n\n\n<p>Si bien el acceso al volc\u00e1n se encuentra restringido en este momento, una vez que sea seguro visitarlo, es recomendable seguir estas precauciones:<\/p>\n\n\n\n<ul class=\"wp-block-list\">\n<li><strong>Consultar fuentes oficiales<\/strong>: Antes de planear una visita, revisar las actualizaciones del OVSICORI, SINAC y la CNE.<\/li>\n\n\n\n<li><strong>Usar equipo de protecci\u00f3n<\/strong>: Durante per\u00edodos de actividad moderada, el parque exige el uso de cascos de seguridad para visitantes.<\/li>\n\n\n\n<li><strong>Evitar exponerse a gases<\/strong>: Las emanaciones de di\u00f3xido de azufre pueden ser peligrosas, por lo que se recomienda no permanecer en el mirador por m\u00e1s tiempo del permitido.<\/li>\n<\/ul>\n\n\n\n<hr class=\"wp-block-separator has-alpha-channel-opacity\"\/>\n\n\n\n<p>El Volc\u00e1n Po\u00e1s, con su poder y misterio, nos recuerda la imponente fuerza de la naturaleza y nuestra responsabilidad de convivir con ella de manera respetuosa. Estos eventos nos invitan a reflexionar sobre la importancia de la preparaci\u00f3n y el respeto hacia los procesos naturales que moldean el mundo en el que vivimos.<\/p>\n\n\n\n<p>M\u00e1s all\u00e1 del impacto inmediato, esta actividad volc\u00e1nica es un recordatorio de la riqueza geol\u00f3gica de Costa Rica y la necesidad de proteger y estudiar estos fen\u00f3menos para el bienestar de futuras generaciones.<\/p>\n\n\n\n<p>Para m\u00e1s informaci\u00f3n y actualizaciones sobre la actividad del Po\u00e1s, te invitamos a seguir <em>People of Costa Rica<\/em>, donde continuaremos informando sobre este y otros eventos que marcan la historia del pa\u00eds.<\/p>\n","protected":false},"excerpt":{"rendered":"<p>Un an\u00e1lisis de la actividad inusual del Po\u00e1s y sus implicaciones para Costa Rica Introducci\u00f3n El Volc\u00e1n Po\u00e1s, uno de los \u00edconos naturales m\u00e1s impresionantes de Costa Rica, ha fascinado por generaciones a cient\u00edficos, turistas y locales con su majestuosidad y su cr\u00e1ter humeante. Ubicado en la provincia de Alajuela, dentro del Parque Nacional Volc\u00e1n [&hellip;]<\/p>\n","protected":false},"author":14,"featured_media":2014,"comment_status":"open","ping_status":"open","sticky":false,"template":"","format":"standard","meta":{"footnotes":""},"categories":[87,91],"tags":[],"class_list":["post-2007","post","type-post","status-publish","format-standard","has-post-thumbnail","hentry","category-noticias","category-clima-y-ambiente"],"_links":{"self":[{"href":"https:\/\/peopleofcostarica.com\/es\/wp-json\/wp\/v2\/posts\/2007","targetHints":{"allow":["GET"]}}],"collection":[{"href":"https:\/\/peopleofcostarica.com\/es\/wp-json\/wp\/v2\/posts"}],"about":[{"href":"https:\/\/peopleofcostarica.com\/es\/wp-json\/wp\/v2\/types\/post"}],"author":[{"embeddable":true,"href":"https:\/\/peopleofcostarica.com\/es\/wp-json\/wp\/v2\/users\/14"}],"replies":[{"embeddable":true,"href":"https:\/\/peopleofcostarica.com\/es\/wp-json\/wp\/v2\/comments?post=2007"}],"version-history":[{"count":1,"href":"https:\/\/peopleofcostarica.com\/es\/wp-json\/wp\/v2\/posts\/2007\/revisions"}],"predecessor-version":[{"id":2017,"href":"https:\/\/peopleofcostarica.com\/es\/wp-json\/wp\/v2\/posts\/2007\/revisions\/2017"}],"wp:featuredmedia":[{"embeddable":true,"href":"https:\/\/peopleofcostarica.com\/es\/wp-json\/wp\/v2\/media\/2014"}],"wp:attachment":[{"href":"https:\/\/peopleofcostarica.com\/es\/wp-json\/wp\/v2\/media?parent=2007"}],"wp:term":[{"taxonomy":"category","embeddable":true,"href":"https:\/\/peopleofcostarica.com\/es\/wp-json\/wp\/v2\/categories?post=2007"},{"taxonomy":"post_tag","embeddable":true,"href":"https:\/\/peopleofcostarica.com\/es\/wp-json\/wp\/v2\/tags?post=2007"}],"curies":[{"name":"wp","href":"https:\/\/api.w.org\/{rel}","templated":true}]}}