{"id":1933,"date":"2025-03-14T15:00:00","date_gmt":"2025-03-14T15:00:00","guid":{"rendered":"https:\/\/peopleofcostarica.com\/?p=1933"},"modified":"2025-03-13T17:12:15","modified_gmt":"2025-03-13T17:12:15","slug":"martes-liricos-nuevo-programa-de-proyecciones-y-conciertos-liricos-debuta-en-el-teatro-nacional-con-la-opera-otello-del-teatro-real-de-madrid","status":"publish","type":"post","link":"https:\/\/peopleofcostarica.com\/es\/martes-liricos-nuevo-programa-de-proyecciones-y-conciertos-liricos-debuta-en-el-teatro-nacional-con-la-opera-otello-del-teatro-real-de-madrid\/","title":{"rendered":"\u201cMartes L\u00edricos\u201d: nuevo programa de proyecciones y conciertos l\u00edricos debuta en el Teatro Nacional con la \u00f3pera \u2018Otello\u2019, del Teatro Real de Madrid"},"content":{"rendered":"\n<p>El Ministerio de Cultura y Juventud, a trav\u00e9s de la Compa\u00f1\u00eda L\u00edrica Nacional, el Teatro Nacional de Costa Rica y con la colaboraci\u00f3n del Museo de Arte Costarricense, se enorgullece de presentar el nuevo espacio \u00abMartes L\u00edricos\u00bb, una iniciativa de gran valor cultural que busca fortalecer y promover el arte l\u00edrico en el pa\u00eds generando nuevos p\u00fablicos y facilitando el acceso con precios sumamente accesibles.<\/p>\n\n\n\n<p><strong>San Jos\u00e9, 06 de marzo de 2025.&nbsp;<\/strong>El Ministerio de Cultura y Juventud, a trav\u00e9s de la Compa\u00f1\u00eda L\u00edrica Nacional, el Teatro Nacional de Costa Rica y con la colaboraci\u00f3n del Museo de Arte Costarricense, se enorgullece de presentar el nuevo espacio \u00abMartes L\u00edricos\u00bb, una iniciativa de gran valor cultural que busca fortalecer y promover el arte l\u00edrico en el pa\u00eds generando nuevos p\u00fablicos y facilitando el acceso con precios sumamente accesibles.<\/p>\n\n\n\n<p>El estreno ser\u00e1 este martes 11 de marzo, a las 6:00 p.m., con el t\u00edtulo de \u00f3pera \u201cOtello\u201d, de Verdi y se extender\u00e1 hasta el 14 de octubre. La programaci\u00f3n se compone de 16 fechas que combinan la proyecci\u00f3n de \u00f3pera del Teatro Real de Espa\u00f1a y conciertos l\u00edricos, tanto en el Teatro Nacional de Costa Rica como en el Museo de Arte Costarricense.<\/p>\n\n\n\n<p>Jorge Rodr\u00edguez Vives, ministro de Cultura y Juventud, indic\u00f3: \u201cProducto de mi anterior visita a Espa\u00f1a, logramos un acuerdo con el Teatro Real para generar acciones conjuntas y atraer nuevos p\u00fablicos. Este es un proyecto nuevo para acercarnos m\u00e1s a la gente. Se trata de una iniciativa que promueve que el p\u00fablico pueda apreciar \u00f3pera, a un precio muy econ\u00f3mico, en una de las salas de conciertos m\u00e1s importantes del pa\u00eds, como lo es el Teatro Nacional de Costa Rica. Adem\u00e1s, nos va a permitir disfrutar de las proyecciones del Teatro Real y de la Compa\u00f1\u00eda L\u00edrica, porque queremos nuevos p\u00fablicos, p\u00fablicos j\u00f3venes, cerca de esto, para que adem\u00e1s disfruten de uno de los procesos creativos m\u00e1s interesantes\u201d.<\/p>\n\n\n\n<p>\u201cMartes L\u00edricos\u201d es un programa que nace con el esp\u00edritu de acercar a cualquier ciudadano, de manera muy accesible y f\u00e1cil, el arte de la voz, con propuestas diversas dirigidas desde la infancia hasta personas experimentadas en las artes del canto, en formatos variados, para poder conocer y disfrutar del instrumento m\u00e1s humano de todos. Proyecciones de cine de producciones excepcionales de \u00f3pera y otras artes de la voz del Teatro Real de Madrid, as\u00ed como recitales de canto y piano con artistas nacionales e internacionales de primer nivel, mostrar\u00e1n la riqueza de la canci\u00f3n de concierto de distintas partes del mundo para curiosidad y deleite de un p\u00fablico heterog\u00e9neo\u201d, coment\u00f3 Calio Alonso, director art\u00edstico de la Compa\u00f1\u00eda L\u00edrica Nacional.<\/p>\n\n\n\n<p>Por su parte, Guillermo Madriz, director general del Teatro Nacional, afirm\u00f3:&nbsp;\u201cEste proyecto representa una plataforma esencial para la difusi\u00f3n de la \u00f3pera, la zarzuela y otros g\u00e9neros l\u00edricos, brindando al p\u00fablico costarricense la oportunidad de disfrutar de recitales en vivo y proyecciones exclusivas de producciones del Teatro Real de Madrid, una de las casas de \u00f3pera m\u00e1s prestigiosas del mundo.&nbsp;\u2018Martes L\u00edricos\u2019 se consolidar\u00e1 como un pilar fundamental en la promoci\u00f3n de la m\u00fasica vocal y el fortalecimiento de una audiencia apasionada por la l\u00edrica, reafirmando el compromiso del Teatro Nacional de Costa Rica con la difusi\u00f3n del arte y la cultura en nuestro pa\u00eds. Invitamos a toda la comunidad a ser parte de este espacio todos los martes, donde la belleza de la \u00f3pera, la zarzuela y la canci\u00f3n de concierto encontrar\u00e1n un escenario vibrante y lleno de vida\u201d.<\/p>\n\n\n\n<h3 class=\"wp-block-heading\"><strong>Programaci\u00f3n<\/strong><\/h3>\n\n\n\n<p>El 11 de marzo, a las 6:00 p.m., se proyectar\u00e1 \u201cOtello\u201d, de Giuseppe Verdi, una producci\u00f3n del Teatro Real de Espa\u00f1a, galardonado como el \u201cmejor teatro de \u00f3pera del mundo\u201d en 2021.&nbsp;<\/p>\n\n\n\n<p>Con libreto de Arrigo Boito, basado en la obra Othello or The Moor of Venice (1603),&nbsp;de William Shakespeare, esta es una nueva producci\u00f3n del Teatro Real&nbsp;en coproducci\u00f3n con la English National Opera y la Kungliga Operan de Estocolmo, con el Coro y Orquestra Titulares del Teatro Real y los Peque\u00f1os Cantores de la Comunidad de Madrid. Renato Palumbo es el director musical y David Alden el director de escena. En el reparto destacan&nbsp;Gregory Kunde como Otello, George Petean como Iago, Vicen\u00e7 Esteve como Roderigo y Fernando Rad\u00f3 como Ludovico.&nbsp;<\/p>\n\n\n\n<p>A partir del mes de abril a las proyecciones se les suman los recitales. A continuaci\u00f3n, la programaci\u00f3n:<\/p>\n\n\n\n<figure class=\"wp-block-table\"><table class=\"has-fixed-layout\"><tbody><tr><td><strong>Fecha y hora<\/strong><\/td><td><strong>Propuesta art\u00edstica<\/strong><\/td><td><strong>Actividad<\/strong><\/td><td><strong>Lugar<\/strong><\/td><\/tr><tr><td>Martes 11 de marzo, 6 p.m.<\/td><td>Otello, G. Verdi<\/td><td>Proyecci\u00f3n \u00f3pera del Teatro Real<\/td><td>Sala Principal del Teatro Nacional<\/td><\/tr><tr><td>Martes 1 de abril, 6 p.m.<\/td><td>Canci\u00f3n inglesa<\/td><td>Recital de canto y piano<\/td><td>Sal\u00f3n Dorado del Museo de Arte Costarricense<\/td><\/tr><tr><td>Martes 8 de abril, 6 p.m.<\/td><td>Cos\u00ec fan tutte, W.A. Mozart<\/td><td>Proyecci\u00f3n \u00f3pera del Teatro Real<\/td><td>Sala Principal del Teatro Nacional<\/td><\/tr><tr><td>Martes 6 mayo, 6 p.m.<\/td><td>Canci\u00f3n costarricense<\/td><td>Recital de canto y piano<\/td><td>Foyer del Teatro Nacional<\/td><\/tr><tr><td>S\u00e1bado 10 de mayo, 10 a.m.<\/td><td>Sue\u00f1o de una noche de verano, W. Shakespeare<\/td><td>Proyecci\u00f3n infantil del Teatro Real<\/td><td>Sala Principal del Teatro Nacional<\/td><\/tr><tr><td>Martes 3 junio, 6 p.m.<\/td><td>Canci\u00f3n italiana<\/td><td>Recital de canto y piano<\/td><td>Foyer del Teatro Nacional<\/td><\/tr><tr><td>S\u00e1bado 21 de junio, 10 a.m.<\/td><td>El amor brujo, m\u00fasica de M. de Falla<\/td><td>Proyecci\u00f3n danza del Teatro Real<\/td><td>Sala Principal del Teatro Nacional<\/td><\/tr><tr><td>Martes 1 de julio, 6 p.m.<\/td><td>Turandot, G. Puccini<\/td><td>Proyecci\u00f3n \u00f3pera del Teatro Real<\/td><td>Sala Principal del Teatro Nacional<\/td><\/tr><tr><td>Martes 8 de julio, 6 p.m.<\/td><td>Canci\u00f3n espa\u00f1ola<\/td><td>Recital de canto y piano<\/td><td>Sal\u00f3n Dorado del Museo de Arte Costarricense<\/td><\/tr><tr><td>Martes 5 agosto, 6 p.m.<\/td><td>Canci\u00f3n latinoamericana<\/td><td>Recital de canto y piano<\/td><td>Foyer del Teatro Nacional<\/td><\/tr><tr><td>Martes 12 de agosto, 6 pm.<\/td><td>I Puritani, V. Bellini<\/td><td>Proyecci\u00f3n \u00f3pera del Teatro Real<\/td><td>Sala Principal del Teatro Nacional<\/td><\/tr><tr><td>Martes 2 setiembre, 6 p.m.<\/td><td>Canci\u00f3n rusa<\/td><td>Recital de canto y piano<\/td><td>Foyer del Teatro Nacional<\/td><\/tr><tr><td>S\u00e1bado 6 de setiembre, 10 a.m.<\/td><td>Mi madre, la oca. M. Ravel.<\/td><td>Proyecci\u00f3n infantil del Teatro Real<\/td><td>Sala Principal del Teatro Nacional<\/td><\/tr><tr><td>Martes 7 octubre, 6 p.m.<\/td><td>Lied Alem\u00e1n<\/td><td>Recital de canto y piano<\/td><td>Foyer del Teatro Nacional<\/td><\/tr><tr><td>Martes 14 de octubre. 6 p.m.<\/td><td>Luisa Fernanda, F. Moreno Torroba<\/td><td>Proyecci\u00f3n zarzuela del Teatro Real<\/td><td>Sala Principal del Teatro Nacional<\/td><\/tr><tr><td>Martes 4 de noviembre. 6 p.m.<\/td><td>Chanson Fran\u00e7aise<\/td><td>Recital de canto y piano<\/td><td>Sal\u00f3n Dorado del Museo de Arte Costarricense<\/td><\/tr><\/tbody><\/table><\/figure>\n\n\n\n<p>*Programaci\u00f3n sujeta a cambios.<\/p>\n\n\n\n<p>Los recitales contar\u00e1n con colaboraciones de embajadas. Destaca el apoyo de la Embajada de Espa\u00f1a y su Centro Cultural con artistas como H\u00e9ctor Eliel M\u00e1rquez, piano; Andrea Rey, mezzosoprano; Ram\u00f3n Grau, piano y Borja Quiza, bar\u00edtono.<\/p>\n\n\n\n<p>Las entradas para este programa en el Teatro Nacional tienen un precio general de&nbsp;\u20a12.000 colones; estudiantes y adultos mayores con carn\u00e9,&nbsp;\u20a11.000 colones. Se pueden adquirir en la boleter\u00eda f\u00edsica del Teatro y en&nbsp;<a href=\"https:\/\/boleteria.teatronacional.go.cr\/\" target=\"_blank\" rel=\"noreferrer noopener\">https:\/\/boleteria.teatronacional.go.cr\/<\/a>&nbsp;<\/p>\n\n\n\n<p>La entrada en los recitales del Museo de Arte Costarricense es de acceso gratuito hasta completar aforo<\/p>\n","protected":false},"excerpt":{"rendered":"<p>El Ministerio de Cultura y Juventud, a trav\u00e9s de la Compa\u00f1\u00eda L\u00edrica Nacional, el Teatro Nacional de Costa Rica y con la colaboraci\u00f3n del Museo de Arte Costarricense, se enorgullece de presentar el nuevo espacio \u00abMartes L\u00edricos\u00bb, una iniciativa de gran valor cultural que busca fortalecer y promover el arte l\u00edrico en el pa\u00eds generando [&hellip;]<\/p>\n","protected":false},"author":14,"featured_media":1934,"comment_status":"open","ping_status":"open","sticky":false,"template":"","format":"standard","meta":{"footnotes":""},"categories":[87],"tags":[],"class_list":["post-1933","post","type-post","status-publish","format-standard","has-post-thumbnail","hentry","category-noticias"],"_links":{"self":[{"href":"https:\/\/peopleofcostarica.com\/es\/wp-json\/wp\/v2\/posts\/1933","targetHints":{"allow":["GET"]}}],"collection":[{"href":"https:\/\/peopleofcostarica.com\/es\/wp-json\/wp\/v2\/posts"}],"about":[{"href":"https:\/\/peopleofcostarica.com\/es\/wp-json\/wp\/v2\/types\/post"}],"author":[{"embeddable":true,"href":"https:\/\/peopleofcostarica.com\/es\/wp-json\/wp\/v2\/users\/14"}],"replies":[{"embeddable":true,"href":"https:\/\/peopleofcostarica.com\/es\/wp-json\/wp\/v2\/comments?post=1933"}],"version-history":[{"count":1,"href":"https:\/\/peopleofcostarica.com\/es\/wp-json\/wp\/v2\/posts\/1933\/revisions"}],"predecessor-version":[{"id":1937,"href":"https:\/\/peopleofcostarica.com\/es\/wp-json\/wp\/v2\/posts\/1933\/revisions\/1937"}],"wp:featuredmedia":[{"embeddable":true,"href":"https:\/\/peopleofcostarica.com\/es\/wp-json\/wp\/v2\/media\/1934"}],"wp:attachment":[{"href":"https:\/\/peopleofcostarica.com\/es\/wp-json\/wp\/v2\/media?parent=1933"}],"wp:term":[{"taxonomy":"category","embeddable":true,"href":"https:\/\/peopleofcostarica.com\/es\/wp-json\/wp\/v2\/categories?post=1933"},{"taxonomy":"post_tag","embeddable":true,"href":"https:\/\/peopleofcostarica.com\/es\/wp-json\/wp\/v2\/tags?post=1933"}],"curies":[{"name":"wp","href":"https:\/\/api.w.org\/{rel}","templated":true}]}}