{"id":1911,"date":"2025-03-14T11:00:00","date_gmt":"2025-03-14T11:00:00","guid":{"rendered":"https:\/\/peopleofcostarica.com\/?p=1911"},"modified":"2025-03-13T16:56:39","modified_gmt":"2025-03-13T16:56:39","slug":"convocatoria-abierta-para-conformar-comisiones-seleccionadoras-de-propuestas-para-la-fiesta-nacional-de-la-lectura-2025","status":"publish","type":"post","link":"https:\/\/peopleofcostarica.com\/es\/convocatoria-abierta-para-conformar-comisiones-seleccionadoras-de-propuestas-para-la-fiesta-nacional-de-la-lectura-2025\/","title":{"rendered":"Convocatoria abierta para conformar comisiones seleccionadoras de propuestas para la Fiesta Nacional de la Lectura 2025"},"content":{"rendered":"\n<p>El Ministerio de Cultura y Juventud, a trav\u00e9s del Centro de Producci\u00f3n Art\u00edstica y Cultural, anuncia la apertura de la convocatoria para conformar las comisiones seleccionadoras de los proyectos que participar\u00e1n en la Fiesta Nacional de la Lectura 2025.<\/p>\n\n\n\n<ul class=\"wp-block-list\">\n<li><strong>Recepci\u00f3n de inscripciones para conformar comisiones seleccionadoras de propuestas finaliza el domingo 16 de marzo de 2025<\/strong><\/li>\n\n\n\n<li><strong>Fiesta Nacional de la Lectura 2025 se realizar\u00e1 del 30 de mayo al 01 de junio en la Antigua Aduana, San Jos\u00e9<\/strong><\/li>\n<\/ul>\n\n\n\n<p><strong>San Jos\u00e9, 07 de marzo de 2025.&nbsp;<\/strong>El Ministerio de Cultura y Juventud (MCJ), a trav\u00e9s del Centro de Producci\u00f3n Art\u00edstica y Cultural (CPAC), anuncia la apertura de la convocatoria para conformar las comisiones seleccionadoras de los proyectos que participar\u00e1n en la Fiesta Nacional de la Lectura 2025 (FNL2025).&nbsp;<\/p>\n\n\n\n<p>La convocatoria se dirige a profesionales y personas vinculadas a los sectores: literario, acad\u00e9mico, art\u00edstico, cultural o comercial relacionado con el quehacer de la literatura, lenguaje, bibliotecario, educativo y librero, para participar en el proceso de evaluaci\u00f3n de proyectos que desean formar parte de esta cuarta edici\u00f3n, que se realizar\u00e1 del 30 de mayo al 01 de junio de 2025, en la Antigua Aduana, en San Jos\u00e9.<\/p>\n\n\n\n<p>Podr\u00e1n postularse personas costarricenses o extranjeras con residencia en el pa\u00eds que cuenten con experiencia comprobada en los sectores antes mencionados y cuyo perfil se ajuste a los requisitos establecidos para cada comisi\u00f3n.<\/p>\n\n\n\n<p>Las inscripciones estar\u00e1n abiertas hasta las 11:55 p.m., del 16 de marzo de 2025.<\/p>\n\n\n\n<p>Las personas seleccionadas deber\u00e1n:<\/p>\n\n\n\n<ul class=\"wp-block-list\">\n<li>Respetar las bases de participaci\u00f3n de la convocatoria.<\/li>\n\n\n\n<li>Garantizar un proceso de evaluaci\u00f3n objetivo y transparente.<\/li>\n\n\n\n<li>Cumplir con el cronograma y los objetivos establecidos por la producci\u00f3n.<\/li>\n\n\n\n<li>Participar de manera\u00a0<em>ad honorem<\/em>, sin recibir remuneraci\u00f3n econ\u00f3mica.<\/li>\n\n\n\n<li>No tener v\u00ednculos con propuestas participantes que puedan representar un conflicto de inter\u00e9s.<\/li>\n<\/ul>\n\n\n\n<p>Los postulantes podr\u00e1n inscribirse en una o m\u00e1s comisiones, seg\u00fan su \u00e1rea de especializaci\u00f3n:<\/p>\n\n\n\n<ul class=\"wp-block-list\">\n<li>Categor\u00eda General: Evaluaci\u00f3n de proyectos de librer\u00edas, editoriales, colectivos, bibliotecas, iniciativas educativas y otras propuestas orientadas al est\u00edmulo de la lectura. Se requiere conocimiento o experiencia en el \u00e1rea.<\/li>\n\n\n\n<li>Categor\u00eda Autor\u00edas: Evaluaci\u00f3n de postulaciones de autores y autoras independientes. Es deseable formaci\u00f3n acad\u00e9mica en literatura, filolog\u00eda o \u00e1reas afines, adem\u00e1s de experiencia en el sector.<\/li>\n<\/ul>\n\n\n\n<p>Para postularse solo debe completar el formulario:&nbsp;<a href=\"https:\/\/docs.google.com\/forms\/d\/e\/1FAIpQLSeqXVj2ssodLxN4UT_d3tOv6mC7hhYrn79YFjnXmggEuwFxzg\/viewform\" target=\"_blank\" rel=\"noreferrer noopener\">https:\/\/docs.google.com\/forms\/d\/e\/1FAIpQLSeqXVj2ssodLxN4UT_d3tOv6mC7hhYrn79YFjnXmggEuwFxzg\/viewform<\/a><\/p>\n\n\n\n<p>Las postulaciones ser\u00e1n revisadas por la producci\u00f3n de la FNL2025, que verificar\u00e1 el cumplimiento de los requisitos. Las personas preseleccionadas ser\u00e1n contactadas para una entrevista, y posteriormente se confirmar\u00e1 la selecci\u00f3n final de los integrantes de cada comisi\u00f3n.<\/p>\n\n\n\n<p><strong>Informaci\u00f3n adicional<\/strong><br>Para consultas, puede escribir al correo&nbsp;<a href=\"mailto:fnl@cpac.go.cr\">fnl@cpac.go.cr<\/a>&nbsp;o comunicarse al tel.: 2248-3240, ext. 315, de lunes a viernes, de 8 a.m. a 4 p.m. Para conocer m\u00e1s sobre la FNL2025, visite:&nbsp;<a href=\"http:\/\/www.mcj.go.cr\/cpac\" target=\"_blank\" rel=\"noopener\">www.mcj.go.cr\/cpac<\/a><\/p>\n\n\n\n<p><\/p>\n","protected":false},"excerpt":{"rendered":"<p>El Ministerio de Cultura y Juventud, a trav\u00e9s del Centro de Producci\u00f3n Art\u00edstica y Cultural, anuncia la apertura de la convocatoria para conformar las comisiones seleccionadoras de los proyectos que participar\u00e1n en la Fiesta Nacional de la Lectura 2025. San Jos\u00e9, 07 de marzo de 2025.&nbsp;El Ministerio de Cultura y Juventud (MCJ), a trav\u00e9s del [&hellip;]<\/p>\n","protected":false},"author":14,"featured_media":1912,"comment_status":"open","ping_status":"open","sticky":false,"template":"","format":"standard","meta":{"footnotes":""},"categories":[87],"tags":[],"class_list":["post-1911","post","type-post","status-publish","format-standard","has-post-thumbnail","hentry","category-noticias"],"_links":{"self":[{"href":"https:\/\/peopleofcostarica.com\/es\/wp-json\/wp\/v2\/posts\/1911","targetHints":{"allow":["GET"]}}],"collection":[{"href":"https:\/\/peopleofcostarica.com\/es\/wp-json\/wp\/v2\/posts"}],"about":[{"href":"https:\/\/peopleofcostarica.com\/es\/wp-json\/wp\/v2\/types\/post"}],"author":[{"embeddable":true,"href":"https:\/\/peopleofcostarica.com\/es\/wp-json\/wp\/v2\/users\/14"}],"replies":[{"embeddable":true,"href":"https:\/\/peopleofcostarica.com\/es\/wp-json\/wp\/v2\/comments?post=1911"}],"version-history":[{"count":1,"href":"https:\/\/peopleofcostarica.com\/es\/wp-json\/wp\/v2\/posts\/1911\/revisions"}],"predecessor-version":[{"id":1915,"href":"https:\/\/peopleofcostarica.com\/es\/wp-json\/wp\/v2\/posts\/1911\/revisions\/1915"}],"wp:featuredmedia":[{"embeddable":true,"href":"https:\/\/peopleofcostarica.com\/es\/wp-json\/wp\/v2\/media\/1912"}],"wp:attachment":[{"href":"https:\/\/peopleofcostarica.com\/es\/wp-json\/wp\/v2\/media?parent=1911"}],"wp:term":[{"taxonomy":"category","embeddable":true,"href":"https:\/\/peopleofcostarica.com\/es\/wp-json\/wp\/v2\/categories?post=1911"},{"taxonomy":"post_tag","embeddable":true,"href":"https:\/\/peopleofcostarica.com\/es\/wp-json\/wp\/v2\/tags?post=1911"}],"curies":[{"name":"wp","href":"https:\/\/api.w.org\/{rel}","templated":true}]}}