{"id":1900,"date":"2025-03-14T09:00:00","date_gmt":"2025-03-14T09:00:00","guid":{"rendered":"https:\/\/peopleofcostarica.com\/?p=1900"},"modified":"2025-03-13T16:27:48","modified_gmt":"2025-03-13T16:27:48","slug":"compania-lirica-nacional-convoca-a-audiciones-abiertas-para-la-temporada-de-opera-y-zarzuela-2025","status":"publish","type":"post","link":"https:\/\/peopleofcostarica.com\/es\/compania-lirica-nacional-convoca-a-audiciones-abiertas-para-la-temporada-de-opera-y-zarzuela-2025\/","title":{"rendered":"Compa\u00f1\u00eda L\u00edrica Nacional convoca a audiciones abiertas para la temporada de \u00f3pera y zarzuela 2025"},"content":{"rendered":"\n<p>La Compa\u00f1\u00eda L\u00edrica Nacional anunci\u00f3 la apertura de la convocatoria de audiciones abiertas para cantantes nacionales y de la regi\u00f3n, para la selecci\u00f3n de elencos art\u00edsticos de los diferentes proyectos de \u00f3pera y zarzuela que se presentar\u00e1n en 2025 por parte del Centro Nacional de la M\u00fasica del Ministerio de Cultura y Juventud, en colaboraci\u00f3n con diversas instituciones; as\u00ed como para formar parte de un nuevo programa de \u201c\u00d3pera Estudio\u201d, tambi\u00e9n para pianistas.<\/p>\n\n\n\n<ul class=\"wp-block-list\">\n<li><strong>Selecci\u00f3n de elencos art\u00edsticos, cantantes y pianistas, para diversos proyectos<\/strong><\/li>\n\n\n\n<li><strong>Inscripciones abiertas del 11 al 18 de marzo de 2025<\/strong><\/li>\n<\/ul>\n\n\n\n<p><strong>San Jos\u00e9, 11 de marzo de 2025.&nbsp;<\/strong>La Compa\u00f1\u00eda L\u00edrica Nacional (CLN) anunci\u00f3 la apertura de la convocatoria de audiciones abiertas para cantantes nacionales y de la regi\u00f3n, para la selecci\u00f3n de elencos art\u00edsticos de los diferentes proyectos de \u00f3pera y zarzuela que se presentar\u00e1n en 2025 por parte del Centro Nacional de la M\u00fasica del Ministerio de Cultura y Juventud, en colaboraci\u00f3n con diversas instituciones; as\u00ed como para formar parte de un nuevo programa de \u201c\u00d3pera Estudio\u201d, tambi\u00e9n para pianistas.<\/p>\n\n\n\n<p>Los requisitos para participar en las audiciones para formar parte de estos proyectos son: ser mayor de 18 a\u00f1os y contar con formaci\u00f3n y experiencia demostrada en canto y piano. Las fechas para realizar la inscripci\u00f3n son desde el&nbsp;<a>11 al 18 de marzo de 2025<\/a>.&nbsp;<\/p>\n\n\n\n<p>Este a\u00f1o, durante el mes de julio, la CLN presentar\u00e1 al p\u00fablico en el escenario del Teatro Nacional, la zarzuela \u201cEl barberillo de Lavapi\u00e9s\u201d de F. A. Barbieri, en una producci\u00f3n del Teatro de la Zarzuela de Madrid con la participaci\u00f3n de la Orquesta Sinf\u00f3nica Nacional de Costa Rica, el Coro Sinf\u00f3nico Nacional y la Compa\u00f1\u00eda Nacional de Danza, todos bajo la direcci\u00f3n musical del maestro Andr\u00e9s Salado.&nbsp;<\/p>\n\n\n\n<p>Adem\u00e1s, este martes 11 de marzo, se inaugura el programa \u201cMartes L\u00edricos\u201d, en el Teatro Nacional de Costa Rica (TNCR), con proyecciones mensuales de producciones del Teatro Real de Madrid, as\u00ed como recitales con conciertos l\u00edricos de canto y piano, los primeros martes de cada mes, entre los meses de marzo y noviembre, en el foyer del TNCR y el Museo de Arte Costarricense, ubicado en La Sabana.&nbsp;<\/p>\n\n\n\n<p>Calio Alonso, director art\u00edstico de la Compa\u00f1\u00eda L\u00edrica Nacional, expres\u00f3: \u201cConvocar un proceso de reconocimiento del talento, como lo es un proceso de audiciones abiertas sin restricciones, es siempre muy motivante y sorprendente. Trabajar de la mano de los protagonistas del sector es fundamental para el buen desarrollo de los programas sustentados en pol\u00edticas p\u00fablicas. La juventud juega un papel relevante en los proyectos de la Compa\u00f1\u00eda L\u00edrica Nacional y por ello se ha creado un programa de \u00d3pera Estudio para cantantes y pianistas, \u00fanico en el pa\u00eds y la regi\u00f3n, perfil\u00e1ndose como el escenario perfecto para poner todos los focos sobre los artistas y el arte del presente y futuro. Poder atraer para Costa Rica a figuras relevantes del panorama internacional, como por ejemplo la reconocid\u00edsima soprano Joyce DiDonato, es una suerte para poder estar presentes en los eventos, retos y oportunidades de nuestro tiempo y poder asegurar un horizonte estable a nuestros artistas y a nuestro p\u00fablico.\u201d<\/p>\n\n\n\n<p>Los interesados en participar en el proceso de audiciones deben de enviar un correo electr\u00f3nico a la direcci\u00f3n&nbsp;<a href=\"mailto:ngarce@mcj.go.cr\">ngarce@mcj.go.cr<\/a>&nbsp;con un enlace en Google Drive donde adjunten la siguiente informaci\u00f3n: copia de la c\u00e9dula o pasaporte, biograf\u00eda art\u00edstica y CV, dos fotograf\u00edas art\u00edsticas, tres grabaciones de obras vocales de exigencia de registro actual, listado del repertorio a presentar para la fase final -en caso de ser preseleccionados-, as\u00ed como una declaraci\u00f3n jurada de que tienen disponibilidad para participar en la zarzuela durante el mes de julio.<\/p>\n\n\n\n<p>El proceso de selecci\u00f3n ser\u00e1 realizado por una comisi\u00f3n art\u00edstica conformada por especialistas de primer nivel internacional como lo son: Andr\u00e9s Salado, director musical y art\u00edstico de la Orquesta Sinf\u00f3nica Nacional; Paolo Bortolameolli, director musical de la Orquesta Sinf\u00f3nica de Santiago de Chile; Joan Matabosch, director art\u00edstico del Teatro Real de Madrid; Ramiro A. Ram\u00edrez, director del Centro Nacional de la M\u00fasica, y Calio Alonso, maestro repertorista y director art\u00edstico de la Compa\u00f1\u00eda L\u00edrica Nacional.<\/p>\n\n\n\n<p>Para conocer m\u00e1s informaci\u00f3n sobre repertorios, plazos y proceso de selecci\u00f3n visite:&nbsp;<a href=\"https:\/\/cnm.go.cr\/audicionescln25\/\" target=\"_blank\" rel=\"noreferrer noopener\">https:\/\/cnm.go.cr\/audicionescln25\/<\/a>&nbsp;<\/p>\n\n\n\n<p><strong>\u00d3pera Estudio<\/strong>. Uno de los proyectos de mayor calado de la CLN para 2025 es el programa \u201c\u00d3pera Estudio\u201d, una iniciativa dirigida a cantantes y pianistas que se encuentran en una etapa avanzada de su carrera, donde tendr\u00e1n la oportunidad de perfeccionar sus habilidades y conocimientos en el mundo de la \u00f3pera y la l\u00edrica, mientras reciben la formaci\u00f3n y seguimiento de artistas y personas de referencia para la l\u00edrica de primer nivel y participan de las producciones y proyectos de la CLN. Tambi\u00e9n contar\u00e1n con apoyo de diversas instituciones como la Embajada de Italia, la cual ofrecer\u00e1 un curso en el Dante Alighieri para cinco beneficiarios de la \u00d3pera Estudio.<\/p>\n\n\n\n<p>Se contar\u00e1 con artistas y gestores invitados de renombre mundial como la soprano Joyce DiDonato, el director musical Andr\u00e9s Salado; el maestro repertorista y&nbsp;<em>coach<\/em>&nbsp;vocal, H\u00e9ctor Eliel M\u00e1rquez; el bar\u00edtono, Borja Quiz\u00e1; la soprano, Margot Pares Reina; el director art\u00edstico de la Escuela Reina Sof\u00eda de Madrid, Juan Mendoza; la directora art\u00edstica del Teatro de la Zarzuela de Madrid, Isamay Benavente; o la productora y gestora de carreras, Zenaida des Aubries, entre muchos otros maestros y referentes para el mundo l\u00edrico y musical que se anunciar\u00e1n oportunamente.<\/p>\n\n\n\n<p><\/p>\n","protected":false},"excerpt":{"rendered":"<p>La Compa\u00f1\u00eda L\u00edrica Nacional anunci\u00f3 la apertura de la convocatoria de audiciones abiertas para cantantes nacionales y de la regi\u00f3n, para la selecci\u00f3n de elencos art\u00edsticos de los diferentes proyectos de \u00f3pera y zarzuela que se presentar\u00e1n en 2025 por parte del Centro Nacional de la M\u00fasica del Ministerio de Cultura y Juventud, en colaboraci\u00f3n [&hellip;]<\/p>\n","protected":false},"author":14,"featured_media":1901,"comment_status":"open","ping_status":"open","sticky":false,"template":"","format":"standard","meta":{"footnotes":""},"categories":[87],"tags":[],"class_list":["post-1900","post","type-post","status-publish","format-standard","has-post-thumbnail","hentry","category-noticias"],"_links":{"self":[{"href":"https:\/\/peopleofcostarica.com\/es\/wp-json\/wp\/v2\/posts\/1900","targetHints":{"allow":["GET"]}}],"collection":[{"href":"https:\/\/peopleofcostarica.com\/es\/wp-json\/wp\/v2\/posts"}],"about":[{"href":"https:\/\/peopleofcostarica.com\/es\/wp-json\/wp\/v2\/types\/post"}],"author":[{"embeddable":true,"href":"https:\/\/peopleofcostarica.com\/es\/wp-json\/wp\/v2\/users\/14"}],"replies":[{"embeddable":true,"href":"https:\/\/peopleofcostarica.com\/es\/wp-json\/wp\/v2\/comments?post=1900"}],"version-history":[{"count":1,"href":"https:\/\/peopleofcostarica.com\/es\/wp-json\/wp\/v2\/posts\/1900\/revisions"}],"predecessor-version":[{"id":1904,"href":"https:\/\/peopleofcostarica.com\/es\/wp-json\/wp\/v2\/posts\/1900\/revisions\/1904"}],"wp:featuredmedia":[{"embeddable":true,"href":"https:\/\/peopleofcostarica.com\/es\/wp-json\/wp\/v2\/media\/1901"}],"wp:attachment":[{"href":"https:\/\/peopleofcostarica.com\/es\/wp-json\/wp\/v2\/media?parent=1900"}],"wp:term":[{"taxonomy":"category","embeddable":true,"href":"https:\/\/peopleofcostarica.com\/es\/wp-json\/wp\/v2\/categories?post=1900"},{"taxonomy":"post_tag","embeddable":true,"href":"https:\/\/peopleofcostarica.com\/es\/wp-json\/wp\/v2\/tags?post=1900"}],"curies":[{"name":"wp","href":"https:\/\/api.w.org\/{rel}","templated":true}]}}