{"id":1890,"date":"2025-03-13T16:10:00","date_gmt":"2025-03-13T16:10:00","guid":{"rendered":"https:\/\/peopleofcostarica.com\/?p=1890"},"modified":"2025-03-13T16:20:11","modified_gmt":"2025-03-13T16:20:11","slug":"orquesta-sinfonica-nacional-realizara-gira-de-conciertos-por-comunidades-de-desamparados-santa-ana-y-guanacaste","status":"publish","type":"post","link":"https:\/\/peopleofcostarica.com\/es\/orquesta-sinfonica-nacional-realizara-gira-de-conciertos-por-comunidades-de-desamparados-santa-ana-y-guanacaste\/","title":{"rendered":"Orquesta Sinf\u00f3nica Nacional realizar\u00e1 gira de conciertos por comunidades de Desamparados, Santa Ana y Guanacaste"},"content":{"rendered":"\n<p>Con un repertorio musical que incluye obras de Gioachino Rossini, Leroy Anderson, John Williams, Vinicio Meza y Carlos Guzm\u00e1n, la Benem\u00e9rita Orquesta Sinf\u00f3nica Nacional de Costa Rica (OSNCR) realizar\u00e1 una gira de seis conciertos gratuitos por los cantones de Desamparados y Santa Ana en San Jos\u00e9, as\u00ed como Nandayure, Hojancha y Nicoya, en Guanacaste.<\/p>\n\n\n\n<ul class=\"wp-block-list\">\n<li><strong>Ser\u00e1n seis conciertos gratuitos, del 14 al 21 de marzo, bajo la direcci\u00f3n del nacional Delberth Castell\u00f3n, como invitado<\/strong><\/li>\n\n\n\n<li><strong>En Guanacaste, las presentaciones ser\u00e1n en Nandayure, Hojancha y Nicoya<\/strong><\/li>\n<\/ul>\n\n\n\n<p><strong>San Jos\u00e9, 11 de marzo de 2025.&nbsp;<\/strong>Con un repertorio musical que incluye obras de Gioachino Rossini, Leroy Anderson, John Williams, Vinicio Meza y Carlos Guzm\u00e1n, la Benem\u00e9rita Orquesta Sinf\u00f3nica Nacional de Costa Rica (OSNCR) realizar\u00e1 una gira de seis conciertos gratuitos por los cantones de Desamparados y Santa Ana en San Jos\u00e9, as\u00ed como Nandayure, Hojancha y Nicoya, en Guanacaste.&nbsp;<\/p>\n\n\n\n<p>Del 14 al 21 de marzo, la agrupaci\u00f3n se presentar\u00e1 de forma gratuita en iglesias y centros educativos de estas comunidades, como parte de los m\u00e1s de 50 conciertos de extensi\u00f3n cultural programados por la OSNCR para este 2025.<\/p>\n\n\n\n<p>El director invitado para esta gira es el costarricense Delberh Castell\u00f3n, integrante de la OSNCR en la secci\u00f3n de oboes, quien ha dirigido a la OSNCR en diferentes ocasiones; sin embargo, esta ser\u00e1 su primera experiencia fuera de la Gran \u00c1rea Metropolitana.&nbsp;<\/p>\n\n\n\n<p>A continuaci\u00f3n, la programaci\u00f3n de los conciertos:<\/p>\n\n\n\n<ul class=\"wp-block-list\">\n<li>Viernes 14 de marzo, 7 p.m., Parroquia Nuestra Se\u00f1ora de los Desamparados, en Desamparados<\/li>\n\n\n\n<li>Lunes 17 de marzo, 9:30 a.m., Liceo de Santa Ana\u00a0\u00a0\u00a0\u00a0\u00a0\u00a0\u00a0\u00a0\u00a0<\/li>\n<\/ul>\n\n\n\n<ul class=\"wp-block-list\">\n<li>Martes 18 de marzo, 6:30 p.m., Parroquia de Nandayure\u00a0\u00a0\u00a0\u00a0\u00a0\u00a0\u00a0\u00a0\u00a0\u00a0<\/li>\n\n\n\n<li>Mi\u00e9rcoles 19 de marzo, 6 p.m., Parroquia de Hojancha\u00a0\u00a0<\/li>\n\n\n\n<li>Jueves 20 de marzo, 10 a.m., CTP de Corralillo de Nicoya\u00a0\u00a0\u00a0\u00a0\u00a0\u00a0\u00a0\u00a0\u00a0\u00a0<\/li>\n\n\n\n<li>Viernes 21 de marzo, 10 a.m., Colegio Human\u00edstico Costarricense, Nicoya<\/li>\n<\/ul>\n\n\n\n<p>\u201cEsta semana comenzaremos los ensayos para los conciertos en San Jos\u00e9 y Guanacaste, visitando diferentes comunidades y colegios con un repertorio de obras llenas de mucha energ\u00eda y brillantes. Interpretaremos m\u00fasica de grandes compositores universales como Rossini, Bernstein y John Williams; tambi\u00e9n m\u00fasica de los compositores nacionales Carlos Guzm\u00e1n y Vinicio Meza, por lo cual invitamos a los vecinos de estas zonas a acompa\u00f1arnos a estos conciertos\u201d, coment\u00f3 Delberth Castell\u00f3n, director invitado.<\/p>\n\n\n\n<p>Adem\u00e1s de los conciertos con la OSNCR, el martes 18 de marzo un quinteto de la OSNCR realizar\u00e1 una presentaci\u00f3n musical para los estudiantes del Liceo de Samara. Seg\u00fan detall\u00f3 el Centro Nacional de la M\u00fasica, instituci\u00f3n a la que pertenece la OSNCR, este formato se implementa en centros educativos que no cuentan con gimnasio o un espacio con las dimensiones adecuadas para un concierto con toda la orquesta sinf\u00f3nica.<\/p>\n\n\n\n<p><\/p>\n","protected":false},"excerpt":{"rendered":"<p>Con un repertorio musical que incluye obras de Gioachino Rossini, Leroy Anderson, John Williams, Vinicio Meza y Carlos Guzm\u00e1n, la Benem\u00e9rita Orquesta Sinf\u00f3nica Nacional de Costa Rica (OSNCR) realizar\u00e1 una gira de seis conciertos gratuitos por los cantones de Desamparados y Santa Ana en San Jos\u00e9, as\u00ed como Nandayure, Hojancha y Nicoya, en Guanacaste. San [&hellip;]<\/p>\n","protected":false},"author":14,"featured_media":1894,"comment_status":"open","ping_status":"open","sticky":false,"template":"","format":"standard","meta":{"footnotes":""},"categories":[87],"tags":[],"class_list":["post-1890","post","type-post","status-publish","format-standard","has-post-thumbnail","hentry","category-noticias"],"_links":{"self":[{"href":"https:\/\/peopleofcostarica.com\/es\/wp-json\/wp\/v2\/posts\/1890","targetHints":{"allow":["GET"]}}],"collection":[{"href":"https:\/\/peopleofcostarica.com\/es\/wp-json\/wp\/v2\/posts"}],"about":[{"href":"https:\/\/peopleofcostarica.com\/es\/wp-json\/wp\/v2\/types\/post"}],"author":[{"embeddable":true,"href":"https:\/\/peopleofcostarica.com\/es\/wp-json\/wp\/v2\/users\/14"}],"replies":[{"embeddable":true,"href":"https:\/\/peopleofcostarica.com\/es\/wp-json\/wp\/v2\/comments?post=1890"}],"version-history":[{"count":2,"href":"https:\/\/peopleofcostarica.com\/es\/wp-json\/wp\/v2\/posts\/1890\/revisions"}],"predecessor-version":[{"id":1897,"href":"https:\/\/peopleofcostarica.com\/es\/wp-json\/wp\/v2\/posts\/1890\/revisions\/1897"}],"wp:featuredmedia":[{"embeddable":true,"href":"https:\/\/peopleofcostarica.com\/es\/wp-json\/wp\/v2\/media\/1894"}],"wp:attachment":[{"href":"https:\/\/peopleofcostarica.com\/es\/wp-json\/wp\/v2\/media?parent=1890"}],"wp:term":[{"taxonomy":"category","embeddable":true,"href":"https:\/\/peopleofcostarica.com\/es\/wp-json\/wp\/v2\/categories?post=1890"},{"taxonomy":"post_tag","embeddable":true,"href":"https:\/\/peopleofcostarica.com\/es\/wp-json\/wp\/v2\/tags?post=1890"}],"curies":[{"name":"wp","href":"https:\/\/api.w.org\/{rel}","templated":true}]}}