{"id":1878,"date":"2025-03-13T15:00:00","date_gmt":"2025-03-13T15:00:00","guid":{"rendered":"https:\/\/peopleofcostarica.com\/?p=1878"},"modified":"2025-03-13T16:01:33","modified_gmt":"2025-03-13T16:01:33","slug":"teatro-vargas-calvo-alberga-infierno-obra-ganadora-del-concurso-nacional-de-dramaturgia-inedita-2024","status":"publish","type":"post","link":"https:\/\/peopleofcostarica.com\/es\/teatro-vargas-calvo-alberga-infierno-obra-ganadora-del-concurso-nacional-de-dramaturgia-inedita-2024\/","title":{"rendered":"Teatro Vargas Calvo alberga \u201cInfierno\u201d obra ganadora del Concurso Nacional de Dramaturgia In\u00e9dita 2024"},"content":{"rendered":"\n<p class=\"has-white-color has-vivid-red-background-color has-text-color has-background has-link-color has-medium-font-size wp-elements-e0ad5a104f3ff27ef04846f95663a9e1\"><strong>El Teatro Vargas Calvo, espacio que forma parte del Teatro Nacional de Costa Rica (TNCR), ofrece actualmente las funciones de \u201cInfierno\u201d, de Ailyn Morera, obra ganadora del Concurso Nacional de Dramaturgia In\u00e9dita del TNCR. Funciones viernes y s\u00e1bado, 8 p.m., y domingos, 5 p.m., hasta el 23 de marzo de 2025<\/strong><\/p>\n\n\n\n<ul class=\"wp-block-list\">\n<li><strong>Funciones viernes y s\u00e1bado, 8 p.m., y domingos, 5 p.m., hasta el 23 de marzo de 2025<\/strong><\/li>\n<\/ul>\n\n\n\n<p><strong>San Jos\u00e9, 12 de marzo de 2025.&nbsp;<\/strong>El Teatro Vargas Calvo, espacio que forma parte del Teatro Nacional de Costa Rica (TNCR), ofrece actualmente las funciones de \u201cInfierno\u201d, de Ailyn Morera, obra ganadora del Concurso Nacional de Dramaturgia In\u00e9dita del TNCR, bajo la direcci\u00f3n de Paula Rojas Amador.<\/p>\n\n\n\n<p>La temporada se presenta en funciones viernes y s\u00e1bado, a las 8 p.m., y los domingos, a las 5 p.m., hasta el 23 de marzo de 2025.<\/p>\n\n\n\n<p>\u201cEste 2025 vamos a traer cinco proyectos importantes a nivel teatral a esta sala, por lo que nos complace iniciar con la obra \u2018Infierno\u2019, de Ailyn Morera Ugalde, ganadora del XIX Concurso Nacional de Dramaturgia In\u00e9dita. Invitamos al p\u00fablico a disfrutar de esta oferta cultural que celebra tanto el talento nacional y que expone varios temas relevantes de la sociedad costarricense\u201d, coment\u00f3 Guillermo Madriz, director general del TNCR.<\/p>\n\n\n\n<p>La obra \u201cInfierno\u201d ofrece una amplia mirada a la realidad nacional y a lo que viven los individuos, no solo en su entorno inmediato, sino tambi\u00e9n en su interior.&nbsp;<\/p>\n\n\n\n<p>\u201cNos sorprender\u00eda darnos cuenta de la cantidad de veces que hemos transitado por el \u2018Infierno\u2019 creyendo que est\u00e1bamos en casa. Nos han ense\u00f1ado a llamarle \u2018pura vida\u2019, como un mantra extinto. Cerramos los ojos negando aceptar la procesi\u00f3n que llevamos por dentro. \u00bfQu\u00e9 podemos hacer?\u201d, expres\u00f3 Paula Rojas Amador, directora del montaje.<\/p>\n\n\n\n<p>\u201cEl proceso de creaci\u00f3n de la obra Infierno ha representado para el equipo art\u00edstico y para m\u00ed, una mirada hacia nuestra propia historia, nuestros recuerdos, y deseos como pa\u00eds. El vecindario, la posibilidad de jugar en la calle hasta el anochecer, los turnos, la pulper\u00eda y el hoy. El p\u00fablico va a encontrar en \u2018Infierno\u2019 una realidad que nos une, una propuesta sensible realizada con un grupo de excelentes artistas que nos invitan a trav\u00e9s del espacio, el sonido, el video y la interpretaci\u00f3n a cuestionarnos el futuro de nuestro pa\u00eds, el de nuestras familias y el de nuestra ni\u00f1ez\u201d, asegur\u00f3 la directora.<\/p>\n\n\n\n<p>El elenco de la puesta en escena lo conforman: Ana Ulate Sancho, Natalia Chac\u00f3n Taylor, Gabriel Araya Hern\u00e1ndez y Ana Beatriz Fern\u00e1ndez Gonz\u00e1lez.<\/p>\n\n\n\n<p>Las entradas para este espect\u00e1culo tienen un costo general de&nbsp;\u20a18.000 colones; estudiantes y adultos mayores con carn\u00e9,&nbsp;\u20a15.500 colones. Los boletos se pueden adquirir en la boleter\u00eda f\u00edsica del Teatro Vargas Calvo y en&nbsp;<a href=\"https:\/\/boleteria.teatronacional.go.cr\/\" target=\"_blank\" rel=\"noreferrer noopener\">https:\/\/boleteria.teatronacional.go.cr\/<\/a>&nbsp;<\/p>\n","protected":false},"excerpt":{"rendered":"<p>El Teatro Vargas Calvo, espacio que forma parte del Teatro Nacional de Costa Rica (TNCR), ofrece actualmente las funciones de \u201cInfierno\u201d, de Ailyn Morera, obra ganadora del Concurso Nacional de Dramaturgia In\u00e9dita del TNCR. Funciones viernes y s\u00e1bado, 8 p.m., y domingos, 5 p.m., hasta el 23 de marzo de 2025 San Jos\u00e9, 12 de [&hellip;]<\/p>\n","protected":false},"author":14,"featured_media":1879,"comment_status":"open","ping_status":"open","sticky":false,"template":"","format":"standard","meta":{"footnotes":""},"categories":[1],"tags":[],"class_list":["post-1878","post","type-post","status-publish","format-standard","has-post-thumbnail","hentry","category-sin-categorizar"],"_links":{"self":[{"href":"https:\/\/peopleofcostarica.com\/es\/wp-json\/wp\/v2\/posts\/1878","targetHints":{"allow":["GET"]}}],"collection":[{"href":"https:\/\/peopleofcostarica.com\/es\/wp-json\/wp\/v2\/posts"}],"about":[{"href":"https:\/\/peopleofcostarica.com\/es\/wp-json\/wp\/v2\/types\/post"}],"author":[{"embeddable":true,"href":"https:\/\/peopleofcostarica.com\/es\/wp-json\/wp\/v2\/users\/14"}],"replies":[{"embeddable":true,"href":"https:\/\/peopleofcostarica.com\/es\/wp-json\/wp\/v2\/comments?post=1878"}],"version-history":[{"count":4,"href":"https:\/\/peopleofcostarica.com\/es\/wp-json\/wp\/v2\/posts\/1878\/revisions"}],"predecessor-version":[{"id":1888,"href":"https:\/\/peopleofcostarica.com\/es\/wp-json\/wp\/v2\/posts\/1878\/revisions\/1888"}],"wp:featuredmedia":[{"embeddable":true,"href":"https:\/\/peopleofcostarica.com\/es\/wp-json\/wp\/v2\/media\/1879"}],"wp:attachment":[{"href":"https:\/\/peopleofcostarica.com\/es\/wp-json\/wp\/v2\/media?parent=1878"}],"wp:term":[{"taxonomy":"category","embeddable":true,"href":"https:\/\/peopleofcostarica.com\/es\/wp-json\/wp\/v2\/categories?post=1878"},{"taxonomy":"post_tag","embeddable":true,"href":"https:\/\/peopleofcostarica.com\/es\/wp-json\/wp\/v2\/tags?post=1878"}],"curies":[{"name":"wp","href":"https:\/\/api.w.org\/{rel}","templated":true}]}}