{"id":1868,"date":"2025-03-13T15:37:44","date_gmt":"2025-03-13T15:37:44","guid":{"rendered":"https:\/\/peopleofcostarica.com\/?p=1868"},"modified":"2025-03-13T15:37:45","modified_gmt":"2025-03-13T15:37:45","slug":"exposicion-instrospeccion-de-javier-marten-l-museo-dr-rafael-calderon-guardia","status":"publish","type":"post","link":"https:\/\/peopleofcostarica.com\/es\/exposicion-instrospeccion-de-javier-marten-l-museo-dr-rafael-calderon-guardia\/","title":{"rendered":"Exposici\u00f3n Instrospecci\u00f3n de Javier Mart\u00e9n l Museo Dr. Rafael Calder\u00f3n Guardia"},"content":{"rendered":"\n<p>La muestra \u201cIntrospecci\u00f3n\u201d de Javier Mart\u00e9n explora la tridimensionalidad.<\/p>\n\n\n\n<p>Extrae elementos de sus pinturas, capturando la esencia de sus obras en esculturas, ofreciendo una nueva perspectiva de su lenguaje art\u00edstico.<\/p>\n\n\n\n<h3 class=\"wp-block-heading\">Fecha<\/h3>\n\n\n\n<p>13 de Febrero 2025&nbsp;&#8211;&nbsp;29 de Marzo 2025<\/p>\n\n\n\n<h3 class=\"wp-block-heading\">Horario<\/h3>\n\n\n\n<p>9 a.m. a 5 p.m.<\/p>\n\n\n\n<h3 class=\"wp-block-heading\">Lugar<\/h3>\n\n\n\n<p>Museo Rafael \u00c1ngel Calder\u00f3n Guardia<\/p>\n\n\n\n<h3 class=\"wp-block-heading\">Costo<\/h3>\n\n\n\n<p>Gratuita<\/p>\n\n\n\n<h3 class=\"wp-block-heading\">Vinculaci\u00f3n con el Ministerio<\/h3>\n\n\n\n<p>Adscrita<\/p>\n\n\n\n<h3 class=\"wp-block-heading\">Contacto<\/h3>\n\n\n\n<p>Carla Cordero<\/p>\n\n\n\n<p><a href=\"mailto:relacionespublicas@musecal.go.cr\">relacionespublicas@musecal.go.cr<\/a><\/p>\n\n\n\n<p><a href=\"tel:2255-1218\">2255-1218<\/a><\/p>\n","protected":false},"excerpt":{"rendered":"<p>La muestra \u201cIntrospecci\u00f3n\u201d de Javier Mart\u00e9n explora la tridimensionalidad. Extrae elementos de sus pinturas, capturando la esencia de sus obras en esculturas, ofreciendo una nueva perspectiva de su lenguaje art\u00edstico. Fecha 13 de Febrero 2025&nbsp;&#8211;&nbsp;29 de Marzo 2025 Horario 9 a.m. a 5 p.m. Lugar Museo Rafael \u00c1ngel Calder\u00f3n Guardia Costo Gratuita Vinculaci\u00f3n con el [&hellip;]<\/p>\n","protected":false},"author":14,"featured_media":1871,"comment_status":"open","ping_status":"open","sticky":false,"template":"","format":"standard","meta":{"footnotes":""},"categories":[29],"tags":[],"class_list":["post-1868","post","type-post","status-publish","format-standard","has-post-thumbnail","hentry","category-uncategorized"],"_links":{"self":[{"href":"https:\/\/peopleofcostarica.com\/es\/wp-json\/wp\/v2\/posts\/1868","targetHints":{"allow":["GET"]}}],"collection":[{"href":"https:\/\/peopleofcostarica.com\/es\/wp-json\/wp\/v2\/posts"}],"about":[{"href":"https:\/\/peopleofcostarica.com\/es\/wp-json\/wp\/v2\/types\/post"}],"author":[{"embeddable":true,"href":"https:\/\/peopleofcostarica.com\/es\/wp-json\/wp\/v2\/users\/14"}],"replies":[{"embeddable":true,"href":"https:\/\/peopleofcostarica.com\/es\/wp-json\/wp\/v2\/comments?post=1868"}],"version-history":[{"count":1,"href":"https:\/\/peopleofcostarica.com\/es\/wp-json\/wp\/v2\/posts\/1868\/revisions"}],"predecessor-version":[{"id":1875,"href":"https:\/\/peopleofcostarica.com\/es\/wp-json\/wp\/v2\/posts\/1868\/revisions\/1875"}],"wp:featuredmedia":[{"embeddable":true,"href":"https:\/\/peopleofcostarica.com\/es\/wp-json\/wp\/v2\/media\/1871"}],"wp:attachment":[{"href":"https:\/\/peopleofcostarica.com\/es\/wp-json\/wp\/v2\/media?parent=1868"}],"wp:term":[{"taxonomy":"category","embeddable":true,"href":"https:\/\/peopleofcostarica.com\/es\/wp-json\/wp\/v2\/categories?post=1868"},{"taxonomy":"post_tag","embeddable":true,"href":"https:\/\/peopleofcostarica.com\/es\/wp-json\/wp\/v2\/tags?post=1868"}],"curies":[{"name":"wp","href":"https:\/\/api.w.org\/{rel}","templated":true}]}}