{"id":15906,"date":"2026-09-03T16:21:48","date_gmt":"2026-09-03T22:21:48","guid":{"rendered":"https:\/\/peopleofcostarica.com\/?p=15906"},"modified":"2026-09-03T16:21:49","modified_gmt":"2026-09-03T22:21:49","slug":"una-campana-que-salva-vidas-lleva-a-la-cruz-roja-costarricense-al-podio-mundial","status":"publish","type":"post","link":"https:\/\/peopleofcostarica.com\/es\/una-campana-que-salva-vidas-lleva-a-la-cruz-roja-costarricense-al-podio-mundial\/","title":{"rendered":"Una campa\u00f1a que salva vidas lleva a la Cruz Roja Costarricense al podio mundial"},"content":{"rendered":"\n<p class=\"wp-block-paragraph\">Una iniciativa creada para ense\u00f1ar primeros auxilios de forma sencilla y accesible consigui\u00f3 llevar el trabajo de la Cruz Roja Costarricense hasta una competencia internacional. La campa\u00f1a \u201cMinutos que impactan: Primeros Auxilios que Salvan Vidas\u201d obtuvo el tercer lugar en la categor\u00eda de Concientizaci\u00f3n P\u00fablica de la Copa Mundial de Primeros Auxilios 2026, celebrada en Dub\u00e1i, Emiratos \u00c1rabes Unidos.<\/p>\n\n\n\n<p class=\"wp-block-paragraph\">El reconocimiento destac\u00f3 una estrategia que naci\u00f3 con un objetivo principalmente educativo: acercar conocimientos b\u00e1sicos de primeros auxilios a la poblaci\u00f3n y mostrar c\u00f3mo una reacci\u00f3n adecuada durante los primeros minutos de una emergencia puede marcar una diferencia.<\/p>\n\n\n\n<h2 class=\"wp-block-heading\">Una campa\u00f1a nacida para educar<\/h2>\n\n\n\n<p class=\"wp-block-paragraph\">La estrategia fue desarrollada a finales de 2025 por la Cruz Roja Costarricense y utiliz\u00f3 contenidos digitales para explicar c\u00f3mo actuar ante diferentes situaciones que pueden presentarse en la vida cotidiana.<\/p>\n\n\n\n<p class=\"wp-block-paragraph\">Entre los temas abordados estuvieron los atragantamientos, las quemaduras, las cortaduras, las convulsiones, la reanimaci\u00f3n cardiopulmonar (RCP), los paros cardiorrespiratorios y los primeros auxilios psicol\u00f3gicos.<\/p>\n\n\n\n<p class=\"wp-block-paragraph\">La campa\u00f1a busc\u00f3 presentar esta informaci\u00f3n de una manera pr\u00e1ctica y f\u00e1cil de comprender, con el prop\u00f3sito de que m\u00e1s personas puedan reconocer una emergencia y saber cu\u00e1les son las primeras acciones que pueden realizar mientras llega ayuda especializada.<\/p>\n\n\n\n<p class=\"wp-block-paragraph\">Este enfoque coincide con la misi\u00f3n humanitaria m\u00e1s amplia del Movimiento Internacional de la Cruz Roja y de la Media Luna Roja. La IFRC se\u00f1ala que su red est\u00e1 formada por 191 Sociedades Nacionales y millones de voluntarios que trabajan para salvar vidas, fortalecer la resiliencia de las comunidades y proteger la dignidad de las personas.<\/p>\n\n\n\n<h2 class=\"wp-block-heading\">M\u00e1s de un mill\u00f3n de visualizaciones<\/h2>\n\n\n\n<p class=\"wp-block-paragraph\">Uno de los elementos que distingui\u00f3 la iniciativa fue su alcance en plataformas digitales.<\/p>\n\n\n\n<p class=\"wp-block-paragraph\">Seg\u00fan la informaci\u00f3n proporcionada por la Cruz Roja Costarricense, los contenidos superaron las 1,2 millones de visualizaciones y fueron difundidos de manera org\u00e1nica, sin inversi\u00f3n publicitaria.<\/p>\n\n\n\n<p class=\"wp-block-paragraph\">El resultado permiti\u00f3 que una campa\u00f1a desarrollada localmente alcanzara una audiencia mucho m\u00e1s amplia y, posteriormente, fuera seleccionada para representar a la regi\u00f3n de las Am\u00e9ricas en la competencia mundial.<\/p>\n\n\n\n<p class=\"wp-block-paragraph\">M\u00e1s all\u00e1 del n\u00famero de reproducciones, el alcance de este tipo de contenidos tiene una dimensi\u00f3n pr\u00e1ctica: los conocimientos de primeros auxilios pueden ser especialmente importantes durante el intervalo entre una emergencia y la llegada de los servicios profesionales.<\/p>\n\n\n\n<h2 class=\"wp-block-heading\">Del \u00e1mbito regional a una competencia mundial<\/h2>\n\n\n\n<p class=\"wp-block-paragraph\">Antes de llegar a Dub\u00e1i, la propuesta costarricense super\u00f3 una fase regional organizada en el marco de la red internacional de la Cruz Roja y la Media Luna Roja. Gracias a este resultado, la campa\u00f1a avanz\u00f3 para representar a las Am\u00e9ricas en la Copa Mundial de Primeros Auxilios 2026.<\/p>\n\n\n\n<p class=\"wp-block-paragraph\">La competencia reuni\u00f3 iniciativas de diferentes organizaciones y pa\u00edses, poniendo en valor no solamente las capacidades t\u00e9cnicas relacionadas con los primeros auxilios, sino tambi\u00e9n la manera en que estos conocimientos pueden transmitirse a la poblaci\u00f3n.<\/p>\n\n\n\n<p class=\"wp-block-paragraph\">Finalmente, \u201cMinutos que impactan: Primeros Auxilios que Salvan Vidas\u201d consigui\u00f3 el tercer puesto mundial en la categor\u00eda de Concientizaci\u00f3n P\u00fablica.<\/p>\n\n\n\n<h2 class=\"wp-block-heading\">El valor de saber actuar antes de que llegue la ayuda<\/h2>\n\n\n\n<p class=\"wp-block-paragraph\">Una emergencia puede ocurrir en cualquier lugar: en una vivienda, en una carretera, durante una actividad deportiva o simplemente mientras se desarrolla una actividad cotidiana.<\/p>\n\n\n\n<p class=\"wp-block-paragraph\">En esos primeros momentos, las personas que se encuentran cerca de la situaci\u00f3n suelen ser quienes pueden reaccionar inicialmente. Por esta raz\u00f3n, la educaci\u00f3n en primeros auxilios constituye una herramienta de prevenci\u00f3n y preparaci\u00f3n comunitaria.<\/p>\n\n\n\n<p class=\"wp-block-paragraph\">La labor de las Sociedades Nacionales de la Cruz Roja forma parte de una red internacional dedicada precisamente a fortalecer las capacidades de las comunidades frente a emergencias y otros riesgos. La IFRC explica que su trabajo busca colocar recursos y conocimientos m\u00e1s cerca de las comunidades para que puedan responder ante desastres, crisis de salud y otras amenazas.<\/p>\n\n\n\n<p class=\"wp-block-paragraph\">En este contexto, una campa\u00f1a de divulgaci\u00f3n puede tener un impacto que va m\u00e1s all\u00e1 de una competencia internacional: contribuir a que m\u00e1s personas sepan reconocer una situaci\u00f3n de emergencia y conozcan la importancia de actuar correctamente mientras llega la asistencia profesional.<\/p>\n\n\n\n<h2 class=\"wp-block-heading\">Un reconocimiento al trabajo realizado en el pa\u00eds<\/h2>\n\n\n\n<p class=\"wp-block-paragraph\">El tercer lugar obtenido en Dub\u00e1i representa un reconocimiento internacional para la Cruz Roja Costarricense y para una iniciativa que fue concebida y desarrollada a nivel nacional.<\/p>\n\n\n\n<p class=\"wp-block-paragraph\">La campa\u00f1a consigui\u00f3 convertir informaci\u00f3n sobre primeros auxilios en contenidos accesibles para el p\u00fablico general y demostrar que la educaci\u00f3n tambi\u00e9n puede ser una herramienta de preparaci\u00f3n ante emergencias.<\/p>\n\n\n\n<p class=\"wp-block-paragraph\">Con este reconocimiento, el trabajo realizado a trav\u00e9s de \u201cMinutos que impactan: Primeros Auxilios que Salvan Vidas\u201d se posicion\u00f3 entre las iniciativas destacadas a nivel mundial en materia de concientizaci\u00f3n p\u00fablica sobre primeros auxilios.<\/p>\n","protected":false},"excerpt":{"rendered":"<p>Una iniciativa creada para ense\u00f1ar primeros auxilios de forma sencilla y accesible consigui\u00f3 llevar el trabajo de la Cruz Roja Costarricense hasta una competencia internacional. La campa\u00f1a \u201cMinutos que impactan: Primeros Auxilios que Salvan Vidas\u201d obtuvo el tercer lugar en la categor\u00eda de Concientizaci\u00f3n P\u00fablica de la Copa Mundial de Primeros Auxilios 2026, celebrada en [&hellip;]<\/p>\n","protected":false},"author":16,"featured_media":15907,"comment_status":"open","ping_status":"open","sticky":false,"template":"","format":"standard","meta":{"footnotes":""},"categories":[87,93],"tags":[],"class_list":["post-15906","post","type-post","status-publish","format-standard","has-post-thumbnail","hentry","category-noticias","category-costa-rica-en-el-mundo"],"_links":{"self":[{"href":"https:\/\/peopleofcostarica.com\/es\/wp-json\/wp\/v2\/posts\/15906","targetHints":{"allow":["GET"]}}],"collection":[{"href":"https:\/\/peopleofcostarica.com\/es\/wp-json\/wp\/v2\/posts"}],"about":[{"href":"https:\/\/peopleofcostarica.com\/es\/wp-json\/wp\/v2\/types\/post"}],"author":[{"embeddable":true,"href":"https:\/\/peopleofcostarica.com\/es\/wp-json\/wp\/v2\/users\/16"}],"replies":[{"embeddable":true,"href":"https:\/\/peopleofcostarica.com\/es\/wp-json\/wp\/v2\/comments?post=15906"}],"version-history":[{"count":1,"href":"https:\/\/peopleofcostarica.com\/es\/wp-json\/wp\/v2\/posts\/15906\/revisions"}],"predecessor-version":[{"id":15908,"href":"https:\/\/peopleofcostarica.com\/es\/wp-json\/wp\/v2\/posts\/15906\/revisions\/15908"}],"wp:featuredmedia":[{"embeddable":true,"href":"https:\/\/peopleofcostarica.com\/es\/wp-json\/wp\/v2\/media\/15907"}],"wp:attachment":[{"href":"https:\/\/peopleofcostarica.com\/es\/wp-json\/wp\/v2\/media?parent=15906"}],"wp:term":[{"taxonomy":"category","embeddable":true,"href":"https:\/\/peopleofcostarica.com\/es\/wp-json\/wp\/v2\/categories?post=15906"},{"taxonomy":"post_tag","embeddable":true,"href":"https:\/\/peopleofcostarica.com\/es\/wp-json\/wp\/v2\/tags?post=15906"}],"curies":[{"name":"wp","href":"https:\/\/api.w.org\/{rel}","templated":true}]}}