{"id":15886,"date":"2026-09-03T16:13:54","date_gmt":"2026-09-03T22:13:54","guid":{"rendered":"https:\/\/peopleofcostarica.com\/?p=15886"},"modified":"2026-09-03T16:13:55","modified_gmt":"2026-09-03T22:13:55","slug":"dota-y-orotina-impulsan-nuevos-espacios-comunitarios-para-las-personas-mayores","status":"publish","type":"post","link":"https:\/\/peopleofcostarica.com\/es\/dota-y-orotina-impulsan-nuevos-espacios-comunitarios-para-las-personas-mayores\/","title":{"rendered":"Dota y Orotina impulsan nuevos espacios comunitarios para las personas mayores"},"content":{"rendered":"\n<p class=\"wp-block-paragraph\">Las comunidades de Dota y Orotina desarrollar\u00e1n nuevos espacios destinados a promover el bienestar, la participaci\u00f3n y el contacto con la naturaleza de las personas mayores. Cada municipalidad recibir\u00e1 <strong>US$10.000<\/strong> para poner en marcha un proyecto de Jard\u00edn de Bienestar, tras ser seleccionada entre 17 propuestas presentadas al concurso <strong>Semillas para la Acci\u00f3n<\/strong>, impulsado por la Fundaci\u00f3n Yamuni Tabush.<\/p>\n\n\n\n<p class=\"wp-block-paragraph\">Los proyectos buscan transformar o recuperar espacios comunitarios para que las personas mayores puedan participar activamente en actividades de convivencia, aprendizaje, contacto con la naturaleza y envejecimiento activo.<\/p>\n\n\n\n<h2 class=\"wp-block-heading\">Dos comunidades seleccionadas entre 17 propuestas<\/h2>\n\n\n\n<p class=\"wp-block-paragraph\">La convocatoria estuvo dirigida a gobiernos locales que forman parte de la <strong>Red de Ciudades y Comunidades Amigables con las Personas Mayores<\/strong>. De las 17 propuestas recibidas, Dota y Orotina fueron seleccionadas para recibir el financiamiento disponible en esta primera etapa.<\/p>\n\n\n\n<p class=\"wp-block-paragraph\">La iniciativa se basa en la idea de que los espacios p\u00fablicos y comunitarios pueden desempe\u00f1ar un papel importante en la calidad de vida durante la vejez. De acuerdo con la Organizaci\u00f3n Panamericana de la Salud (OPS), una comunidad amigable con las personas mayores adapta sus servicios, estructuras y entornos para responder mejor a las necesidades de una poblaci\u00f3n que envejece, favoreciendo la salud, la seguridad, la inclusi\u00f3n y la autonom\u00eda.<\/p>\n\n\n\n<h2 class=\"wp-block-heading\">Dota recuperar\u00e1 un jard\u00edn terap\u00e9utico<\/h2>\n\n\n\n<p class=\"wp-block-paragraph\">En <strong>Copey de Dota<\/strong>, los fondos permitir\u00e1n rehabilitar el <strong>Huerto y Jard\u00edn Terap\u00e9utico Valle de la Alegr\u00eda<\/strong>, ubicado cerca del centro de poblaci\u00f3n.<\/p>\n\n\n\n<p class=\"wp-block-paragraph\">El proyecto contempla mejoras en elementos como la iluminaci\u00f3n, la se\u00f1alizaci\u00f3n, las aceras y las rampas, con el objetivo de crear un espacio m\u00e1s accesible y seguro para personas de diferentes edades y condiciones.<\/p>\n\n\n\n<p class=\"wp-block-paragraph\">Tambi\u00e9n se desarrollar\u00e1n actividades de siembra, capacitaci\u00f3n y dise\u00f1o participativo. Las personas mayores del grupo Valle de la Alegr\u00eda tendr\u00e1n un papel activo en el proceso, junto con la Municipalidad de Dota, cooperativas locales, el INA, el ICE, la Asociaci\u00f3n de Desarrollo de Copey de Dota, universidades, empresas privadas y personas voluntarias.<\/p>\n\n\n\n<p class=\"wp-block-paragraph\">La propuesta busca que el jard\u00edn no sea \u00fanicamente un espacio f\u00edsico, sino tambi\u00e9n un lugar para fortalecer las relaciones entre vecinos, fomentar la participaci\u00f3n y generar un mayor sentido de pertenencia dentro de la comunidad.<\/p>\n\n\n\n<h2 class=\"wp-block-heading\">Orotina crear\u00e1 un jard\u00edn para atraer polinizadores<\/h2>\n\n\n\n<p class=\"wp-block-paragraph\">En <strong>El Mastate de Guayabal, Orotina<\/strong>, se desarrollar\u00e1 el <strong>Proyecto Colibr\u00ed<\/strong>, un jard\u00edn comunitario que tendr\u00e1 como uno de sus principales objetivos favorecer la presencia de polinizadores mediante la utilizaci\u00f3n de plantas nativas.<\/p>\n\n\n\n<p class=\"wp-block-paragraph\">Las personas mayores del grupo <strong>Gotas de Sabidur\u00eda<\/strong> tendr\u00e1n un papel central en el proyecto. Participar\u00e1n en talleres relacionados con el conocimiento, cultivo y protecci\u00f3n de especies aut\u00f3ctonas, combinando as\u00ed participaci\u00f3n comunitaria, aprendizaje y conservaci\u00f3n de la biodiversidad.<\/p>\n\n\n\n<p class=\"wp-block-paragraph\">El proyecto tambi\u00e9n contempla la elaboraci\u00f3n de un compendio ilustrado de las plantas que sean sembradas. Este registro servir\u00e1 como herramienta educativa y permitir\u00e1 conservar el conocimiento generado por la comunidad para las futuras generaciones.<\/p>\n\n\n\n<h2 class=\"wp-block-heading\">Una iniciativa vinculada al envejecimiento activo<\/h2>\n\n\n\n<p class=\"wp-block-paragraph\">La creaci\u00f3n de estos jardines se relaciona con un enfoque m\u00e1s amplio sobre el envejecimiento saludable y la participaci\u00f3n de las personas mayores en sus comunidades.<\/p>\n\n\n\n<p class=\"wp-block-paragraph\">La OPS se\u00f1ala que las ciudades y comunidades amigables deben ofrecer a las personas mayores oportunidades para participar en la vida cotidiana, desarrollarse como individuos y contribuir activamente a su comunidad. Tambi\u00e9n buscan favorecer que puedan envejecer con dignidad y autonom\u00eda.<\/p>\n\n\n\n<p class=\"wp-block-paragraph\">En Costa Rica, esta perspectiva forma parte de un trabajo desarrollado durante varios a\u00f1os para adaptar los entornos locales al envejecimiento de la poblaci\u00f3n. En 2024, la OPS inform\u00f3 que el pa\u00eds contaba con 30 cantones adheridos a la iniciativa de Ciudades y Comunidades Amigables con las Personas Mayores, entre ellos Dota y Orotina.<\/p>\n\n\n\n<p class=\"wp-block-paragraph\">La informaci\u00f3n m\u00e1s reciente disponible en la plataforma regional de la OPS registra adem\u00e1s nuevas incorporaciones costarricenses, lo que refleja la expansi\u00f3n progresiva de esta red en el pa\u00eds.<\/p>\n\n\n\n<h2 class=\"wp-block-heading\">Los espacios comunitarios como lugares de encuentro<\/h2>\n\n\n\n<p class=\"wp-block-paragraph\">El concepto de Jardines de Bienestar parte de una idea sencilla: aprovechar espacios existentes para crear lugares donde las personas puedan encontrarse, participar y mantenerse vinculadas con su comunidad.<\/p>\n\n\n\n<p class=\"wp-block-paragraph\">CONAPAM, el Consejo Nacional de la Persona Adulta Mayor, tambi\u00e9n contempla dentro de sus programas acciones destinadas a favorecer la permanencia de las personas mayores en sus familias y comunidades, as\u00ed como su independencia, autonom\u00eda y dignidad.<\/p>\n\n\n\n<p class=\"wp-block-paragraph\">Adem\u00e1s, entre las modalidades de atenci\u00f3n promovidas por CONAPAM se encuentran los centros diurnos y las redes de cuido, modelos que involucran a gobiernos locales, instituciones y organizaciones comunitarias en la atenci\u00f3n y participaci\u00f3n de las personas mayores.<\/p>\n\n\n\n<p class=\"wp-block-paragraph\">En este contexto, iniciativas como las de Dota y Orotina buscan complementar las estructuras existentes mediante espacios abiertos a la participaci\u00f3n comunitaria.<\/p>\n\n\n\n<h2 class=\"wp-block-heading\">Una iniciativa que podr\u00eda extenderse a otras comunidades<\/h2>\n\n\n\n<p class=\"wp-block-paragraph\">La Fundaci\u00f3n Yamuni Tabush indic\u00f3 que los recursos disponibles para el concurso permitieron financiar \u00fanicamente dos de las 17 propuestas recibidas.<\/p>\n\n\n\n<p class=\"wp-block-paragraph\">Ante el inter\u00e9s generado por la convocatoria, la organizaci\u00f3n se\u00f1al\u00f3 que buscar\u00e1 nuevos patrocinadores entre empresas, fundaciones y otras entidades con el objetivo de ampliar el financiamiento a proyectos de otros cantones.<\/p>\n\n\n\n<p class=\"wp-block-paragraph\">Desde 2023, la Fundaci\u00f3n ha desarrollado proyectos de Jardines de Bienestar junto con municipalidades y organizaciones comunitarias en diferentes lugares del pa\u00eds, incluyendo La Florida y Le\u00f3n XIII de Tib\u00e1s, Parque La Libertad, Hatillos y San Francisco de Dos R\u00edos. Tambi\u00e9n se encuentra en construcci\u00f3n otro espacio en la Cl\u00ednica Dr. Moreno Ca\u00f1as.<\/p>\n\n\n\n<p class=\"wp-block-paragraph\">Para Dota y Orotina, los nuevos proyectos representan una oportunidad para convertir espacios locales en lugares de encuentro, participaci\u00f3n y aprendizaje, colocando a las personas mayores en el centro de la vida comunitaria.<\/p>\n\n\n\n<h3 class=\"wp-block-heading\">Fuentes oficiales y de referencia<\/h3>\n\n\n\n<ul class=\"wp-block-list\">\n<li><strong>OPS\/OMS:<\/strong> informaci\u00f3n sobre Ciudades y Comunidades Amigables con las Personas Mayores y la participaci\u00f3n de Dota y Orotina en la red.<\/li>\n\n\n\n<li><strong>CONAPAM:<\/strong> programas y modalidades de atenci\u00f3n para personas adultas mayores.<\/li>\n\n\n\n<li><strong>Fundaci\u00f3n Yamuni Tabush:<\/strong> informaci\u00f3n sobre la iniciativa de Jardines de Bienestar y el concurso Semillas para la Acci\u00f3n.<\/li>\n<\/ul>\n","protected":false},"excerpt":{"rendered":"<p>Las comunidades de Dota y Orotina desarrollar\u00e1n nuevos espacios destinados a promover el bienestar, la participaci\u00f3n y el contacto con la naturaleza de las personas mayores. Cada municipalidad recibir\u00e1 US$10.000 para poner en marcha un proyecto de Jard\u00edn de Bienestar, tras ser seleccionada entre 17 propuestas presentadas al concurso Semillas para la Acci\u00f3n, impulsado por [&hellip;]<\/p>\n","protected":false},"author":16,"featured_media":15887,"comment_status":"open","ping_status":"open","sticky":false,"template":"","format":"standard","meta":{"footnotes":""},"categories":[87],"tags":[],"class_list":["post-15886","post","type-post","status-publish","format-standard","has-post-thumbnail","hentry","category-noticias"],"_links":{"self":[{"href":"https:\/\/peopleofcostarica.com\/es\/wp-json\/wp\/v2\/posts\/15886","targetHints":{"allow":["GET"]}}],"collection":[{"href":"https:\/\/peopleofcostarica.com\/es\/wp-json\/wp\/v2\/posts"}],"about":[{"href":"https:\/\/peopleofcostarica.com\/es\/wp-json\/wp\/v2\/types\/post"}],"author":[{"embeddable":true,"href":"https:\/\/peopleofcostarica.com\/es\/wp-json\/wp\/v2\/users\/16"}],"replies":[{"embeddable":true,"href":"https:\/\/peopleofcostarica.com\/es\/wp-json\/wp\/v2\/comments?post=15886"}],"version-history":[{"count":1,"href":"https:\/\/peopleofcostarica.com\/es\/wp-json\/wp\/v2\/posts\/15886\/revisions"}],"predecessor-version":[{"id":15888,"href":"https:\/\/peopleofcostarica.com\/es\/wp-json\/wp\/v2\/posts\/15886\/revisions\/15888"}],"wp:featuredmedia":[{"embeddable":true,"href":"https:\/\/peopleofcostarica.com\/es\/wp-json\/wp\/v2\/media\/15887"}],"wp:attachment":[{"href":"https:\/\/peopleofcostarica.com\/es\/wp-json\/wp\/v2\/media?parent=15886"}],"wp:term":[{"taxonomy":"category","embeddable":true,"href":"https:\/\/peopleofcostarica.com\/es\/wp-json\/wp\/v2\/categories?post=15886"},{"taxonomy":"post_tag","embeddable":true,"href":"https:\/\/peopleofcostarica.com\/es\/wp-json\/wp\/v2\/tags?post=15886"}],"curies":[{"name":"wp","href":"https:\/\/api.w.org\/{rel}","templated":true}]}}