{"id":15821,"date":"2026-09-01T10:48:10","date_gmt":"2026-09-01T16:48:10","guid":{"rendered":"https:\/\/peopleofcostarica.com\/?p=15821"},"modified":"2026-09-01T10:48:12","modified_gmt":"2026-09-01T16:48:12","slug":"raquel-solis-conquista-su-tercer-titulo-consecutivo-en-xterra-costa-rica","status":"publish","type":"post","link":"https:\/\/peopleofcostarica.com\/es\/raquel-solis-conquista-su-tercer-titulo-consecutivo-en-xterra-costa-rica\/","title":{"rendered":"Raquel Sol\u00eds conquista su tercer t\u00edtulo consecutivo en XTERRA Costa Rica"},"content":{"rendered":"\n<p class=\"wp-block-paragraph\">La triatleta costarricense Raquel Sol\u00eds volvi\u00f3 a subir a lo m\u00e1s alto del podio en Las Catalinas y consigui\u00f3 una nueva victoria en la edici\u00f3n 2026 de XTERRA Costa Rica. Con este resultado, la atleta nacional suma tres t\u00edtulos consecutivos en la categor\u00eda Elite Femenina de la competencia de triatl\u00f3n off-road.<\/p>\n\n\n\n<p class=\"wp-block-paragraph\">La carrera principal se disput\u00f3 el domingo 23 de agosto en Las Catalinas, Guanacaste, como parte de un fin de semana que reuni\u00f3 a deportistas nacionales e internacionales en distintas disciplinas. La organizaci\u00f3n de XTERRA confirm\u00f3 que Sol\u00eds y el estadounidense Sullivan Middaugh fueron los ganadores de las categor\u00edas Elite Femenina y Masculina, respectivamente.<\/p>\n\n\n\n<h2 class=\"wp-block-heading\">Una tercera victoria consecutiva<\/h2>\n\n\n\n<p class=\"wp-block-paragraph\">Sol\u00eds complet\u00f3 el recorrido de la categor\u00eda Full Distance en un tiempo de 2:52:42. La costarricense fue seguida por la estadounidense Suzie Snyder, quien termin\u00f3 con 2:56:33, mientras que la alemana Lorena Erl ocup\u00f3 la tercera posici\u00f3n con un tiempo de 2:57:14.<\/p>\n\n\n\n<p class=\"wp-block-paragraph\">La victoria representa el tercer t\u00edtulo consecutivo de Sol\u00eds en esta prueba. La atleta ya hab\u00eda ganado las ediciones de 2024 y 2025, tambi\u00e9n disputadas en Las Catalinas. De esta manera, se convierte en la principal protagonista de la historia reciente de la categor\u00eda femenina de XTERRA Costa Rica.<\/p>\n\n\n\n<p class=\"wp-block-paragraph\">La propia organizaci\u00f3n se\u00f1al\u00f3 que Sol\u00eds tom\u00f3 la delantera desde el segmento de nataci\u00f3n y logr\u00f3 construir una ventaja inicial. Aunque Snyder consigui\u00f3 acercarse durante el recorrido de bicicleta, la costarricense volvi\u00f3 a marcar diferencias durante la carrera a pie y mantuvo el primer lugar hasta la meta.<\/p>\n\n\n\n<h2 class=\"wp-block-heading\">Un recorrido que combina mar, bicicleta y monta\u00f1a<\/h2>\n\n\n\n<p class=\"wp-block-paragraph\">El XTERRA Full Distance exige a los participantes completar tres disciplinas en un mismo recorrido: nataci\u00f3n en aguas abiertas, ciclismo de monta\u00f1a y carrera por senderos.<\/p>\n\n\n\n<p class=\"wp-block-paragraph\">En la edici\u00f3n 2026, la prueba incluy\u00f3 1,5 kil\u00f3metros de nataci\u00f3n, 26,2 kil\u00f3metros de mountain bike y 10,4 kil\u00f3metros de trail running. El recorrido aprovech\u00f3 distintos escenarios de Las Catalinas y sus alrededores, desde las aguas de Playa Danta hasta los senderos que atraviesan el bosque tropical seco y las calles de la localidad.<\/p>\n\n\n\n<p class=\"wp-block-paragraph\">Las caracter\u00edsticas del terreno convierten a esta modalidad en un desaf\u00edo diferente al triatl\u00f3n tradicional. Los participantes deben combinar resistencia en el agua con habilidades t\u00e9cnicas sobre la bicicleta y capacidad para afrontar senderos, desniveles y condiciones propias del terreno natural.<\/p>\n\n\n\n<h2 class=\"wp-block-heading\">Una competencia con fuerte presencia internacional<\/h2>\n\n\n\n<p class=\"wp-block-paragraph\">La edici\u00f3n 2026 reuni\u00f3 a cerca de 1.000 atletas procedentes de 18 pa\u00edses, seg\u00fan la organizaci\u00f3n y medios nacionales que cubrieron el evento. La competencia tambi\u00e9n cont\u00f3 con la presencia de varios nombres destacados del triatl\u00f3n internacional.<\/p>\n\n\n\n<p class=\"wp-block-paragraph\">Entre ellos estuvo el brit\u00e1nico Alistair Brownlee, doble campe\u00f3n ol\u00edmpico, quien regres\u00f3 al circuito XTERRA para participar en Las Catalinas. Tambi\u00e9n compitieron los estadounidenses Sullivan Middaugh, Porter Middaugh y Josiah Middaugh, adem\u00e1s de Reed Legg y el alem\u00e1n Sebastian Neef.<\/p>\n\n\n\n<p class=\"wp-block-paragraph\">En la categor\u00eda Elite Masculina, Sullivan Middaugh consigui\u00f3 el primer lugar con un tiempo de 2:12:44. Reed Legg termin\u00f3 segundo y Sebastian Neef complet\u00f3 el podio. Brownlee finaliz\u00f3 en la novena posici\u00f3n.<\/p>\n\n\n\n<p class=\"wp-block-paragraph\">La presencia de estos atletas internacionales elev\u00f3 el nivel competitivo de una edici\u00f3n en la que Sol\u00eds consigui\u00f3 mantener su dominio en la categor\u00eda femenina.<\/p>\n\n\n\n<h2 class=\"wp-block-heading\">XTERRA ampl\u00eda su presencia en Guanacaste<\/h2>\n\n\n\n<p class=\"wp-block-paragraph\">La competencia de 2026 no se limit\u00f3 al triatl\u00f3n. Durante tres d\u00edas, Las Catalinas acogi\u00f3 tambi\u00e9n pruebas de trail running, nataci\u00f3n en aguas abiertas, categor\u00edas juveniles y actividades para diferentes grupos de participantes.<\/p>\n\n\n\n<p class=\"wp-block-paragraph\">Una de las novedades de esta edici\u00f3n fue la llegada por primera vez a Costa Rica del XTERRA Americas Trail Run Championship. El campeonato continental incluy\u00f3 las pruebas de Trail Marathon y Trail Half Marathon, con t\u00edtulos que quedaron en manos de corredores costarricenses.<\/p>\n\n\n\n<p class=\"wp-block-paragraph\">Jos\u00e9 Manuel Venegas Romero y Laura Murillo ganaron las categor\u00edas masculinas y femeninas del Trail Marathon, mientras que Pedro Chac\u00f3n y Priscila Sol\u00eds Rojas se impusieron en el Trail Half Marathon. Las pruebas tambi\u00e9n otorgaron oportunidades de clasificaci\u00f3n para el XTERRA Trail Run World Championship de 2027.<\/p>\n\n\n\n<h2 class=\"wp-block-heading\">Las Catalinas, escenario de una creciente tradici\u00f3n deportiva<\/h2>\n\n\n\n<p class=\"wp-block-paragraph\">La relaci\u00f3n entre XTERRA y Las Catalinas comenz\u00f3 en 2024, cuando el evento regres\u00f3 a Costa Rica despu\u00e9s de un per\u00edodo de ausencia y estableci\u00f3 su nueva sede en Guanacaste.<\/p>\n\n\n\n<p class=\"wp-block-paragraph\">Desde entonces, Raquel Sol\u00eds ha ganado las tres ediciones de la prueba Full Distance disputadas en esta sede. La organizaci\u00f3n destaca adem\u00e1s las caracter\u00edsticas del lugar, que permiten concentrar en una misma zona las aguas de Playa Danta, los senderos del bosque tropical seco y el centro de Las Catalinas.<\/p>\n\n\n\n<p class=\"wp-block-paragraph\">El crecimiento de la participaci\u00f3n tambi\u00e9n refleja el inter\u00e9s que ha generado el evento. La edici\u00f3n 2026 reuni\u00f3 a atletas de 18 pa\u00edses y combin\u00f3 competici\u00f3n de alto nivel con pruebas abiertas a diferentes categor\u00edas y edades.<\/p>\n\n\n\n<h2 class=\"wp-block-heading\">Un nuevo cap\u00edtulo para el triatl\u00f3n costarricense<\/h2>\n\n\n\n<p class=\"wp-block-paragraph\">El tercer triunfo consecutivo de Raquel Sol\u00eds consolida una trayectoria destacada dentro del XTERRA Costa Rica y coloca nuevamente a una atleta costarricense en lo m\u00e1s alto de una competencia con participaci\u00f3n internacional.<\/p>\n\n\n\n<p class=\"wp-block-paragraph\">Su victoria de 2026 llega despu\u00e9s de los t\u00edtulos obtenidos en 2024 y 2025, manteniendo una racha perfecta desde el regreso del evento a Las Catalinas. Para el deporte nacional, el resultado representa adem\u00e1s una muestra del nivel que los atletas costarricenses pueden alcanzar en disciplinas que combinan competencia de alto rendimiento y contacto directo con los paisajes naturales del pa\u00eds.<\/p>\n\n\n\n<h3 class=\"wp-block-heading\">Fuentes consultadas<\/h3>\n\n\n\n<p class=\"wp-block-paragraph\">La informaci\u00f3n de este art\u00edculo fue contrastada con la cobertura oficial de XTERRA sobre la edici\u00f3n 2026, la p\u00e1gina oficial del evento XTERRA Costa Rica y publicaciones de la Federaci\u00f3n Unida de Triatl\u00f3n de Costa Rica.<\/p>\n","protected":false},"excerpt":{"rendered":"<p>La triatleta costarricense Raquel Sol\u00eds volvi\u00f3 a subir a lo m\u00e1s alto del podio en Las Catalinas y consigui\u00f3 una nueva victoria en la edici\u00f3n 2026 de XTERRA Costa Rica. Con este resultado, la atleta nacional suma tres t\u00edtulos consecutivos en la categor\u00eda Elite Femenina de la competencia de triatl\u00f3n off-road. La carrera principal se [&hellip;]<\/p>\n","protected":false},"author":16,"featured_media":15822,"comment_status":"open","ping_status":"open","sticky":false,"template":"","format":"standard","meta":{"footnotes":""},"categories":[87,101],"tags":[],"class_list":["post-15821","post","type-post","status-publish","format-standard","has-post-thumbnail","hentry","category-noticias","category-deportes"],"_links":{"self":[{"href":"https:\/\/peopleofcostarica.com\/es\/wp-json\/wp\/v2\/posts\/15821","targetHints":{"allow":["GET"]}}],"collection":[{"href":"https:\/\/peopleofcostarica.com\/es\/wp-json\/wp\/v2\/posts"}],"about":[{"href":"https:\/\/peopleofcostarica.com\/es\/wp-json\/wp\/v2\/types\/post"}],"author":[{"embeddable":true,"href":"https:\/\/peopleofcostarica.com\/es\/wp-json\/wp\/v2\/users\/16"}],"replies":[{"embeddable":true,"href":"https:\/\/peopleofcostarica.com\/es\/wp-json\/wp\/v2\/comments?post=15821"}],"version-history":[{"count":1,"href":"https:\/\/peopleofcostarica.com\/es\/wp-json\/wp\/v2\/posts\/15821\/revisions"}],"predecessor-version":[{"id":15823,"href":"https:\/\/peopleofcostarica.com\/es\/wp-json\/wp\/v2\/posts\/15821\/revisions\/15823"}],"wp:featuredmedia":[{"embeddable":true,"href":"https:\/\/peopleofcostarica.com\/es\/wp-json\/wp\/v2\/media\/15822"}],"wp:attachment":[{"href":"https:\/\/peopleofcostarica.com\/es\/wp-json\/wp\/v2\/media?parent=15821"}],"wp:term":[{"taxonomy":"category","embeddable":true,"href":"https:\/\/peopleofcostarica.com\/es\/wp-json\/wp\/v2\/categories?post=15821"},{"taxonomy":"post_tag","embeddable":true,"href":"https:\/\/peopleofcostarica.com\/es\/wp-json\/wp\/v2\/tags?post=15821"}],"curies":[{"name":"wp","href":"https:\/\/api.w.org\/{rel}","templated":true}]}}