{"id":12696,"date":"2026-04-30T11:52:10","date_gmt":"2026-04-30T17:52:10","guid":{"rendered":"https:\/\/peopleofcostarica.com\/?p=12696"},"modified":"2026-04-30T11:52:11","modified_gmt":"2026-04-30T17:52:11","slug":"costa-rica-inicia-construccion-del-centro-nacional-de-gimnasia-en-heredia","status":"publish","type":"post","link":"https:\/\/peopleofcostarica.com\/es\/costa-rica-inicia-construccion-del-centro-nacional-de-gimnasia-en-heredia\/","title":{"rendered":"Costa Rica inicia construcci\u00f3n del Centro Nacional de Gimnasia en Heredia"},"content":{"rendered":"\n<h3 class=\"wp-block-heading\">Un nuevo espacio deportivo para el pa\u00eds<\/h3>\n\n\n\n<p>La construcci\u00f3n del <strong>Centro Nacional de Gimnasia<\/strong> comenz\u00f3 recientemente en <strong>Heredia<\/strong>, con el objetivo de fortalecer la infraestructura deportiva del pa\u00eds y ofrecer instalaciones especializadas para el desarrollo de la gimnasia en todas sus disciplinas. El proyecto se ubica al costado oeste del <strong>Hospital de Heredia<\/strong> y forma parte de una iniciativa m\u00e1s amplia de impulso al deporte nacional.<\/p>\n\n\n\n<p>La obra representa un paso significativo para los atletas ticos, ya que contar\u00e1 con un gimnasio de entrenamiento dise\u00f1ado con especificaciones t\u00e9cnicas proporcionadas por el <strong>Instituto Costarricense del Deporte y la Recreaci\u00f3n (Icoder)<\/strong>, entidad responsable de coordinar el desarrollo de deportes federados en Costa Rica.<\/p>\n\n\n\n<h3 class=\"wp-block-heading\">Inversi\u00f3n y financiamiento<\/h3>\n\n\n\n<p>La construcci\u00f3n del centro ser\u00e1 financiada con recursos combinados de la <strong>Municipalidad de Heredia<\/strong>, que aportar\u00e1 <strong>\u20a1600 millones<\/strong>, y el <strong>Icoder<\/strong>, que contribuir\u00e1 con <strong>\u20a1500 millones<\/strong>, reflejando un esfuerzo conjunto entre instituciones locales y nacionales para promover el deporte.<\/p>\n\n\n\n<h3 class=\"wp-block-heading\">Beneficios para atletas y la comunidad<\/h3>\n\n\n\n<p>El nuevo Centro Nacional de Gimnasia beneficiar\u00e1 directamente a alrededor de <strong>2 500 atletas<\/strong> de diversas disciplinas como gimnasia r\u00edtmica, art\u00edstica, aer\u00f3bica, parkour, trampol\u00edn y gimnasia para todos, permiti\u00e9ndoles entrenar y competir en instalaciones adecuadas a sus necesidades. Adem\u00e1s, se prev\u00e9 un impacto indirecto en aproximadamente <strong>5 000 personas<\/strong>, entre familias, entrenadores y miembros de asociaciones deportivas afiliadas.<\/p>\n\n\n\n<p>Este tipo de infraestructura tambi\u00e9n favorece el crecimiento de eventos deportivos nacionales y regionales, aumentando las oportunidades de participaci\u00f3n y experiencia para los deportistas costarricenses.<\/p>\n\n\n\n<h3 class=\"wp-block-heading\">Etapas y ampliaci\u00f3n del proyecto<\/h3>\n\n\n\n<p>La primera etapa de la obra contempla la construcci\u00f3n del gimnasio principal, cuyo desarrollo est\u00e1 previsto para completarse en aproximadamente <strong>11 meses<\/strong>. Para facilitar futuras ampliaciones, la Municipalidad de Heredia ya se encuentra en proceso de adquisici\u00f3n de terrenos adicionales. Con ello se busca contar con espacio suficiente para infraestructura complementaria, como instalaciones de nataci\u00f3n y \u00e1reas de estacionamiento para visitantes.<\/p>\n\n\n\n<p>El inmueble ser\u00e1 administrado por la <strong>Federaci\u00f3n Deportiva de Gimnasia y Afines de Costa Rica<\/strong>, que establecer\u00e1 un modelo de gesti\u00f3n orientado a la autosostenibilidad y la autogesti\u00f3n del centro una vez en funcionamiento.<\/p>\n\n\n\n<h3 class=\"wp-block-heading\">Importancia para el desarrollo deportivo nacional<\/h3>\n\n\n\n<p>La construcci\u00f3n de este centro especializado representa un avance importante para el deporte en Costa Rica, al ofrecer un espacio que permita a los atletas formarse en condiciones \u00f3ptimas y a las organizaciones deportivas nacionales contar con un escenario para entrenamientos, competencias y actividades formativas que antes deb\u00edan realizarse en instalaciones no espec\u00edficas.<\/p>\n\n\n\n<h3 class=\"wp-block-heading\">Fuentes oficiales y de referencia<\/h3>\n\n\n\n<p>\u2022 <em>CRHoy<\/em>, \u201cArranca la construcci\u00f3n del Centro Nacional de Gimnasia en Heredia\u201d \u2014 cobertura sobre el inicio de obras y detalles del proyecto.<br>\u2022 <strong>Instituto Costarricense del Deporte y la Recreaci\u00f3n (Icoder)<\/strong> \u2014 datos institucionales sobre la promoci\u00f3n y desarrollo de infraestructura deportiva en Costa Rica.<br>\u2022 <strong>Municipalidad de Heredia<\/strong> \u2014 informaci\u00f3n oficial sobre el financiamiento y los acuerdos municipales relacionados con la obra.<\/p>\n","protected":false},"excerpt":{"rendered":"<p>Un nuevo espacio deportivo para el pa\u00eds La construcci\u00f3n del Centro Nacional de Gimnasia comenz\u00f3 recientemente en Heredia, con el objetivo de fortalecer la infraestructura deportiva del pa\u00eds y ofrecer instalaciones especializadas para el desarrollo de la gimnasia en todas sus disciplinas. El proyecto se ubica al costado oeste del Hospital de Heredia y forma [&hellip;]<\/p>\n","protected":false},"author":16,"featured_media":12697,"comment_status":"open","ping_status":"open","sticky":false,"template":"","format":"standard","meta":{"footnotes":""},"categories":[87,101,89],"tags":[],"class_list":["post-12696","post","type-post","status-publish","format-standard","has-post-thumbnail","hentry","category-noticias","category-deportes","category-negocios-y-tecnologia"],"_links":{"self":[{"href":"https:\/\/peopleofcostarica.com\/es\/wp-json\/wp\/v2\/posts\/12696","targetHints":{"allow":["GET"]}}],"collection":[{"href":"https:\/\/peopleofcostarica.com\/es\/wp-json\/wp\/v2\/posts"}],"about":[{"href":"https:\/\/peopleofcostarica.com\/es\/wp-json\/wp\/v2\/types\/post"}],"author":[{"embeddable":true,"href":"https:\/\/peopleofcostarica.com\/es\/wp-json\/wp\/v2\/users\/16"}],"replies":[{"embeddable":true,"href":"https:\/\/peopleofcostarica.com\/es\/wp-json\/wp\/v2\/comments?post=12696"}],"version-history":[{"count":1,"href":"https:\/\/peopleofcostarica.com\/es\/wp-json\/wp\/v2\/posts\/12696\/revisions"}],"predecessor-version":[{"id":12698,"href":"https:\/\/peopleofcostarica.com\/es\/wp-json\/wp\/v2\/posts\/12696\/revisions\/12698"}],"wp:featuredmedia":[{"embeddable":true,"href":"https:\/\/peopleofcostarica.com\/es\/wp-json\/wp\/v2\/media\/12697"}],"wp:attachment":[{"href":"https:\/\/peopleofcostarica.com\/es\/wp-json\/wp\/v2\/media?parent=12696"}],"wp:term":[{"taxonomy":"category","embeddable":true,"href":"https:\/\/peopleofcostarica.com\/es\/wp-json\/wp\/v2\/categories?post=12696"},{"taxonomy":"post_tag","embeddable":true,"href":"https:\/\/peopleofcostarica.com\/es\/wp-json\/wp\/v2\/tags?post=12696"}],"curies":[{"name":"wp","href":"https:\/\/api.w.org\/{rel}","templated":true}]}}