{"id":12687,"date":"2026-04-30T11:46:12","date_gmt":"2026-04-30T17:46:12","guid":{"rendered":"https:\/\/peopleofcostarica.com\/?p=12687"},"modified":"2026-04-30T11:46:14","modified_gmt":"2026-04-30T17:46:14","slug":"puntarenas-aprueba-moratoria-para-frenar-extracciones-en-el-rio-guacimal","status":"publish","type":"post","link":"https:\/\/peopleofcostarica.com\/es\/puntarenas-aprueba-moratoria-para-frenar-extracciones-en-el-rio-guacimal\/","title":{"rendered":"Puntarenas aprueba moratoria para frenar extracciones en el r\u00edo Guacimal"},"content":{"rendered":"\n<h3 class=\"wp-block-heading\">Antecedentes y decisi\u00f3n del Concejo Municipal<\/h3>\n\n\n\n<p>El <strong>Concejo Municipal de Puntarenas<\/strong> aprob\u00f3 por unanimidad una **moratoria que limita las actividades de extracci\u00f3n de materiales en el cauce y las riberas del <strong>r\u00edo Guacimal<\/strong>, una iniciativa motivada por la preocupaci\u00f3n ciudadana y t\u00e9cnica ante los efectos ambientales negativos que estas extracciones han generado en t\u00e9rminos de erosi\u00f3n, deterioro de h\u00e1bitats y riesgo para la infraestructura local. La aprobaci\u00f3n de esta medida constituye una respuesta directa a la creciente preocupaci\u00f3n por la <strong>protecci\u00f3n de los recursos h\u00eddricos y la sostenibilidad ambiental<\/strong> en la regi\u00f3n. (Delfino.cr)<\/p>\n\n\n\n<h3 class=\"wp-block-heading\">\u00bfQu\u00e9 es la moratoria y qu\u00e9 actividades restringe?<\/h3>\n\n\n\n<p>La moratoria decretada por el Concejo Municipal suspende temporalmente la <strong>apertura de nuevos permisos de extracci\u00f3n de material agregado (grava, arena y otros sedimentos)<\/strong> en segmentos cr\u00edticos del r\u00edo Guacimal, as\u00ed como la <strong>ampliaci\u00f3n de actividades extractivas existentes<\/strong> que no cumplan con criterios ambientales actualizados. Esta medida busca <strong>proteger el cauce y las m\u00e1rgenes del r\u00edo<\/strong>, reducir la tasa de erosi\u00f3n y mitigar impactos a mediano y largo plazo en la calidad del agua y los ecosistemas ribere\u00f1os.<\/p>\n\n\n\n<p>El acuerdo tambi\u00e9n insta a las autoridades ambientales nacionales a <strong>coordinar acciones t\u00e9cnicas<\/strong> para la evaluaci\u00f3n integral del r\u00edo, con el fin de establecer criterios de manejo sostenible que consideren la geomorfolog\u00eda del cauce, el r\u00e9gimen fluvial y las prioridades ecol\u00f3gicas. (Delfino.cr)<\/p>\n\n\n\n<h3 class=\"wp-block-heading\">Impactos ambientales de las extracciones no reguladas<\/h3>\n\n\n\n<p>Expertos y organizaciones ambientales han se\u00f1alado que las <strong>extracciones no reguladas de gravilla y sedimentos<\/strong> pueden tener efectos adversos significativos, tales como la <strong>disminuci\u00f3n de la capacidad de almacenamiento natural de sedimentos<\/strong>, la p\u00e9rdida de h\u00e1bitats para peces y organismos acu\u00e1ticos, la <strong>incremento de la turbidez del agua<\/strong>, la degradaci\u00f3n progresiva de las m\u00e1rgenes fluviales y el aumento del riesgo de <strong>inundaciones y desbordamientos<\/strong> durante temporadas de lluvia.<\/p>\n\n\n\n<p>La preocupaci\u00f3n crece especialmente entre comunidades aleda\u00f1as al r\u00edo Guacimal, ya que la integridad del cauce est\u00e1 directamente relacionada con la seguridad de <strong>infraestructura p\u00fablica, puentes, carreteras y propiedades privadas<\/strong>. (Delfino.cr)<\/p>\n\n\n\n<h3 class=\"wp-block-heading\">Reacciones y posicionamientos<\/h3>\n\n\n\n<p>Organizaciones comunitarias, ambientalistas y vecinos han respaldado la decisi\u00f3n municipal, resaltando que una moratoria es una <strong>medida necesaria para frenar pr\u00e1cticas que deterioran los ecosistemas acu\u00e1ticos<\/strong> y que, de no regularse, podr\u00edan tener consecuencias irreversibles. Algunos l\u00edderes locales han enfatizado la importancia de complementar esta moratoria con <strong>planes de restauraci\u00f3n ecol\u00f3gica<\/strong> y programas de monitoreo a largo plazo.<\/p>\n\n\n\n<p>Sin embargo, actores vinculados al sector extractivo han advertido sobre la necesidad de dise\u00f1ar una <strong>transici\u00f3n ordenada<\/strong> para quienes dependen econ\u00f3micamente de estas actividades, proponiendo mesas de di\u00e1logo para buscar alternativas sostenibles sin afectar el sustento de familias involucradas en la cadena productiva.<\/p>\n\n\n\n<h3 class=\"wp-block-heading\">Marco normativo y coordinaci\u00f3n interinstitucional<\/h3>\n\n\n\n<p>La moratoria aprobada se enmarca en competencias municipales para <strong>regulaci\u00f3n de uso de suelo, ordenamiento territorial y protecci\u00f3n de recursos naturales<\/strong>, y plantea la necesidad de <strong>colaboraci\u00f3n con instancias como el Ministerio de Ambiente y Energ\u00eda (MINAE) y el Sistema Nacional de \u00c1reas de Conservaci\u00f3n (SINAC)<\/strong> para asegurar acciones coherentes con pol\u00edticas nacionales de gesti\u00f3n de cuencas y protecci\u00f3n de agua.<\/p>\n\n\n\n<h3 class=\"wp-block-heading\">Importancia de medidas locales ante desaf\u00edos ambientales<\/h3>\n\n\n\n<p>La aprobaci\u00f3n de esta moratoria en Puntarenas se inscribe en una tendencia creciente de <strong>gesti\u00f3n local proactiva frente a desaf\u00edos ambientales<\/strong>, como la protecci\u00f3n de cuencas, mitigaci\u00f3n de impactos de la actividad humana y preservaci\u00f3n de bienes comunes. Medidas como esta pueden servir de ejemplo para otros cantones y regiones que enfrentan problem\u00e1ticas similares relacionadas con la extracci\u00f3n de materiales y la protecci\u00f3n de r\u00edos y ecosistemas fluviales.<\/p>\n\n\n\n<h3 class=\"wp-block-heading\">Fuentes oficiales y de referencia<\/h3>\n\n\n\n<p>\u2022 <em>Delfino.cr<\/em>, \u201cConcejo de Puntarenas aprueba moratoria para frenar extracciones en el r\u00edo Guacimal\u201d \u2014 cobertura sobre la aprobaci\u00f3n de la medida y las motivaciones ambientales.<br>\u2022 <strong>MINAE \u2014 Ministerio de Ambiente y Energ\u00eda<\/strong> \u2014 marco institucional nacional para la gesti\u00f3n de recursos h\u00eddricos y regulaci\u00f3n de uso de suelo.<br>\u2022 <strong>SINAC \u2014 Sistema Nacional de \u00c1reas de Conservaci\u00f3n<\/strong> \u2014 pol\u00edticas oficiales para la protecci\u00f3n de cuencas y manejo de ecosistemas nacionales.<\/p>\n","protected":false},"excerpt":{"rendered":"<p>Antecedentes y decisi\u00f3n del Concejo Municipal El Concejo Municipal de Puntarenas aprob\u00f3 por unanimidad una **moratoria que limita las actividades de extracci\u00f3n de materiales en el cauce y las riberas del r\u00edo Guacimal, una iniciativa motivada por la preocupaci\u00f3n ciudadana y t\u00e9cnica ante los efectos ambientales negativos que estas extracciones han generado en t\u00e9rminos de [&hellip;]<\/p>\n","protected":false},"author":16,"featured_media":12688,"comment_status":"open","ping_status":"open","sticky":false,"template":"","format":"standard","meta":{"footnotes":""},"categories":[87,91],"tags":[],"class_list":["post-12687","post","type-post","status-publish","format-standard","has-post-thumbnail","hentry","category-noticias","category-clima-y-ambiente"],"_links":{"self":[{"href":"https:\/\/peopleofcostarica.com\/es\/wp-json\/wp\/v2\/posts\/12687","targetHints":{"allow":["GET"]}}],"collection":[{"href":"https:\/\/peopleofcostarica.com\/es\/wp-json\/wp\/v2\/posts"}],"about":[{"href":"https:\/\/peopleofcostarica.com\/es\/wp-json\/wp\/v2\/types\/post"}],"author":[{"embeddable":true,"href":"https:\/\/peopleofcostarica.com\/es\/wp-json\/wp\/v2\/users\/16"}],"replies":[{"embeddable":true,"href":"https:\/\/peopleofcostarica.com\/es\/wp-json\/wp\/v2\/comments?post=12687"}],"version-history":[{"count":1,"href":"https:\/\/peopleofcostarica.com\/es\/wp-json\/wp\/v2\/posts\/12687\/revisions"}],"predecessor-version":[{"id":12689,"href":"https:\/\/peopleofcostarica.com\/es\/wp-json\/wp\/v2\/posts\/12687\/revisions\/12689"}],"wp:featuredmedia":[{"embeddable":true,"href":"https:\/\/peopleofcostarica.com\/es\/wp-json\/wp\/v2\/media\/12688"}],"wp:attachment":[{"href":"https:\/\/peopleofcostarica.com\/es\/wp-json\/wp\/v2\/media?parent=12687"}],"wp:term":[{"taxonomy":"category","embeddable":true,"href":"https:\/\/peopleofcostarica.com\/es\/wp-json\/wp\/v2\/categories?post=12687"},{"taxonomy":"post_tag","embeddable":true,"href":"https:\/\/peopleofcostarica.com\/es\/wp-json\/wp\/v2\/tags?post=12687"}],"curies":[{"name":"wp","href":"https:\/\/api.w.org\/{rel}","templated":true}]}}