{"id":12668,"date":"2026-04-29T09:27:02","date_gmt":"2026-04-29T15:27:02","guid":{"rendered":"https:\/\/peopleofcostarica.com\/?p=12668"},"modified":"2026-04-29T09:27:04","modified_gmt":"2026-04-29T15:27:04","slug":"san-jose-impulsa-renovacion-de-espacios-publicos-clave-para-revitalizar-el-centro-urbano","status":"publish","type":"post","link":"https:\/\/peopleofcostarica.com\/es\/san-jose-impulsa-renovacion-de-espacios-publicos-clave-para-revitalizar-el-centro-urbano\/","title":{"rendered":"San Jos\u00e9 impulsa renovaci\u00f3n de espacios p\u00fablicos clave para revitalizar el centro urbano"},"content":{"rendered":"\n<p>San Jos\u00e9 contin\u00faa avanzando en un ambicioso plan de transformaci\u00f3n urbana que busca renovar espacios p\u00fablicos emblem\u00e1ticos, mejorar la calidad de vida de sus habitantes y fomentar el uso ciudadano de \u00e1reas hist\u00f3ricas de la capital. El proyecto, que ya est\u00e1 en marcha, incluye intervenciones en plazas y parques c\u00e9ntricos con un enfoque en accesibilidad, seguridad, sostenibilidad y dinamizaci\u00f3n social.<\/p>\n\n\n\n<h2 class=\"wp-block-heading\"><strong>Mejoras en Parque Central, Plaza de las Garant\u00edas Sociales y Plaza Gonz\u00e1lez V\u00edquez<\/strong><\/h2>\n\n\n\n<p>La Municipalidad de San Jos\u00e9 anunci\u00f3 la puesta en marcha de un plan integral para intervenir varios espacios p\u00fablicos del coraz\u00f3n de la ciudad, entre ellos el Parque Central de San Jos\u00e9, la Plaza de las Garant\u00edas Sociales y la Plaza Gonz\u00e1lez V\u00edquez. Estas \u00e1reas, consideradas lugares de encuentro y tradici\u00f3n para la ciudadan\u00eda josefina, recibir\u00e1n mejoras de infraestructura, iluminaci\u00f3n, zonas verdes y mobiliario urbano para hacerlas m\u00e1s atractivas, seguras y funcionales.<\/p>\n\n\n\n<p>En el Parque Central, por ejemplo, se destinar\u00e1n alrededor de \u00a2648 millones de colones para remodelaci\u00f3n, y el proceso de contrataci\u00f3n ya est\u00e1 activo en el sistema de compras p\u00fablicas. Las obras planeadas incluyen mejoras en \u00e1reas verdes, accesos peatonales y aspectos de seguridad urbana.<\/p>\n\n\n\n<h2 class=\"wp-block-heading\"><strong>Objetivos del plan de intervenci\u00f3n<\/strong><\/h2>\n\n\n\n<p>El alcalde de San Jos\u00e9, Diego Miranda, se\u00f1al\u00f3 que el objetivo principal de estas intervenciones es ofrecer entornos m\u00e1s seguros, ordenados y funcionales para las personas usuarias, resaltando la importancia de reforzar la presencia urbana en espacios que han sido tradicionalmente puntos de convivencia social.<\/p>\n\n\n\n<p>La intervenci\u00f3n en estos espacios no solo busca embellecer las zonas, sino tambi\u00e9n promover su uso durante m\u00e1s horas del d\u00eda. En ese sentido, la Municipalidad anunci\u00f3 la instalaci\u00f3n de nueva iluminaci\u00f3n en el Parque Metropolitano La Sabana, obras que iniciar\u00e1n el 15 de mayo con una duraci\u00f3n estimada de nueve meses y una inversi\u00f3n significativa para permitir su uso incluso por la noche.<\/p>\n\n\n\n<h2 class=\"wp-block-heading\"><strong>Plaza de las Garant\u00edas Sociales y Plaza Gonz\u00e1lez V\u00edquez: renovaci\u00f3n integral<\/strong><\/h2>\n\n\n\n<p>La Plaza de las Garant\u00edas Sociales, ubicada detr\u00e1s de la sede de la Caja Costarricense de Seguro Social, est\u00e1 pr\u00f3xima a intervenirse, con un presupuesto estimado de m\u00e1s de \u00a21.015 millones de colones. El proyecto busca crear un entorno m\u00e1s accesible, sostenible y seguro para los peatones.<\/p>\n\n\n\n<p>Por su parte, la Plaza Gonz\u00e1lez V\u00edquez tambi\u00e9n ser\u00e1 objeto de una intervenci\u00f3n significativa. Aunque la contrataci\u00f3n todav\u00eda no ha iniciado, se proyecta una inversi\u00f3n superior a \u00a22.200 millones de colones, que incluir\u00e1 renovaci\u00f3n de aceras, iluminaci\u00f3n mejorada, construcci\u00f3n de gimnasio al aire libre, cancha sint\u00e9tica y rehabilitaci\u00f3n de espacios deportivos.<\/p>\n\n\n\n<h2 class=\"wp-block-heading\"><strong>Parque de la Paz y otros espacios de esparcimiento<\/strong><\/h2>\n\n\n\n<p>Adem\u00e1s de los proyectos mencionados, otros espacios como el Parque de la Paz est\u00e1n siendo intervenidos para potenciar su uso recreativo y deportivo bajo la gesti\u00f3n del Instituto Costarricense del Deporte y la Recreaci\u00f3n. La contrataci\u00f3n para estas mejoras ya se encuentra en marcha, aunque enfrenta algunos retos administrativos.<\/p>\n\n\n\n<h2 class=\"wp-block-heading\"><strong>El rol hist\u00f3rico y social de estos espacios<\/strong><\/h2>\n\n\n\n<p>El Parque Central de San Jos\u00e9 no es solo un espacio verde, sino un sitio con gran valor hist\u00f3rico y cultural para la capital costarricense. Este parque ha sido testigo de importantes momentos de la historia del pa\u00eds desde el siglo XIX y ha evolucionado como un centro social y urbano esencial.<\/p>\n\n\n\n<p>Su quiosco, construido en 1944 y declarado Patrimonio Hist\u00f3rico Arquitect\u00f3nico, es un emblema que refleja el car\u00e1cter urbano y colectivo del centro josefino. Los planes de intervenci\u00f3n buscan equilibrar la conservaci\u00f3n hist\u00f3rica con la modernizaci\u00f3n para uso ciudadano.<\/p>\n\n\n\n<h2 class=\"wp-block-heading\"><strong>Hacia un centro urbano m\u00e1s vibrante y accesible<\/strong><\/h2>\n\n\n\n<p>Con estas mejoras, San Jos\u00e9 se encamina hacia un centro urbano m\u00e1s accesible, seguro y atractivo, promoviendo espacios que no solo son funcionales, sino que tambi\u00e9n fortalecen el tejido social de la ciudad. Las inversiones reflejan una apuesta por rescatar y revitalizar espacios p\u00fablicos tradicionales, adapt\u00e1ndolos a las necesidades actuales de la comunidad josefina.<\/p>\n\n\n\n<h3 class=\"wp-block-heading\"><strong>Fuentes oficiales y de prensa confiables<\/strong><\/h3>\n\n\n\n<ul class=\"wp-block-list\">\n<li>Municipalidad de San Jos\u00e9: plan de renovaci\u00f3n de parques y plazas clave del centro.<\/li>\n\n\n\n<li>Historia y valor patrimonial del Parque Central de San Jos\u00e9 (Ministerio de Cultura y Juventud).<\/li>\n\n\n\n<li>Proyectos de intervenci\u00f3n urbana y procesos de contrataci\u00f3n p\u00fablica reportados por prensa nacional.<\/li>\n<\/ul>\n","protected":false},"excerpt":{"rendered":"<p>San Jos\u00e9 contin\u00faa avanzando en un ambicioso plan de transformaci\u00f3n urbana que busca renovar espacios p\u00fablicos emblem\u00e1ticos, mejorar la calidad de vida de sus habitantes y fomentar el uso ciudadano de \u00e1reas hist\u00f3ricas de la capital. El proyecto, que ya est\u00e1 en marcha, incluye intervenciones en plazas y parques c\u00e9ntricos con un enfoque en accesibilidad, [&hellip;]<\/p>\n","protected":false},"author":16,"featured_media":12669,"comment_status":"open","ping_status":"open","sticky":false,"template":"","format":"standard","meta":{"footnotes":""},"categories":[87,99],"tags":[],"class_list":["post-12668","post","type-post","status-publish","format-standard","has-post-thumbnail","hentry","category-noticias","category-noticias-nacionales"],"_links":{"self":[{"href":"https:\/\/peopleofcostarica.com\/es\/wp-json\/wp\/v2\/posts\/12668","targetHints":{"allow":["GET"]}}],"collection":[{"href":"https:\/\/peopleofcostarica.com\/es\/wp-json\/wp\/v2\/posts"}],"about":[{"href":"https:\/\/peopleofcostarica.com\/es\/wp-json\/wp\/v2\/types\/post"}],"author":[{"embeddable":true,"href":"https:\/\/peopleofcostarica.com\/es\/wp-json\/wp\/v2\/users\/16"}],"replies":[{"embeddable":true,"href":"https:\/\/peopleofcostarica.com\/es\/wp-json\/wp\/v2\/comments?post=12668"}],"version-history":[{"count":1,"href":"https:\/\/peopleofcostarica.com\/es\/wp-json\/wp\/v2\/posts\/12668\/revisions"}],"predecessor-version":[{"id":12670,"href":"https:\/\/peopleofcostarica.com\/es\/wp-json\/wp\/v2\/posts\/12668\/revisions\/12670"}],"wp:featuredmedia":[{"embeddable":true,"href":"https:\/\/peopleofcostarica.com\/es\/wp-json\/wp\/v2\/media\/12669"}],"wp:attachment":[{"href":"https:\/\/peopleofcostarica.com\/es\/wp-json\/wp\/v2\/media?parent=12668"}],"wp:term":[{"taxonomy":"category","embeddable":true,"href":"https:\/\/peopleofcostarica.com\/es\/wp-json\/wp\/v2\/categories?post=12668"},{"taxonomy":"post_tag","embeddable":true,"href":"https:\/\/peopleofcostarica.com\/es\/wp-json\/wp\/v2\/tags?post=12668"}],"curies":[{"name":"wp","href":"https:\/\/api.w.org\/{rel}","templated":true}]}}