{"id":12652,"date":"2026-04-28T15:34:30","date_gmt":"2026-04-28T21:34:30","guid":{"rendered":"https:\/\/peopleofcostarica.com\/?p=12652"},"modified":"2026-04-28T15:34:32","modified_gmt":"2026-04-28T21:34:32","slug":"cartago-albergara-un-workshop-colaborativo-para-potenciar-la-presencia-digital-de-emprendedores","status":"publish","type":"post","link":"https:\/\/peopleofcostarica.com\/es\/cartago-albergara-un-workshop-colaborativo-para-potenciar-la-presencia-digital-de-emprendedores\/","title":{"rendered":"Cartago albergar\u00e1 un workshop colaborativo para potenciar la presencia digital de emprendedores"},"content":{"rendered":"\n<p>La\u00a0<strong>Comunidad de WordPress Cartago<\/strong>\u00a0organiza el\u00a0<strong>Workshop Co-creativo: Potencia tu Emprendimiento en Redes Sociales<\/strong>, una jornada orientada a brindar\u00a0<strong>herramientas t\u00e9cnicas y estrat\u00e9gicas<\/strong>\u00a0a emprendedores y peque\u00f1os negocios para mejorar su presencia digital en plataformas como\u00a0<strong>Instagram, Facebook y LinkedIn<\/strong>. Este evento formar\u00e1 parte de las actividades preparatorias oficiales rumbo al\u00a0<strong>WordCamp Costa Rica 2026<\/strong>, un encuentro global de la comunidad WordPress que promueve el aprendizaje, la colaboraci\u00f3n y el intercambio de conocimientos en torno al CMS m\u00e1s usado en el mundo. <\/p>\n\n\n\n<p>A diferencia de los talleres tradicionales, la jornada propone una\u00a0<strong>metodolog\u00eda pr\u00e1ctica y colaborativa<\/strong>\u00a0en la que los asistentes trabajar\u00e1n en sus propios perfiles y herramientas digitales con el acompa\u00f1amiento de expertos de la comunidad. Esta din\u00e1mica permitir\u00e1 a los participantes recibir orientaci\u00f3n personalizada y resultados aplicables de inmediato en sus emprendimientos.<\/p>\n\n\n\n<p>El proyecto refuerza el papel de la\u00a0<strong>Comunidad WordPress Cartago<\/strong>, un grupo local de entusiastas, profesionales y emprendedores que se re\u00fanen regularmente para compartir experiencias sobre WordPress, dise\u00f1o web y presencia digital, y que est\u00e1 alineado con otras iniciativas de la comunidad global del CMS. <\/p>\n\n\n\n<h2 class=\"wp-block-heading\"><strong>Informaci\u00f3n clave del evento<\/strong><\/h2>\n\n\n\n<p><strong>Nombre del evento:<\/strong>\u00a0Workshop Co-creativo:\u00a0<em>Potencia tu Emprendimiento en Redes Sociales<\/em><br><strong>Organiza:<\/strong>\u00a0Comunidad de WordPress Cartago <br><strong>Fecha:<\/strong>\u00a0S\u00e1bado\u00a0<strong>16 de mayo de 2026<\/strong><br><strong>Hora de inicio:<\/strong>\u00a0<strong>9:00 a.m.<\/strong><br><strong>Lugar:<\/strong>\u00a0<strong>Laboratorio de Innovaci\u00f3n Beenova (COVAO)<\/strong>\u00a0<br><strong>Costo:<\/strong>\u00a0<strong>Gratuito<\/strong><br><strong>Tipo de actividad:<\/strong>\u00a0Taller pr\u00e1ctico de co-creaci\u00f3n enfocado en redes sociales y marketing digital<br><strong>Inscripciones:<\/strong>\u00a0Abiertas en la plataforma Meetup\u00a0<strong>WordPress Cartago<\/strong>\u00a0<\/p>\n\n\n\n<p><strong>Requisitos de asistencia:<\/strong><br>\u2022 Llevar&nbsp;<strong>computadora port\u00e1til<\/strong>&nbsp;para trabajar de forma pr\u00e1ctica.<br>\u2022 Contar con un&nbsp;<strong>correo electr\u00f3nico de Gmail<\/strong>&nbsp;asociado a su emprendimiento (necesario para acceder a herramientas y configuraciones).<\/p>\n\n\n\n<p>El cupo es\u00a0<strong>limitado<\/strong>\u00a0para garantizar atenci\u00f3n t\u00e9cnica de calidad a cada emprendedor, y por eso se recomienda completar la inscripci\u00f3n cuanto antes. <\/p>\n\n\n\n<h2 class=\"wp-block-heading\"><strong>Qu\u00e9 es la comunidad WordPress y su impacto<\/strong><\/h2>\n\n\n\n<p>La\u00a0<strong>comunidad WordPress<\/strong>\u00a0est\u00e1 integrada por desarrolladores, dise\u00f1adores, emprendedores, profesionales de marketing digital y entusiastas de esta plataforma de c\u00f3digo abierto que facilita la creaci\u00f3n y gesti\u00f3n de sitios web sin necesidad de programar. Es una comunidad global altamente activa que realiza eventos, meetups y conferencias como\u00a0<strong>WordCamp<\/strong>, donde se comparten experiencias, recursos y nuevas tendencias. <\/p>\n\n\n\n<p>En Costa Rica, existen varios grupos locales dentro de esta comunidad, entre ellos el de\u00a0<strong>Cartago<\/strong>, que organiza encuentros peri\u00f3dicos para fortalecer habilidades t\u00e9cnicas y apoyar el crecimiento digital de profesionales y emprendimientos en toda la regi\u00f3n. <\/p>\n\n\n\n<h2 class=\"wp-block-heading\"><strong>Fuentes oficiales recomendadas para citar<\/strong><\/h2>\n\n\n\n<ul class=\"wp-block-list\">\n<li>Meetup \u2013 Informaci\u00f3n oficial del evento\u00a0<em>Workshop Co-creativo: Potencia tu Emprendimiento en Redes Sociales<\/em>dentro del grupo\u00a0<strong>WordPress Cartago Meetup<\/strong>. <\/li>\n\n\n\n<li>Meetup \u2013 Descripci\u00f3n de la\u00a0<strong>Comunidad WordPress Cartago<\/strong>\u00a0como grupo local enfocado en compartir conocimiento WordPress y digital. <\/li>\n\n\n\n<li>WordPress.org \u2013 Descripci\u00f3n del ecosistema global de la\u00a0<strong>comunidad WordPress<\/strong>\u00a0y su modelo colaborativo de eventos, meetups y WordCamps. <\/li>\n<\/ul>\n\n\n\n<p><\/p>\n","protected":false},"excerpt":{"rendered":"<p>La\u00a0Comunidad de WordPress Cartago\u00a0organiza el\u00a0Workshop Co-creativo: Potencia tu Emprendimiento en Redes Sociales, una jornada orientada a brindar\u00a0herramientas t\u00e9cnicas y estrat\u00e9gicas\u00a0a emprendedores y peque\u00f1os negocios para mejorar su presencia digital en plataformas como\u00a0Instagram, Facebook y LinkedIn. Este evento formar\u00e1 parte de las actividades preparatorias oficiales rumbo al\u00a0WordCamp Costa Rica 2026, un encuentro global de la comunidad [&hellip;]<\/p>\n","protected":false},"author":16,"featured_media":12653,"comment_status":"open","ping_status":"open","sticky":false,"template":"","format":"standard","meta":{"footnotes":""},"categories":[87,89],"tags":[],"class_list":["post-12652","post","type-post","status-publish","format-standard","has-post-thumbnail","hentry","category-noticias","category-negocios-y-tecnologia"],"_links":{"self":[{"href":"https:\/\/peopleofcostarica.com\/es\/wp-json\/wp\/v2\/posts\/12652","targetHints":{"allow":["GET"]}}],"collection":[{"href":"https:\/\/peopleofcostarica.com\/es\/wp-json\/wp\/v2\/posts"}],"about":[{"href":"https:\/\/peopleofcostarica.com\/es\/wp-json\/wp\/v2\/types\/post"}],"author":[{"embeddable":true,"href":"https:\/\/peopleofcostarica.com\/es\/wp-json\/wp\/v2\/users\/16"}],"replies":[{"embeddable":true,"href":"https:\/\/peopleofcostarica.com\/es\/wp-json\/wp\/v2\/comments?post=12652"}],"version-history":[{"count":1,"href":"https:\/\/peopleofcostarica.com\/es\/wp-json\/wp\/v2\/posts\/12652\/revisions"}],"predecessor-version":[{"id":12654,"href":"https:\/\/peopleofcostarica.com\/es\/wp-json\/wp\/v2\/posts\/12652\/revisions\/12654"}],"wp:featuredmedia":[{"embeddable":true,"href":"https:\/\/peopleofcostarica.com\/es\/wp-json\/wp\/v2\/media\/12653"}],"wp:attachment":[{"href":"https:\/\/peopleofcostarica.com\/es\/wp-json\/wp\/v2\/media?parent=12652"}],"wp:term":[{"taxonomy":"category","embeddable":true,"href":"https:\/\/peopleofcostarica.com\/es\/wp-json\/wp\/v2\/categories?post=12652"},{"taxonomy":"post_tag","embeddable":true,"href":"https:\/\/peopleofcostarica.com\/es\/wp-json\/wp\/v2\/tags?post=12652"}],"curies":[{"name":"wp","href":"https:\/\/api.w.org\/{rel}","templated":true}]}}