{"id":12630,"date":"2026-04-28T11:12:59","date_gmt":"2026-04-28T17:12:59","guid":{"rendered":"https:\/\/peopleofcostarica.com\/?p=12630"},"modified":"2026-04-28T11:13:01","modified_gmt":"2026-04-28T17:13:01","slug":"naomy-valle-recibe-un-reconocimiento-internacional-que-impulsa-el-boxeo-femenino-costarricense","status":"publish","type":"post","link":"https:\/\/peopleofcostarica.com\/es\/naomy-valle-recibe-un-reconocimiento-internacional-que-impulsa-el-boxeo-femenino-costarricense\/","title":{"rendered":"Naomy Valle recibe un reconocimiento internacional que impulsa el boxeo femenino costarricense"},"content":{"rendered":"\n<p>La boxeadora costarricense&nbsp;<strong>Naomy Valle<\/strong>&nbsp;fue distinguida recientemente en Las Vegas con un premio otorgado por el&nbsp;<strong>National Boxing Hall of Fame<\/strong>, donde fue reconocida como la atleta con mayor crecimiento del a\u00f1o. Este reconocimiento se dio en el marco de una ceremonia que re\u00fane a figuras hist\u00f3ricas del boxeo mundial y que destaca trayectorias emergentes con proyecci\u00f3n internacional.<\/p>\n\n\n\n<p>Para la joven pugilista, este momento signific\u00f3 compartir espacio con leyendas del deporte y confirmar que su nombre ya comienza a resonar fuera de Centroam\u00e9rica, en uno de los escenarios m\u00e1s prestigiosos del boxeo profesional.<\/p>\n\n\n\n<h2 class=\"wp-block-heading\"><strong>Una carrera profesional en ascenso desde 2022<\/strong><\/h2>\n\n\n\n<p>Desde su debut profesional en 2022, Valle ha mostrado una progresi\u00f3n constante dentro del ring. Su r\u00e9cord profesional refleja una trayectoria s\u00f3lida, con m\u00faltiples victorias que la han llevado a posicionarse como una de las figuras j\u00f3venes m\u00e1s prometedoras del boxeo femenino latinoamericano.<\/p>\n\n\n\n<p>Parte de ese crecimiento se consolid\u00f3 cuando conquist\u00f3 el t\u00edtulo mundial juvenil del&nbsp;<strong>Consejo Mundial de Boxeo<\/strong>&nbsp;en la categor\u00eda de 108 libras, tras vencer a la mexicana Yelmy S\u00e1nchez en M\u00e9xico. Este campeonato marc\u00f3 un antes y un despu\u00e9s en su visibilidad internacional.<\/p>\n\n\n\n<h2 class=\"wp-block-heading\"><strong>El respaldo de una promotora de alcance global<\/strong><\/h2>\n\n\n\n<p>Otro paso clave en su carrera fue su incorporaci\u00f3n a&nbsp;<strong>Most Valuable Promotions<\/strong>, promotora que ha impulsado a nuevos talentos del boxeo en escenarios de alto perfil medi\u00e1tico y deportivo. Esta alianza le ha permitido a Valle acceder a vitrinas internacionales, mayor exposici\u00f3n y combates estrat\u00e9gicamente posicionados para su crecimiento.<\/p>\n\n\n\n<p>El apoyo de esta promotora no solo fortalece su carrera, sino que confirma el inter\u00e9s internacional por su perfil deportivo.<\/p>\n\n\n\n<h2 class=\"wp-block-heading\"><strong>El significado del Sal\u00f3n de la Fama del Boxeo<\/strong><\/h2>\n\n\n\n<p>El&nbsp;<strong>National Boxing Hall of Fame<\/strong>&nbsp;es una instituci\u00f3n dedicada a honrar a boxeadores, entrenadores y figuras que han dejado huella en este deporte. Adem\u00e1s de reconocer trayectorias hist\u00f3ricas, tambi\u00e9n otorga distinciones especiales a atletas con impacto emergente, como fue el caso de la costarricense.<\/p>\n\n\n\n<p>Este tipo de premios no se entregan \u00fanicamente por resultados deportivos, sino tambi\u00e9n por proyecci\u00f3n, disciplina, impacto medi\u00e1tico y crecimiento acelerado dentro del circuito profesional.<\/p>\n\n\n\n<h2 class=\"wp-block-heading\"><strong>Un orgullo para Costa Rica y para el deporte femenino<\/strong><\/h2>\n\n\n\n<p>Valle ha manifestado en diversas ocasiones que representar a Costa Rica en el boxeo profesional es uno de sus mayores orgullos. Su presencia en escenarios internacionales contribuye a visibilizar el talento deportivo femenino del pa\u00eds y a inspirar a nuevas generaciones de atletas.<\/p>\n\n\n\n<p>Este reconocimiento en Estados Unidos confirma que su nombre ya forma parte de conversaciones relevantes dentro del boxeo internacional y que su carrera apunta hacia metas a\u00fan m\u00e1s ambiciosas.<\/p>\n\n\n\n<h2 class=\"wp-block-heading\"><strong>Fuentes oficiales recomendadas para citar<\/strong><\/h2>\n\n\n\n<ul class=\"wp-block-list\">\n<li>CR Hoy \u2013 Cobertura del reconocimiento recibido en Las Vegas<\/li>\n\n\n\n<li>BoxRec \u2013 Registro oficial del historial profesional y r\u00e9cord de Naomy Valle<\/li>\n\n\n\n<li>Consejo Mundial de Boxeo (WBC) \u2013 Informaci\u00f3n sobre su t\u00edtulo mundial juvenil<\/li>\n\n\n\n<li>Most Valuable Promotions \u2013 Informaci\u00f3n sobre su firma con la promotora<\/li>\n\n\n\n<li>National Boxing Hall of Fame \u2013 Informaci\u00f3n sobre la instituci\u00f3n y sus premios anuales<\/li>\n<\/ul>\n","protected":false},"excerpt":{"rendered":"<p>La boxeadora costarricense&nbsp;Naomy Valle&nbsp;fue distinguida recientemente en Las Vegas con un premio otorgado por el&nbsp;National Boxing Hall of Fame, donde fue reconocida como la atleta con mayor crecimiento del a\u00f1o. Este reconocimiento se dio en el marco de una ceremonia que re\u00fane a figuras hist\u00f3ricas del boxeo mundial y que destaca trayectorias emergentes con proyecci\u00f3n [&hellip;]<\/p>\n","protected":false},"author":16,"featured_media":12631,"comment_status":"open","ping_status":"open","sticky":false,"template":"","format":"standard","meta":{"footnotes":""},"categories":[101],"tags":[],"class_list":["post-12630","post","type-post","status-publish","format-standard","has-post-thumbnail","hentry","category-deportes"],"_links":{"self":[{"href":"https:\/\/peopleofcostarica.com\/es\/wp-json\/wp\/v2\/posts\/12630","targetHints":{"allow":["GET"]}}],"collection":[{"href":"https:\/\/peopleofcostarica.com\/es\/wp-json\/wp\/v2\/posts"}],"about":[{"href":"https:\/\/peopleofcostarica.com\/es\/wp-json\/wp\/v2\/types\/post"}],"author":[{"embeddable":true,"href":"https:\/\/peopleofcostarica.com\/es\/wp-json\/wp\/v2\/users\/16"}],"replies":[{"embeddable":true,"href":"https:\/\/peopleofcostarica.com\/es\/wp-json\/wp\/v2\/comments?post=12630"}],"version-history":[{"count":1,"href":"https:\/\/peopleofcostarica.com\/es\/wp-json\/wp\/v2\/posts\/12630\/revisions"}],"predecessor-version":[{"id":12632,"href":"https:\/\/peopleofcostarica.com\/es\/wp-json\/wp\/v2\/posts\/12630\/revisions\/12632"}],"wp:featuredmedia":[{"embeddable":true,"href":"https:\/\/peopleofcostarica.com\/es\/wp-json\/wp\/v2\/media\/12631"}],"wp:attachment":[{"href":"https:\/\/peopleofcostarica.com\/es\/wp-json\/wp\/v2\/media?parent=12630"}],"wp:term":[{"taxonomy":"category","embeddable":true,"href":"https:\/\/peopleofcostarica.com\/es\/wp-json\/wp\/v2\/categories?post=12630"},{"taxonomy":"post_tag","embeddable":true,"href":"https:\/\/peopleofcostarica.com\/es\/wp-json\/wp\/v2\/tags?post=12630"}],"curies":[{"name":"wp","href":"https:\/\/api.w.org\/{rel}","templated":true}]}}