{"id":12621,"date":"2026-04-26T13:45:25","date_gmt":"2026-04-26T19:45:25","guid":{"rendered":"https:\/\/peopleofcostarica.com\/?p=12621"},"modified":"2026-04-26T13:45:27","modified_gmt":"2026-04-26T19:45:27","slug":"costa-rica-registra-un-impacto-social-record-con-el-movimiento-del-dia-de-las-buenas-acciones-2026","status":"publish","type":"post","link":"https:\/\/peopleofcostarica.com\/es\/costa-rica-registra-un-impacto-social-record-con-el-movimiento-del-dia-de-las-buenas-acciones-2026\/","title":{"rendered":"Costa Rica registra un impacto social r\u00e9cord con el movimiento del D\u00eda de las Buenas Acciones 2026"},"content":{"rendered":"\n<h2 class=\"wp-block-heading\"><strong>Una jornada nacional de voluntariado con resultados hist\u00f3ricos<\/strong><\/h2>\n\n\n\n<p>El movimiento del D\u00eda de las Buenas Acciones en Costa Rica cerr\u00f3 su edici\u00f3n 2026 con resultados considerados hist\u00f3ricos, alcanzando m\u00e1s de 33.000 beneficiarios directos en todo el pa\u00eds y consolid\u00e1ndose como una de las principales iniciativas de voluntariado y acci\u00f3n social a nivel nacional.<\/p>\n\n\n\n<p>El programa reuni\u00f3 a organizaciones sociales, empresas, instituciones p\u00fablicas y voluntarios en una serie de actividades distribuidas en las siete provincias del pa\u00eds, con proyectos enfocados en educaci\u00f3n, bienestar comunitario, ambiente y apoyo a poblaciones vulnerables.<\/p>\n\n\n\n<p>De acuerdo con los resultados oficiales, esta edici\u00f3n tambi\u00e9n ampli\u00f3 su alcance indirecto, generando un impacto multiplicador en comunidades y familias beneficiadas por las distintas intervenciones sociales realizadas durante el periodo. <\/p>\n\n\n\n<h2 class=\"wp-block-heading\"><strong>Un movimiento global con fuerte presencia en Costa Rica<\/strong><\/h2>\n\n\n\n<p>El D\u00eda de las Buenas Acciones es una iniciativa internacional presente en m\u00e1s de 100 pa\u00edses, creada en 2007 con el objetivo de promover la solidaridad y el voluntariado como herramientas de transformaci\u00f3n social.<\/p>\n\n\n\n<p>Costa Rica se integr\u00f3 al movimiento en 2014 y se ha posicionado como uno de los pa\u00edses m\u00e1s activos de la regi\u00f3n, articulando proyectos entre el sector privado, acad\u00e9mico, p\u00fablico y organizaciones no gubernamentales.<\/p>\n\n\n\n<p>En el pa\u00eds, el movimiento es coordinado por la Fundaci\u00f3n Construyendo Sonrisas, que act\u00faa como enlace entre iniciativas sociales y actores institucionales para facilitar la ejecuci\u00f3n de proyectos en todo el territorio nacional. <\/p>\n\n\n\n<h2 class=\"wp-block-heading\"><strong>Voluntariado, empresas y comunidades como eje del impacto<\/strong><\/h2>\n\n\n\n<p>La edici\u00f3n 2026 destac\u00f3 por la participaci\u00f3n conjunta de empresas, voluntarios y organizaciones comunitarias, que impulsaron m\u00e1s de un centenar de proyectos sociales y ambientales.<\/p>\n\n\n\n<p>Entre las actividades realizadas se incluyeron jornadas de apoyo comunitario, campa\u00f1as de limpieza ambiental, mejoras en espacios p\u00fablicos y programas de atenci\u00f3n a poblaciones en condici\u00f3n de vulnerabilidad.<\/p>\n\n\n\n<p>Este modelo de colaboraci\u00f3n multisectorial ha permitido fortalecer la articulaci\u00f3n entre actores sociales y ampliar el alcance del impacto en distintas regiones del pa\u00eds.<\/p>\n\n\n\n<h2 class=\"wp-block-heading\"><strong>Un enfoque basado en medici\u00f3n de impacto social<\/strong><\/h2>\n\n\n\n<p>Una de las caracter\u00edsticas m\u00e1s relevantes de esta edici\u00f3n fue la implementaci\u00f3n de metodolog\u00edas m\u00e1s rigurosas para medir el impacto real de las acciones realizadas.<\/p>\n\n\n\n<p>Esto permiti\u00f3 diferenciar entre beneficiarios directos e impacto ampliado en comunidades, familias y entornos sociales, lo que refuerza la tendencia hacia modelos de voluntariado con mayor transparencia y evaluaci\u00f3n de resultados.<\/p>\n\n\n\n<p>El movimiento tambi\u00e9n ha evolucionado hacia un enfoque de continuidad, en el que las acciones no se limitan a un solo d\u00eda, sino que forman parte de procesos sostenidos durante el a\u00f1o. <\/p>\n\n\n\n<h2 class=\"wp-block-heading\"><strong>Un pa\u00eds que consolida su cultura de solidaridad<\/strong><\/h2>\n\n\n\n<p>Costa Rica se ha posicionado como un referente regional en iniciativas de voluntariado estructurado, integrando a distintos sectores en proyectos de impacto social.<\/p>\n\n\n\n<p>Este tipo de programas contribuyen no solo a atender necesidades inmediatas en comunidades, sino tambi\u00e9n a fortalecer la cultura de participaci\u00f3n ciudadana y responsabilidad social.<\/p>\n\n\n\n<p>El crecimiento del movimiento refleja una tendencia m\u00e1s amplia en el pa\u00eds hacia la colaboraci\u00f3n entre sociedad civil, empresas e instituciones p\u00fablicas en la b\u00fasqueda de soluciones sociales sostenibles.<\/p>\n\n\n\n<h2 class=\"wp-block-heading\"><strong>Fuentes oficiales y de referencia<\/strong><\/h2>\n\n\n\n<p>Fundaci\u00f3n Construyendo Sonrisas \u2014 coordinaci\u00f3n del movimiento en Costa Rica<br>D\u00eda de las Buenas Acciones (Good Deeds Day Global) \u2014 iniciativa internacional de voluntariado<br>Ministerio de Trabajo y Seguridad Social de Costa Rica \u2014 programas de voluntariado y acci\u00f3n social<br>Delfino.cr \u2014 cobertura del impacto del D\u00eda de las Buenas Acciones 2026 <\/p>\n","protected":false},"excerpt":{"rendered":"<p>Una jornada nacional de voluntariado con resultados hist\u00f3ricos El movimiento del D\u00eda de las Buenas Acciones en Costa Rica cerr\u00f3 su edici\u00f3n 2026 con resultados considerados hist\u00f3ricos, alcanzando m\u00e1s de 33.000 beneficiarios directos en todo el pa\u00eds y consolid\u00e1ndose como una de las principales iniciativas de voluntariado y acci\u00f3n social a nivel nacional. El programa [&hellip;]<\/p>\n","protected":false},"author":16,"featured_media":12622,"comment_status":"open","ping_status":"open","sticky":false,"template":"","format":"standard","meta":{"footnotes":""},"categories":[87,99],"tags":[],"class_list":["post-12621","post","type-post","status-publish","format-standard","has-post-thumbnail","hentry","category-noticias","category-noticias-nacionales"],"_links":{"self":[{"href":"https:\/\/peopleofcostarica.com\/es\/wp-json\/wp\/v2\/posts\/12621","targetHints":{"allow":["GET"]}}],"collection":[{"href":"https:\/\/peopleofcostarica.com\/es\/wp-json\/wp\/v2\/posts"}],"about":[{"href":"https:\/\/peopleofcostarica.com\/es\/wp-json\/wp\/v2\/types\/post"}],"author":[{"embeddable":true,"href":"https:\/\/peopleofcostarica.com\/es\/wp-json\/wp\/v2\/users\/16"}],"replies":[{"embeddable":true,"href":"https:\/\/peopleofcostarica.com\/es\/wp-json\/wp\/v2\/comments?post=12621"}],"version-history":[{"count":1,"href":"https:\/\/peopleofcostarica.com\/es\/wp-json\/wp\/v2\/posts\/12621\/revisions"}],"predecessor-version":[{"id":12623,"href":"https:\/\/peopleofcostarica.com\/es\/wp-json\/wp\/v2\/posts\/12621\/revisions\/12623"}],"wp:featuredmedia":[{"embeddable":true,"href":"https:\/\/peopleofcostarica.com\/es\/wp-json\/wp\/v2\/media\/12622"}],"wp:attachment":[{"href":"https:\/\/peopleofcostarica.com\/es\/wp-json\/wp\/v2\/media?parent=12621"}],"wp:term":[{"taxonomy":"category","embeddable":true,"href":"https:\/\/peopleofcostarica.com\/es\/wp-json\/wp\/v2\/categories?post=12621"},{"taxonomy":"post_tag","embeddable":true,"href":"https:\/\/peopleofcostarica.com\/es\/wp-json\/wp\/v2\/tags?post=12621"}],"curies":[{"name":"wp","href":"https:\/\/api.w.org\/{rel}","templated":true}]}}