{"id":12591,"date":"2026-04-26T13:23:36","date_gmt":"2026-04-26T19:23:36","guid":{"rendered":"https:\/\/peopleofcostarica.com\/?p=12591"},"modified":"2026-04-26T13:23:38","modified_gmt":"2026-04-26T19:23:38","slug":"movilizacion-ciudadana-en-playa-panama-reabre-el-debate-sobre-la-tala-en-el-polo-turistico-de-papagayo","status":"publish","type":"post","link":"https:\/\/peopleofcostarica.com\/es\/movilizacion-ciudadana-en-playa-panama-reabre-el-debate-sobre-la-tala-en-el-polo-turistico-de-papagayo\/","title":{"rendered":"Movilizaci\u00f3n ciudadana en Playa Panam\u00e1 reabre el debate sobre la tala en el Polo Tur\u00edstico de Papagayo"},"content":{"rendered":"\n<h2 class=\"wp-block-heading\"><strong>Protestas en Guanacaste contra la intervenci\u00f3n forestal<\/strong><\/h2>\n\n\n\n<p>Diversas organizaciones ambientales, comunitarias y activistas se movilizaron en Playa Panam\u00e1, en la provincia de Guanacaste, para expresar su oposici\u00f3n a un permiso de tala asociado a un proyecto de desarrollo tur\u00edstico en el Polo Tur\u00edstico Golfo de Papagayo.<\/p>\n\n\n\n<p>La protesta surge tras la autorizaci\u00f3n para la corta de cientos de \u00e1rboles en la zona, lo que ha generado preocupaci\u00f3n por el impacto sobre el ecosistema costero y la disponibilidad de recursos h\u00eddricos en una regi\u00f3n sometida a alta presi\u00f3n tur\u00edstica.<\/p>\n\n\n\n<p>Entre los grupos participantes se encuentran colectivos locales como Salvemos Playa Panam\u00e1, Salv\u00e9monos y Antigentrificaci\u00f3n Costa Rica, adem\u00e1s del apoyo de organizaciones internacionales vinculadas a la defensa ambiental.&nbsp;<\/p>\n\n\n\n<h2 class=\"wp-block-heading\"><strong>El conflicto por el uso del suelo en Papagayo<\/strong><\/h2>\n\n\n\n<p>El caso se desarrolla dentro del marco del Proyecto Tur\u00edstico Golfo de Papagayo, una zona de desarrollo regulado por el Estado costarricense donde operan concesiones tur\u00edsticas bajo normativa espec\u00edfica.<\/p>\n\n\n\n<p>El proyecto en discusi\u00f3n ha generado debate p\u00fablico debido a la autorizaci\u00f3n de intervenci\u00f3n forestal en terrenos donde se proyecta infraestructura tur\u00edstica, lo que ha sido interpretado por sectores ambientales como una presi\u00f3n adicional sobre ecosistemas sensibles.<\/p>\n\n\n\n<p>Seg\u00fan el Ministerio de Ambiente y Energ\u00eda (MINAE), las autorizaciones de tala se basan en estudios t\u00e9cnicos y en inventarios forestales que determinan el estado de cada \u00e1rbol antes de emitir permisos.&nbsp;<\/p>\n\n\n\n<h2 class=\"wp-block-heading\"><strong>Preocupaciones ambientales y recursos h\u00eddricos<\/strong><\/h2>\n\n\n\n<p>Las organizaciones que se manifestaron en Playa Panam\u00e1 advierten que la reducci\u00f3n de cobertura boscosa podr\u00eda afectar la captaci\u00f3n y regulaci\u00f3n del agua en la zona, un elemento cr\u00edtico en Guanacaste, una de las regiones m\u00e1s vulnerables a la escasez h\u00eddrica del pa\u00eds.<\/p>\n\n\n\n<p>Tambi\u00e9n se\u00f1alan que los bosques costeros cumplen funciones ecol\u00f3gicas esenciales como la protecci\u00f3n de la biodiversidad, la estabilidad del suelo y la mitigaci\u00f3n del impacto del cambio clim\u00e1tico en zonas tur\u00edsticas.<\/p>\n\n\n\n<h2 class=\"wp-block-heading\"><strong>Contexto legal y medidas cautelares<\/strong><\/h2>\n\n\n\n<p>El debate se desarrolla mientras el tema se encuentra bajo revisi\u00f3n judicial en la Sala Constitucional de Costa Rica, que ha emitido medidas cautelares relacionadas con permisos de tala y construcci\u00f3n en el Polo Tur\u00edstico Papagayo.<\/p>\n\n\n\n<p>Estas medidas incluyen la suspensi\u00f3n temporal de autorizaciones mientras se analiza la constitucionalidad de las reformas al reglamento que regula el desarrollo tur\u00edstico en la zona.&nbsp;<\/p>\n\n\n\n<p>Este contexto ha intensificado el debate entre sectores que defienden la seguridad jur\u00eddica de las inversiones tur\u00edsticas y organizaciones que exigen mayor protecci\u00f3n ambiental.<\/p>\n\n\n\n<h2 class=\"wp-block-heading\"><strong>Debate entre desarrollo tur\u00edstico y conservaci\u00f3n<\/strong><\/h2>\n\n\n\n<p>El caso de Playa Panam\u00e1 refleja una tensi\u00f3n recurrente en Costa Rica entre el desarrollo tur\u00edstico y la conservaci\u00f3n ambiental.<\/p>\n\n\n\n<p>Por un lado, el modelo de concesiones en Papagayo ha sido promovido como un motor econ\u00f3mico importante para la regi\u00f3n. Por otro, sectores ambientales cuestionan el impacto acumulativo de la urbanizaci\u00f3n sobre ecosistemas costeros de alto valor ecol\u00f3gico.<\/p>\n\n\n\n<p>La discusi\u00f3n tambi\u00e9n ha puesto en el centro el principio de no regresi\u00f3n ambiental y la necesidad de evaluar los impactos de manera integral en zonas de alta biodiversidad.<\/p>\n\n\n\n<h2 class=\"wp-block-heading\"><strong>Un conflicto que trasciende lo local<\/strong><\/h2>\n\n\n\n<p>M\u00e1s all\u00e1 del caso espec\u00edfico, este tipo de disputas refleja desaf\u00edos estructurales en la gesti\u00f3n del territorio costarricense: la presi\u00f3n del desarrollo tur\u00edstico, la protecci\u00f3n de bienes naturales y la participaci\u00f3n de comunidades locales en la toma de decisiones.<\/p>\n\n\n\n<p>Guanacaste, en particular, enfrenta un crecimiento acelerado del turismo y la inversi\u00f3n inmobiliaria, lo que incrementa la importancia de mecanismos de control ambiental efectivos y transparentes.<\/p>\n\n\n\n<h2 class=\"wp-block-heading\"><strong>Fuentes oficiales y de referencia<\/strong><\/h2>\n\n\n\n<ul class=\"wp-block-list\">\n<li>Ministerio de Ambiente y Energ\u00eda (MINAE) \u2014 normativa y permisos forestales en \u00e1reas concesionadas<\/li>\n\n\n\n<li>Sistema Nacional de \u00c1reas de Conservaci\u00f3n (SINAC) \u2014 regulaci\u00f3n y control ambiental en zonas protegidas<\/li>\n\n\n\n<li>Sala Constitucional de Costa Rica \u2014 resoluciones y medidas cautelares sobre el Polo Tur\u00edstico Papagayo<\/li>\n\n\n\n<li>Delfino.cr \u2014 cobertura period\u00edstica del caso Playa Panam\u00e1 y movilizaciones ciudadanas\u00a0<\/li>\n<\/ul>\n","protected":false},"excerpt":{"rendered":"<p>Protestas en Guanacaste contra la intervenci\u00f3n forestal Diversas organizaciones ambientales, comunitarias y activistas se movilizaron en Playa Panam\u00e1, en la provincia de Guanacaste, para expresar su oposici\u00f3n a un permiso de tala asociado a un proyecto de desarrollo tur\u00edstico en el Polo Tur\u00edstico Golfo de Papagayo. La protesta surge tras la autorizaci\u00f3n para la corta [&hellip;]<\/p>\n","protected":false},"author":16,"featured_media":12592,"comment_status":"open","ping_status":"open","sticky":false,"template":"","format":"standard","meta":{"footnotes":""},"categories":[87,99],"tags":[],"class_list":["post-12591","post","type-post","status-publish","format-standard","has-post-thumbnail","hentry","category-noticias","category-noticias-nacionales"],"_links":{"self":[{"href":"https:\/\/peopleofcostarica.com\/es\/wp-json\/wp\/v2\/posts\/12591","targetHints":{"allow":["GET"]}}],"collection":[{"href":"https:\/\/peopleofcostarica.com\/es\/wp-json\/wp\/v2\/posts"}],"about":[{"href":"https:\/\/peopleofcostarica.com\/es\/wp-json\/wp\/v2\/types\/post"}],"author":[{"embeddable":true,"href":"https:\/\/peopleofcostarica.com\/es\/wp-json\/wp\/v2\/users\/16"}],"replies":[{"embeddable":true,"href":"https:\/\/peopleofcostarica.com\/es\/wp-json\/wp\/v2\/comments?post=12591"}],"version-history":[{"count":1,"href":"https:\/\/peopleofcostarica.com\/es\/wp-json\/wp\/v2\/posts\/12591\/revisions"}],"predecessor-version":[{"id":12593,"href":"https:\/\/peopleofcostarica.com\/es\/wp-json\/wp\/v2\/posts\/12591\/revisions\/12593"}],"wp:featuredmedia":[{"embeddable":true,"href":"https:\/\/peopleofcostarica.com\/es\/wp-json\/wp\/v2\/media\/12592"}],"wp:attachment":[{"href":"https:\/\/peopleofcostarica.com\/es\/wp-json\/wp\/v2\/media?parent=12591"}],"wp:term":[{"taxonomy":"category","embeddable":true,"href":"https:\/\/peopleofcostarica.com\/es\/wp-json\/wp\/v2\/categories?post=12591"},{"taxonomy":"post_tag","embeddable":true,"href":"https:\/\/peopleofcostarica.com\/es\/wp-json\/wp\/v2\/tags?post=12591"}],"curies":[{"name":"wp","href":"https:\/\/api.w.org\/{rel}","templated":true}]}}