{"id":12552,"date":"2026-04-26T13:01:08","date_gmt":"2026-04-26T19:01:08","guid":{"rendered":"https:\/\/peopleofcostarica.com\/?p=12552"},"modified":"2026-04-26T13:01:09","modified_gmt":"2026-04-26T19:01:09","slug":"alertas-sobre-debilitamiento-institucional-frente-al-avance-de-la-mineria-ilegal-en-costa-ricax","status":"publish","type":"post","link":"https:\/\/peopleofcostarica.com\/es\/alertas-sobre-debilitamiento-institucional-frente-al-avance-de-la-mineria-ilegal-en-costa-ricax\/","title":{"rendered":"Alertas sobre debilitamiento institucional frente al avance de la miner\u00eda ilegal en Costa Ricax"},"content":{"rendered":"\n<h2 class=\"wp-block-heading\"><strong>Preocupaci\u00f3n creciente desde el sector geol\u00f3gico<\/strong><\/h2>\n\n\n\n<p>El avance de la miner\u00eda ilegal en Costa Rica ha encendido se\u00f1ales de alerta entre especialistas y organizaciones t\u00e9cnicas. El&nbsp;Colegio de Ge\u00f3logos de Costa Rica&nbsp;advirti\u00f3 recientemente sobre un debilitamiento progresivo en las capacidades institucionales del Estado para enfrentar esta problem\u00e1tica, especialmente en \u00e1reas clave como la fiscalizaci\u00f3n y el control del recurso minero.<\/p>\n\n\n\n<p>Seg\u00fan el pronunciamiento, existe una reducci\u00f3n en el personal t\u00e9cnico dentro de la Direcci\u00f3n de Geolog\u00eda y Minas, lo cual limita la capacidad operativa para cumplir con funciones esenciales como el monitoreo, an\u00e1lisis t\u00e9cnico y regulaci\u00f3n de actividades extractivas.&nbsp;<\/p>\n\n\n\n<p>Adem\u00e1s, la reubicaci\u00f3n de profesionales y el uso temporal de plazas en otras dependencias han afectado procesos estrat\u00e9gicos como el Registro Nacional Minero, debilitando la respuesta institucional ante un fen\u00f3meno que contin\u00faa expandi\u00e9ndose.&nbsp;<\/p>\n\n\n\n<h2 class=\"wp-block-heading\"><strong>Un contexto marcado por el auge de la miner\u00eda ilegal<\/strong><\/h2>\n\n\n\n<p>Estas advertencias se producen en un escenario donde la miner\u00eda ilegal ha crecido de forma sostenida, particularmente en zonas como Crucitas, en el norte del pa\u00eds. Informes t\u00e9cnicos se\u00f1alan que esta actividad ha generado p\u00e9rdidas econ\u00f3micas millonarias y da\u00f1os ambientales significativos.<\/p>\n\n\n\n<p>El propio Colegio de Ge\u00f3logos estima que la afectaci\u00f3n territorial podr\u00eda alcanzar hasta 10.000 hect\u00e1reas, con impactos severos derivados del uso de sustancias como mercurio y cianuro en los procesos de extracci\u00f3n.&nbsp;<\/p>\n\n\n\n<p>A nivel econ\u00f3mico, se calcula que la miner\u00eda ilegal ha provocado p\u00e9rdidas cercanas a los 2.000 millones de d\u00f3lares desde 2017, reflejando no solo un problema ambiental, sino tambi\u00e9n un desaf\u00edo estructural para la econom\u00eda nacional.&nbsp;<\/p>\n\n\n\n<p>En paralelo, reportes internacionales indican que esta actividad il\u00edcita se ha extendido a miles de hect\u00e1reas en la frontera norte, impulsada por redes criminales y la alta demanda internacional de oro.&nbsp;<\/p>\n\n\n\n<h2 class=\"wp-block-heading\"><strong>Impactos ambientales y sociales de gran escala<\/strong><\/h2>\n\n\n\n<p>El crecimiento de la miner\u00eda ilegal no solo compromete recursos econ\u00f3micos, sino que tambi\u00e9n tiene consecuencias profundas sobre los ecosistemas y las comunidades locales.<\/p>\n\n\n\n<p>Diversos an\u00e1lisis advierten sobre contaminaci\u00f3n de suelos y fuentes de agua, deforestaci\u00f3n y afectaci\u00f3n a la biodiversidad, en un pa\u00eds reconocido globalmente por su modelo de conservaci\u00f3n ambiental.&nbsp;<\/p>\n\n\n\n<p>Asimismo, esta actividad suele estar vinculada a problem\u00e1ticas m\u00e1s amplias como el crimen organizado, la explotaci\u00f3n laboral y el tr\u00e1fico de sustancias peligrosas, lo que complejiza a\u00fan m\u00e1s la capacidad de respuesta del Estado.<\/p>\n\n\n\n<h2 class=\"wp-block-heading\"><strong>Llamados a fortalecer la institucionalidad<\/strong><\/h2>\n\n\n\n<p>Ante este panorama, el sector geol\u00f3gico insiste en la necesidad urgente de fortalecer las instituciones encargadas de la gesti\u00f3n y regulaci\u00f3n minera, particularmente la Direcci\u00f3n de Geolog\u00eda y Minas, adscrita al&nbsp;Ministerio de Ambiente y Energ\u00eda.<\/p>\n\n\n\n<p>El llamado se centra en garantizar recursos humanos adecuados, estabilidad en los equipos t\u00e9cnicos y una estructura institucional coherente con las funciones legales asignadas.&nbsp;<\/p>\n\n\n\n<p>Este enfoque coincide con resoluciones judiciales recientes. La&nbsp;Sala Constitucional de Costa Rica&nbsp;ha ordenado acciones urgentes a diversas instituciones estatales para enfrentar la crisis ambiental derivada de la miner\u00eda ilegal en Crucitas, se\u00f1alando fallas reiteradas en la respuesta gubernamental.&nbsp;<\/p>\n\n\n\n<h2 class=\"wp-block-heading\"><strong>Un desaf\u00edo clave para el modelo ambiental del pa\u00eds<\/strong><\/h2>\n\n\n\n<p>Costa Rica enfrenta un momento decisivo en materia de gobernanza ambiental. A pesar de contar con legislaci\u00f3n que proh\u00edbe la miner\u00eda met\u00e1lica a cielo abierto desde 2010, la persistencia de actividades ilegales evidencia limitaciones en la implementaci\u00f3n y vigilancia de estas pol\u00edticas.<\/p>\n\n\n\n<p>En un pa\u00eds que alberga cerca del 6 % de la biodiversidad mundial y ha construido una reputaci\u00f3n internacional como l\u00edder en sostenibilidad, el avance de la miner\u00eda ilegal plantea un reto directo a su modelo de desarrollo.&nbsp;<\/p>\n\n\n\n<p>La discusi\u00f3n actual no solo gira en torno al control de actividades il\u00edcitas, sino tambi\u00e9n a la necesidad de fortalecer las instituciones p\u00fablicas, mejorar la coordinaci\u00f3n interinstitucional y garantizar una gesti\u00f3n efectiva de los recursos naturales.<\/p>\n\n\n\n<h2 class=\"wp-block-heading\"><strong>Fuentes oficiales y de referencia<\/strong><\/h2>\n\n\n\n<ul class=\"wp-block-list\">\n<li>Colegio de Ge\u00f3logos de Costa Rica\u00a0\u2014 Pronunciamientos t\u00e9cnicos sobre miner\u00eda ilegal y capacidades institucionales<\/li>\n\n\n\n<li>Ministerio de Ambiente y Energ\u00eda\u00a0\u2014 Marco institucional de regulaci\u00f3n minera<\/li>\n\n\n\n<li>Sala Constitucional de Costa Rica\u00a0\u2014 Resoluciones sobre miner\u00eda ilegal en Crucitas<\/li>\n\n\n\n<li>Informes t\u00e9cnicos y cobertura period\u00edstica de\u00a0Delfino.cr\u00a0y organismos ambientales<\/li>\n<\/ul>\n","protected":false},"excerpt":{"rendered":"<p>Preocupaci\u00f3n creciente desde el sector geol\u00f3gico El avance de la miner\u00eda ilegal en Costa Rica ha encendido se\u00f1ales de alerta entre especialistas y organizaciones t\u00e9cnicas. El&nbsp;Colegio de Ge\u00f3logos de Costa Rica&nbsp;advirti\u00f3 recientemente sobre un debilitamiento progresivo en las capacidades institucionales del Estado para enfrentar esta problem\u00e1tica, especialmente en \u00e1reas clave como la fiscalizaci\u00f3n y el [&hellip;]<\/p>\n","protected":false},"author":16,"featured_media":12553,"comment_status":"open","ping_status":"open","sticky":false,"template":"","format":"standard","meta":{"footnotes":""},"categories":[87],"tags":[],"class_list":["post-12552","post","type-post","status-publish","format-standard","has-post-thumbnail","hentry","category-noticias"],"_links":{"self":[{"href":"https:\/\/peopleofcostarica.com\/es\/wp-json\/wp\/v2\/posts\/12552","targetHints":{"allow":["GET"]}}],"collection":[{"href":"https:\/\/peopleofcostarica.com\/es\/wp-json\/wp\/v2\/posts"}],"about":[{"href":"https:\/\/peopleofcostarica.com\/es\/wp-json\/wp\/v2\/types\/post"}],"author":[{"embeddable":true,"href":"https:\/\/peopleofcostarica.com\/es\/wp-json\/wp\/v2\/users\/16"}],"replies":[{"embeddable":true,"href":"https:\/\/peopleofcostarica.com\/es\/wp-json\/wp\/v2\/comments?post=12552"}],"version-history":[{"count":1,"href":"https:\/\/peopleofcostarica.com\/es\/wp-json\/wp\/v2\/posts\/12552\/revisions"}],"predecessor-version":[{"id":12554,"href":"https:\/\/peopleofcostarica.com\/es\/wp-json\/wp\/v2\/posts\/12552\/revisions\/12554"}],"wp:featuredmedia":[{"embeddable":true,"href":"https:\/\/peopleofcostarica.com\/es\/wp-json\/wp\/v2\/media\/12553"}],"wp:attachment":[{"href":"https:\/\/peopleofcostarica.com\/es\/wp-json\/wp\/v2\/media?parent=12552"}],"wp:term":[{"taxonomy":"category","embeddable":true,"href":"https:\/\/peopleofcostarica.com\/es\/wp-json\/wp\/v2\/categories?post=12552"},{"taxonomy":"post_tag","embeddable":true,"href":"https:\/\/peopleofcostarica.com\/es\/wp-json\/wp\/v2\/tags?post=12552"}],"curies":[{"name":"wp","href":"https:\/\/api.w.org\/{rel}","templated":true}]}}