{"id":12543,"date":"2026-04-26T12:50:15","date_gmt":"2026-04-26T18:50:15","guid":{"rendered":"https:\/\/peopleofcostarica.com\/?p=12543"},"modified":"2026-04-26T12:50:17","modified_gmt":"2026-04-26T18:50:17","slug":"ucr-y-micitt-firman-acuerdo-para-crear-un-laboratorio-tecnologico-de-aprendizaje-y-emprendimiento","status":"publish","type":"post","link":"https:\/\/peopleofcostarica.com\/es\/ucr-y-micitt-firman-acuerdo-para-crear-un-laboratorio-tecnologico-de-aprendizaje-y-emprendimiento\/","title":{"rendered":"UCR y MICITT firman acuerdo para crear un laboratorio tecnol\u00f3gico de aprendizaje y emprendimiento"},"content":{"rendered":"\n<h3 class=\"wp-block-heading\">Un nuevo espacio para innovaci\u00f3n en Guanacaste<\/h3>\n\n\n\n<p>La <strong>Universidad de Costa Rica (UCR)<\/strong> y el <strong>Ministerio de Ciencia, Innovaci\u00f3n, Tecnolog\u00eda y Telecomunicaciones (MICITT)<\/strong> firmaron un acuerdo para la creaci\u00f3n de un <strong>laboratorio tecnol\u00f3gico orientado al aprendizaje, la innovaci\u00f3n y el emprendimiento<\/strong> en el <strong>Recinto de Santa Cruz<\/strong>, en la provincia de <strong>Guanacaste<\/strong>. Este nuevo espacio busca servir como un <strong>polo de desarrollo tecnol\u00f3gico y creativo<\/strong> para estudiantes, emprendedores y la comunidad regional, ofreciendo herramientas y entornos para experimentar, prototipar y fortalecer habilidades t\u00e9cnicas y empresariales.<\/p>\n\n\n\n<p>La inversi\u00f3n inicial en infraestructura y equipamiento para el laboratorio supera los <strong>28 millones de colones costarricenses<\/strong>, lo que refleja el compromiso conjunto de la UCR y el gobierno costarricense para fomentar capacidades locales en ciencia y tecnolog\u00eda.<\/p>\n\n\n\n<h3 class=\"wp-block-heading\">Qu\u00e9 ofrecer\u00e1 el laboratorio tecnol\u00f3gico<\/h3>\n\n\n\n<p>El nuevo laboratorio tecnol\u00f3gico est\u00e1 dise\u00f1ado para ofrecer un entorno equipado con tecnolog\u00eda y recursos que permitan a los usuarios:<\/p>\n\n\n\n<p>\u2022 Realizar <strong>prototipado de productos<\/strong>, dise\u00f1o digital y experimentaci\u00f3n tecnol\u00f3gica<br>\u2022 Participar en talleres de <strong>habilidades t\u00e9cnicas y empresariales<\/strong><br>\u2022 Desarrollar proyectos aplicados que integren <strong>innovaci\u00f3n y emprendimiento<\/strong><br>\u2022 Acceder a espacios de colaboraci\u00f3n con pares, docentes y expertos<\/p>\n\n\n\n<p>Este tipo de espacios forman parte de una l\u00ednea m\u00e1s amplia de los <strong>Laboratorios de Innovaci\u00f3n Comunitaria (LINC)<\/strong> impulsados por el MICITT, que buscan acercar tecnolog\u00eda, creatividad y aprendizaje pr\u00e1ctico a las comunidades del pa\u00eds, promoviendo una cultura de innovaci\u00f3n con impacto social.<\/p>\n\n\n\n<h3 class=\"wp-block-heading\">Importancia para el desarrollo regional<\/h3>\n\n\n\n<p>La apertura de este laboratorio en Santa Cruz representa una <strong>oportunidad significativa para dinamizar el desarrollo local<\/strong>, facilitando el acceso a herramientas tecnol\u00f3gicas que tradicionalmente estaban concentradas en grandes centros urbanos. Esto puede beneficiar especialmente a municipios de Guanacaste y zonas rurales que buscan integrarse en la econom\u00eda del conocimiento y fortalecer sus capacidades de emprendimiento tecnol\u00f3gico e innovaci\u00f3n.<\/p>\n\n\n\n<p>Adem\u00e1s, al fomentar la experimentaci\u00f3n, la colaboraci\u00f3n interinstitucional y la transferencia de conocimientos, este laboratorio contribuye a <strong>cerrar brechas de acceso a tecnolog\u00eda y formaci\u00f3n avanzada<\/strong>, lo que puede tener un impacto positivo en la competitividad y la generaci\u00f3n de nuevas iniciativas empresariales en la regi\u00f3n.<\/p>\n\n\n\n<h3 class=\"wp-block-heading\">Apoyo institucional y marco estrat\u00e9gico<\/h3>\n\n\n\n<p>El MICITT, como ente rector de las pol\u00edticas p\u00fablicas en ciencia, innovaci\u00f3n y tecnolog\u00eda en Costa Rica, ha promovido la creaci\u00f3n y expansi\u00f3n de espacios como los LINC en diversas regiones del pa\u00eds con el fin de fortalecer las capacidades locales para la gesti\u00f3n de la innovaci\u00f3n.<\/p>\n\n\n\n<p>La UCR, por su parte, aporta su experiencia acad\u00e9mica y su capacidad de investigaci\u00f3n para asegurar que el laboratorio tecnol\u00f3gico funcione como un puente entre la educaci\u00f3n superior, la innovaci\u00f3n aplicada y las necesidades reales de los sectores productivos y emprendedores.<\/p>\n\n\n\n<h3 class=\"wp-block-heading\">Fuentes oficiales y de referencia<\/h3>\n\n\n\n<p>\u2022 <em>UCR Noticias<\/em>, \u201cEl Acuerdo UCR-MICITT crea un laboratorio tecnol\u00f3gico para el aprendizaje y el emprendimiento\u201d \u2014 cobertura oficial sobre la firma del acuerdo y la creaci\u00f3n del laboratorio.<br>\u2022 <strong>Ministerio de Ciencia, Innovaci\u00f3n, Tecnolog\u00eda y Telecomunicaciones (MICITT)<\/strong> \u2014 informaci\u00f3n institucional sobre su misi\u00f3n y su rol en la promoci\u00f3n de espacios de innovaci\u00f3n tecnol\u00f3gica.<br>\u2022 <strong>Laboratorios de Innovaci\u00f3n Comunitaria (LINC)<\/strong> \u2014 marco de pol\u00edtica p\u00fablica para la creaci\u00f3n de laboratorios tecnol\u00f3gicos orientados al desarrollo, la innovaci\u00f3n y la inclusi\u00f3n digital.<\/p>\n","protected":false},"excerpt":{"rendered":"<p>Un nuevo espacio para innovaci\u00f3n en Guanacaste La Universidad de Costa Rica (UCR) y el Ministerio de Ciencia, Innovaci\u00f3n, Tecnolog\u00eda y Telecomunicaciones (MICITT) firmaron un acuerdo para la creaci\u00f3n de un laboratorio tecnol\u00f3gico orientado al aprendizaje, la innovaci\u00f3n y el emprendimiento en el Recinto de Santa Cruz, en la provincia de Guanacaste. Este nuevo espacio [&hellip;]<\/p>\n","protected":false},"author":16,"featured_media":12544,"comment_status":"open","ping_status":"open","sticky":false,"template":"","format":"standard","meta":{"footnotes":""},"categories":[87,89],"tags":[],"class_list":["post-12543","post","type-post","status-publish","format-standard","has-post-thumbnail","hentry","category-noticias","category-negocios-y-tecnologia"],"_links":{"self":[{"href":"https:\/\/peopleofcostarica.com\/es\/wp-json\/wp\/v2\/posts\/12543","targetHints":{"allow":["GET"]}}],"collection":[{"href":"https:\/\/peopleofcostarica.com\/es\/wp-json\/wp\/v2\/posts"}],"about":[{"href":"https:\/\/peopleofcostarica.com\/es\/wp-json\/wp\/v2\/types\/post"}],"author":[{"embeddable":true,"href":"https:\/\/peopleofcostarica.com\/es\/wp-json\/wp\/v2\/users\/16"}],"replies":[{"embeddable":true,"href":"https:\/\/peopleofcostarica.com\/es\/wp-json\/wp\/v2\/comments?post=12543"}],"version-history":[{"count":1,"href":"https:\/\/peopleofcostarica.com\/es\/wp-json\/wp\/v2\/posts\/12543\/revisions"}],"predecessor-version":[{"id":12545,"href":"https:\/\/peopleofcostarica.com\/es\/wp-json\/wp\/v2\/posts\/12543\/revisions\/12545"}],"wp:featuredmedia":[{"embeddable":true,"href":"https:\/\/peopleofcostarica.com\/es\/wp-json\/wp\/v2\/media\/12544"}],"wp:attachment":[{"href":"https:\/\/peopleofcostarica.com\/es\/wp-json\/wp\/v2\/media?parent=12543"}],"wp:term":[{"taxonomy":"category","embeddable":true,"href":"https:\/\/peopleofcostarica.com\/es\/wp-json\/wp\/v2\/categories?post=12543"},{"taxonomy":"post_tag","embeddable":true,"href":"https:\/\/peopleofcostarica.com\/es\/wp-json\/wp\/v2\/tags?post=12543"}],"curies":[{"name":"wp","href":"https:\/\/api.w.org\/{rel}","templated":true}]}}