{"id":12534,"date":"2026-04-26T12:45:53","date_gmt":"2026-04-26T18:45:53","guid":{"rendered":"https:\/\/peopleofcostarica.com\/?p=12534"},"modified":"2026-04-26T12:45:54","modified_gmt":"2026-04-26T18:45:54","slug":"punta-leona-rechaza-propuesta-del-minae-que-permitiria-tener-lapas-en-cautiverio","status":"publish","type":"post","link":"https:\/\/peopleofcostarica.com\/es\/punta-leona-rechaza-propuesta-del-minae-que-permitiria-tener-lapas-en-cautiverio\/","title":{"rendered":"Punta Leona rechaza propuesta del MINAE que permitir\u00eda tener lapas en cautiverio"},"content":{"rendered":"\n<h3 class=\"wp-block-heading\">Rechazo de una comunidad y proyecto de conservaci\u00f3n<\/h3>\n\n\n\n<p>El <strong>Punta Leona Beach Club and Nature Resort<\/strong> expres\u00f3 su <strong>rechazo a una iniciativa promovida por el Ministerio de Ambiente y Energ\u00eda (MINAE)<\/strong> que busca modificar la <strong>Ley de Conservaci\u00f3n de Vida Silvestre<\/strong> para permitir que personas puedan mantener en <strong>cautiverio aves psit\u00e1cidas<\/strong>, incluidas especies como <strong>loro, perico y lapa<\/strong>. Seg\u00fan la organizaci\u00f3n, esta reforma pondr\u00eda en riesgo esfuerzos de conservaci\u00f3n y traer\u00eda de vuelta pr\u00e1cticas perjudiciales que alguna vez contribuyeron a la reducci\u00f3n de poblaciones silvestres.<\/p>\n\n\n\n<p>La oposici\u00f3n se basa en razones de bienestar animal y en la evidencia cient\u00edfica de que el cautiverio <strong>puede causar enfermedades, estr\u00e9s y mortalidad en aves<\/strong>, adem\u00e1s de facilitar la transmisi\u00f3n de infecciones a poblaciones silvestres si estas aves escapan o son liberadas sin los cuidados apropiados.<\/p>\n\n\n\n<h3 class=\"wp-block-heading\">Historia de conservaci\u00f3n de la lapa roja en Puntarenas<\/h3>\n\n\n\n<p>Desde 1994, Punta Leona ha llevado a cabo un <strong>programa de protecci\u00f3n de la lapa roja silvestre (<em>Ara macao<\/em>)<\/strong> en el Pac\u00edfico Central en coordinaci\u00f3n con expertos y entidades como la <strong>Universidad Nacional de Costa Rica<\/strong>. El proyecto tuvo como objetivo recuperar una especie que se encontraba en grave peligro de extinci\u00f3n, y ha incluido acciones de reforestaci\u00f3n del h\u00e1bitat, <strong>educaci\u00f3n ambiental en escuelas<\/strong> y monitoreo de nidos, lo cual ha contribuido a cuadruplicar la poblaci\u00f3n de lapas en la regi\u00f3n.<\/p>\n\n\n\n<p>Los conservacionistas advierten que permitir el cautiverio de lapas para fines no regulados reactivar\u00eda pr\u00e1cticas como <strong>el robo de pichones<\/strong> y perjudicar\u00eda la recuperaci\u00f3n sostenida que ha logrado la especie, poniendo en riesgo los avances de las \u00faltimas d\u00e9cadas.<\/p>\n\n\n\n<h3 class=\"wp-block-heading\">Argumentos t\u00e9cnicos y sostenibilidad de la fauna<\/h3>\n\n\n\n<p>Punta Leona sostiene que las lapas nacidas en cautiverio no adquieren las habilidades necesarias para sobrevivir en la naturaleza \u2014como alimentarse, anidar o evitar depredadores\u2014 lo que disminuye sus probabilidades de supervivencia si se liberan m\u00e1s adelante. Adem\u00e1s, el hacinamiento y la mezcla con otras especies pueden provocar <strong>hasta 13 enfermedades transmisibles<\/strong> entre aves, advirtieron voceros del complejo, lo que representa un riesgo sanitario para poblaciones silvestres.<\/p>\n\n\n\n<p>La organizaci\u00f3n insta a las autoridades y a la sociedad civil a adoptar el lema <strong>\u201cLapas s\u00ed, pero en libertad\u201d<\/strong>, defendiendo as\u00ed la protecci\u00f3n de los animales en su <strong>h\u00e1bitat natural<\/strong> y la continuidad de programas de conservaci\u00f3n que han demostrado resultados positivos.<\/p>\n\n\n\n<h3 class=\"wp-block-heading\">Importancia de la normativa vigente<\/h3>\n\n\n\n<p>El tema del cautiverio de fauna silvestre ha sido objeto de discusi\u00f3n en Costa Rica en el contexto del <strong>nuevo Reglamento de la Ley de Vida Silvestre<\/strong>, el cual ha generado cr\u00edticas por la posibilidad de mantener en cautiverio aves adquiridas antes de 2017 sin mecanismos claros de verificaci\u00f3n y control. Cr\u00edticos se\u00f1alan que esta normativa podr\u00eda facilitar la posesi\u00f3n ilegal de fauna si no se implementan controles efectivos.<\/p>\n\n\n\n<h3 class=\"wp-block-heading\">Fuentes oficiales y de referencia<\/h3>\n\n\n\n<p>\u2022 <em>Delfino.cr<\/em>, <strong>\u201cPunta Leona se opone a iniciativa del MINAE para legalizar cautiverio de las lapas\u201d<\/strong> \u2014 cobertura sobre la oposici\u00f3n del resort y su programa de conservaci\u00f3n.<br>\u2022 Instituto Costarricense de Pesca y Acuicultura \u2014 <strong>Decreto MINAE-MAG N.\u00ba 34327<\/strong> que regula la conservaci\u00f3n de fauna, base legal de la Ley de Conservaci\u00f3n de Vida Silvestre.<br>\u2022 Universidad Nacional de Costa Rica \u2014 antecedentes institucionales en manejo y conservaci\u00f3n de vida silvestre en colaboraci\u00f3n con proyectos locales.<\/p>\n","protected":false},"excerpt":{"rendered":"<p>Rechazo de una comunidad y proyecto de conservaci\u00f3n El Punta Leona Beach Club and Nature Resort expres\u00f3 su rechazo a una iniciativa promovida por el Ministerio de Ambiente y Energ\u00eda (MINAE) que busca modificar la Ley de Conservaci\u00f3n de Vida Silvestre para permitir que personas puedan mantener en cautiverio aves psit\u00e1cidas, incluidas especies como loro, [&hellip;]<\/p>\n","protected":false},"author":16,"featured_media":12535,"comment_status":"open","ping_status":"open","sticky":false,"template":"","format":"standard","meta":{"footnotes":""},"categories":[87,91],"tags":[],"class_list":["post-12534","post","type-post","status-publish","format-standard","has-post-thumbnail","hentry","category-noticias","category-clima-y-ambiente"],"_links":{"self":[{"href":"https:\/\/peopleofcostarica.com\/es\/wp-json\/wp\/v2\/posts\/12534","targetHints":{"allow":["GET"]}}],"collection":[{"href":"https:\/\/peopleofcostarica.com\/es\/wp-json\/wp\/v2\/posts"}],"about":[{"href":"https:\/\/peopleofcostarica.com\/es\/wp-json\/wp\/v2\/types\/post"}],"author":[{"embeddable":true,"href":"https:\/\/peopleofcostarica.com\/es\/wp-json\/wp\/v2\/users\/16"}],"replies":[{"embeddable":true,"href":"https:\/\/peopleofcostarica.com\/es\/wp-json\/wp\/v2\/comments?post=12534"}],"version-history":[{"count":1,"href":"https:\/\/peopleofcostarica.com\/es\/wp-json\/wp\/v2\/posts\/12534\/revisions"}],"predecessor-version":[{"id":12536,"href":"https:\/\/peopleofcostarica.com\/es\/wp-json\/wp\/v2\/posts\/12534\/revisions\/12536"}],"wp:featuredmedia":[{"embeddable":true,"href":"https:\/\/peopleofcostarica.com\/es\/wp-json\/wp\/v2\/media\/12535"}],"wp:attachment":[{"href":"https:\/\/peopleofcostarica.com\/es\/wp-json\/wp\/v2\/media?parent=12534"}],"wp:term":[{"taxonomy":"category","embeddable":true,"href":"https:\/\/peopleofcostarica.com\/es\/wp-json\/wp\/v2\/categories?post=12534"},{"taxonomy":"post_tag","embeddable":true,"href":"https:\/\/peopleofcostarica.com\/es\/wp-json\/wp\/v2\/tags?post=12534"}],"curies":[{"name":"wp","href":"https:\/\/api.w.org\/{rel}","templated":true}]}}