{"id":12489,"date":"2026-04-26T12:17:50","date_gmt":"2026-04-26T18:17:50","guid":{"rendered":"https:\/\/peopleofcostarica.com\/?p=12489"},"modified":"2026-04-26T12:17:52","modified_gmt":"2026-04-26T18:17:52","slug":"inauguran-laboratorio-de-innovacion-comunitaria-para-impulsar-proyectos-locales-en-desamparados","status":"publish","type":"post","link":"https:\/\/peopleofcostarica.com\/es\/inauguran-laboratorio-de-innovacion-comunitaria-para-impulsar-proyectos-locales-en-desamparados\/","title":{"rendered":"Inauguran laboratorio de innovaci\u00f3n comunitaria para impulsar proyectos locales en Desamparados"},"content":{"rendered":"\n<h3 class=\"wp-block-heading\">Fundaci\u00f3n La Libertad pone en marcha un espacio de creaci\u00f3n y colaboraci\u00f3n<\/h3>\n\n\n\n<p>La <strong>Fundaci\u00f3n La Libertad<\/strong> inaugur\u00f3 un <strong>laboratorio de innovaci\u00f3n comunitaria<\/strong> en el cant\u00f3n de <strong>Desamparados<\/strong> con el objetivo de fortalecer procesos de emprendimiento, colaboraci\u00f3n vecinal y soluciones creativas dirigidas a las necesidades reales de las comunidades del valle central. Este nuevo espacio fue presentado oficialmente el <strong>28 de abril de 2026<\/strong> y se concibe como un punto de encuentro para que ciudadanos, organizaciones locales y agentes de desarrollo cocreen proyectos que generen impacto social, econ\u00f3mico y ambiental en el territorio. (Delfino.cr)<\/p>\n\n\n\n<h3 class=\"wp-block-heading\">Qu\u00e9 es un laboratorio de innovaci\u00f3n comunitaria<\/h3>\n\n\n\n<p>Un <strong>laboratorio de innovaci\u00f3n comunitaria<\/strong> es un espacio f\u00edsico y colaborativo donde se combinan recursos, metodolog\u00edas y conocimientos para idear, prototipar y poner en marcha soluciones a desaf\u00edos locales. Este tipo de espacios fomentan la inclusi\u00f3n de diversos actores \u2014j\u00f3venes, emprendedores, asociaciones barriales, educadores y representantes institucionales\u2014 con el prop\u00f3sito de:<\/p>\n\n\n\n<p>\u2022 Identificar necesidades reales de la comunidad<br>\u2022 Dise\u00f1ar propuestas de valor con enfoque participativo<br>\u2022 Probar ideas mediante prototipos<br>\u2022 Establecer alianzas para escalar iniciativas<\/p>\n\n\n\n<p>El laboratorio que ahora funciona en Desamparados busca convertirse en un nodo que facilite la generaci\u00f3n de <strong>soluciones sostenibles, replicables y centradas en las personas<\/strong>, articulando talento local con herramientas de innovaci\u00f3n y acceso a redes de apoyo. (Delfino.cr)<\/p>\n\n\n\n<h3 class=\"wp-block-heading\">Impacto esperado para la comunidad<\/h3>\n\n\n\n<p>Las autoridades de la Fundaci\u00f3n La Libertad se\u00f1alaron que este tipo de infraestructura permite:<\/p>\n\n\n\n<p>\u2022 <strong>Fortalecer las capacidades locales<\/strong> para planificar y ejecutar proyectos propios<br>\u2022 <strong>Estimular el esp\u00edritu emprendedor<\/strong> entre j\u00f3venes y adultos<br>\u2022 <strong>Promover la cooperaci\u00f3n entre actores p\u00fablicos, privados y comunitarios<\/strong><br>\u2022 <strong>Impulsar soluciones que respondan a desaf\u00edos como empleo, educaci\u00f3n, movilidad y ambiente<\/strong><\/p>\n\n\n\n<p>En este sentido, el laboratorio se propone como un catalizador para <strong>dinamizar el desarrollo comunitario de Desamparados<\/strong>, favoreciendo espacios de aprendizaje colaborativo y transferencia de conocimientos que puedan traducirse en beneficios concretos para la poblaci\u00f3n. (Delfino.cr)<\/p>\n\n\n\n<h3 class=\"wp-block-heading\">Alianzas y participaci\u00f3n institucional<\/h3>\n\n\n\n<p>Aunque la iniciativa es liderada por la Fundaci\u00f3n La Libertad, se espera que otras instituciones y actores se sumen al uso y desarrollo del laboratorio. Esto incluye la posibilidad de colaborar con el <strong>Instituto Costarricense de Turismo<\/strong>, el <strong>Ministerio de Ciencia, Innovaci\u00f3n, Tecnolog\u00eda y Telecomunicaciones<\/strong> (MICITT), municipalidades vecinas, organizaciones acad\u00e9micas y centros educativos, para integrar perspectivas diversas en el dise\u00f1o de proyectos comunitarios. (Delfino.cr)<\/p>\n\n\n\n<p>La articulaci\u00f3n intersectorial permite que el laboratorio no solo sea un espacio creativo, sino tambi\u00e9n un <strong>puente entre ciudadanos y pol\u00edticas p\u00fablicas<\/strong>, propiciando iniciativas que puedan influir en procesos de gobernanza local y responder de forma m\u00e1s directa a las prioridades comunitarias.<\/p>\n\n\n\n<h3 class=\"wp-block-heading\">Importancia de la innovaci\u00f3n comunitaria<\/h3>\n\n\n\n<p>La apuesta por la innovaci\u00f3n desde las comunidades se enmarca en tendencias globales que buscan <strong>transformar desaf\u00edos sociales en oportunidades de impacto positivo<\/strong> mediante la colaboraci\u00f3n, la experimentaci\u00f3n continua y la co-creaci\u00f3n. Estos enfoques ponen el acento en la participaci\u00f3n ciudadana, la empat\u00eda por las realidades locales y la construcci\u00f3n de soluciones sostenibles que respondan a las particularidades de cada contexto urbano o rural.<\/p>\n\n\n\n<h3 class=\"wp-block-heading\">Fuentes oficiales y de referencia<\/h3>\n\n\n\n<p>\u2022 <em>Delfino.cr<\/em>, \u201cFundaci\u00f3n La Libertad inaugura laboratorio de innovaci\u00f3n comunitaria en Desamparados\u201d \u2014 cobertura sobre la inauguraci\u00f3n del laboratorio y objetivos del proyecto.<br>\u2022 <strong>Fundaci\u00f3n La Libertad<\/strong> \u2014 documento institucional sobre misi\u00f3n, visi\u00f3n y l\u00edneas de acci\u00f3n de la organizaci\u00f3n.<br>\u2022 <strong>Ministerio de Ciencia, Innovaci\u00f3n, Tecnolog\u00eda y Telecomunicaciones (MICITT)<\/strong> \u2014 pol\u00edticas oficiales de fomento a innovaci\u00f3n y emprendimiento en Costa Rica.<br>\u2022 <strong>Instituto Costarricense de Turismo (ICT)<\/strong> \u2014 referencia institucional sobre apoyo a iniciativas comunitarias con enfoque territorial.<\/p>\n","protected":false},"excerpt":{"rendered":"<p>Fundaci\u00f3n La Libertad pone en marcha un espacio de creaci\u00f3n y colaboraci\u00f3n La Fundaci\u00f3n La Libertad inaugur\u00f3 un laboratorio de innovaci\u00f3n comunitaria en el cant\u00f3n de Desamparados con el objetivo de fortalecer procesos de emprendimiento, colaboraci\u00f3n vecinal y soluciones creativas dirigidas a las necesidades reales de las comunidades del valle central. Este nuevo espacio fue [&hellip;]<\/p>\n","protected":false},"author":16,"featured_media":12490,"comment_status":"open","ping_status":"open","sticky":false,"template":"","format":"standard","meta":{"footnotes":""},"categories":[87,89],"tags":[],"class_list":["post-12489","post","type-post","status-publish","format-standard","has-post-thumbnail","hentry","category-noticias","category-negocios-y-tecnologia"],"_links":{"self":[{"href":"https:\/\/peopleofcostarica.com\/es\/wp-json\/wp\/v2\/posts\/12489","targetHints":{"allow":["GET"]}}],"collection":[{"href":"https:\/\/peopleofcostarica.com\/es\/wp-json\/wp\/v2\/posts"}],"about":[{"href":"https:\/\/peopleofcostarica.com\/es\/wp-json\/wp\/v2\/types\/post"}],"author":[{"embeddable":true,"href":"https:\/\/peopleofcostarica.com\/es\/wp-json\/wp\/v2\/users\/16"}],"replies":[{"embeddable":true,"href":"https:\/\/peopleofcostarica.com\/es\/wp-json\/wp\/v2\/comments?post=12489"}],"version-history":[{"count":1,"href":"https:\/\/peopleofcostarica.com\/es\/wp-json\/wp\/v2\/posts\/12489\/revisions"}],"predecessor-version":[{"id":12491,"href":"https:\/\/peopleofcostarica.com\/es\/wp-json\/wp\/v2\/posts\/12489\/revisions\/12491"}],"wp:featuredmedia":[{"embeddable":true,"href":"https:\/\/peopleofcostarica.com\/es\/wp-json\/wp\/v2\/media\/12490"}],"wp:attachment":[{"href":"https:\/\/peopleofcostarica.com\/es\/wp-json\/wp\/v2\/media?parent=12489"}],"wp:term":[{"taxonomy":"category","embeddable":true,"href":"https:\/\/peopleofcostarica.com\/es\/wp-json\/wp\/v2\/categories?post=12489"},{"taxonomy":"post_tag","embeddable":true,"href":"https:\/\/peopleofcostarica.com\/es\/wp-json\/wp\/v2\/tags?post=12489"}],"curies":[{"name":"wp","href":"https:\/\/api.w.org\/{rel}","templated":true}]}}