{"id":12480,"date":"2026-04-26T12:11:12","date_gmt":"2026-04-26T18:11:12","guid":{"rendered":"https:\/\/peopleofcostarica.com\/?p=12480"},"modified":"2026-04-26T12:11:13","modified_gmt":"2026-04-26T18:11:13","slug":"una-foto-de-perezoso-costarricense-causa-sensacion-en-national-geographic","status":"publish","type":"post","link":"https:\/\/peopleofcostarica.com\/es\/una-foto-de-perezoso-costarricense-causa-sensacion-en-national-geographic\/","title":{"rendered":"Una foto de perezoso costarricense causa sensaci\u00f3n en National Geographic"},"content":{"rendered":"\n<h3 class=\"wp-block-heading\">Una imagen viral que pone foco en la vida silvestre tica<\/h3>\n\n\n\n<p>Una <strong>fotograf\u00eda de un perezoso tomada en Costa Rica<\/strong> por el fot\u00f3grafo franc\u00e9s Emmanuel Tardy ha generado gran atenci\u00f3n internacional al convertirse en una tendencia destacada en las plataformas de <strong>National Geographic<\/strong> durante abril de 2026. Esta imagen, capturada el a\u00f1o anterior, ha sido compartida en m\u00faltiples ocasiones en los canales oficiales de la revista, acumulando interacci\u00f3n y reconocimiento por su composici\u00f3n, calidad y la expresi\u00f3n del animal.<\/p>\n\n\n\n<p>La repercusi\u00f3n de la fotograf\u00eda no solo celebra la belleza y singularidad de los perezosos costarricenses, sino que tambi\u00e9n contribuye a recordar la riqueza de la vida silvestre en el pa\u00eds, uno de los destinos con mayor biodiversidad del mundo y hogar de especies emblem\u00e1ticas como los perezosos de tres dedos (<em>Bradypus variegatus<\/em>), ampliamente observados en bosques tropicales costarricenses.<\/p>\n\n\n\n<h3 class=\"wp-block-heading\">El perezoso: s\u00edmbolo de biodiversidad y naturaleza<\/h3>\n\n\n\n<p>Los perezosos son mam\u00edferos arbor\u00edcolas conocidos por su movimiento lento y su aspecto \u201csonriente\u201d, rasgo que los convierte en sujetos altamente fotografiables y populares entre amantes de la naturaleza y observadores de fauna. En Costa Rica habitan principalmente dos especies: el perezoso de tres dedos y el perezoso de dos dedos, ambos caracter\u00edsticos de los bosques h\u00famedos y secos del pa\u00eds, desde la vertiente Caribe hasta las regiones del Pac\u00edfico.<\/p>\n\n\n\n<p>Estos animales son un componente importante de los ecosistemas tropicales, desempe\u00f1ando roles ecol\u00f3gicos en la dispersi\u00f3n de semillas y como parte de la cadena alimentaria. Adem\u00e1s, su presencia en medios internacionales como <em>National Geographic<\/em> ayuda a sensibilizar sobre la conservaci\u00f3n de su h\u00e1bitat y la protecci\u00f3n de la fauna silvestre costarricense.<\/p>\n\n\n\n<h3 class=\"wp-block-heading\">Conservaci\u00f3n y educaci\u00f3n sobre la fauna<\/h3>\n\n\n\n<p>Costa Rica ha desarrollado un marco s\u00f3lido de <strong>pol\u00edticas de conservaci\u00f3n de vida silvestre<\/strong>, liderado por instituciones como el <strong>Sistema Nacional de \u00c1reas de Conservaci\u00f3n (SINAC)<\/strong>, responsable de proteger las \u00e1reas naturales y coordinar acciones para la conservaci\u00f3n de especies nativas. Estas pol\u00edticas se complementan con el trabajo de organizaciones especializadas en el rescate y rehabilitaci\u00f3n de perezosos y otros mam\u00edferos, como el <strong>The Sloth Institute Costa Rica<\/strong> y el <strong>Sloth Sanctuary of Costa Rica<\/strong>, que atienden perezosos hu\u00e9rfanos o lesionados y promueven su regreso a la naturaleza en condiciones seguras.<\/p>\n\n\n\n<p>El inter\u00e9s que generan fotograf\u00edas y publicaciones sobre animales silvestres en medios internacionales contribuye a reforzar el valor que tienen estas especies como patrimonio natural de Costa Rica y a fomentar el respeto por la fauna y los ecosistemas entre visitantes y residentes.<\/p>\n\n\n\n<h3 class=\"wp-block-heading\">Fuentes oficiales y de referencia<\/h3>\n\n\n\n<p>\u2022 <em>CRHoy<\/em>, \u201cFoto de perezoso tico es la sensaci\u00f3n en National Geographic\u201d \u2014 cobertura sobre la repercusi\u00f3n de la imagen del perezoso.<br>\u2022 <strong>National Geographic<\/strong> \u2014 publicaci\u00f3n global que difundi\u00f3 repetidamente la fotograf\u00eda y destaca la diversidad animal.<br>\u2022 <strong>Sistema Nacional de \u00c1reas de Conservaci\u00f3n (SINAC)<\/strong> \u2014 marco institucional para la protecci\u00f3n de vida silvestre costarricense.<br>\u2022 <strong>The Sloth Institute Costa Rica<\/strong> \u2014 organizaci\u00f3n dedicada al rescate, rehabilitaci\u00f3n y conservaci\u00f3n de perezosos.<br>\u2022 <strong>Sloth Sanctuary of Costa Rica<\/strong> \u2014 centro de rescate y rehabilitaci\u00f3n de perezosos en la provincia de Lim\u00f3n.<\/p>\n","protected":false},"excerpt":{"rendered":"<p>Una imagen viral que pone foco en la vida silvestre tica Una fotograf\u00eda de un perezoso tomada en Costa Rica por el fot\u00f3grafo franc\u00e9s Emmanuel Tardy ha generado gran atenci\u00f3n internacional al convertirse en una tendencia destacada en las plataformas de National Geographic durante abril de 2026. Esta imagen, capturada el a\u00f1o anterior, ha sido [&hellip;]<\/p>\n","protected":false},"author":16,"featured_media":12481,"comment_status":"open","ping_status":"open","sticky":false,"template":"","format":"standard","meta":{"footnotes":""},"categories":[87,93],"tags":[],"class_list":["post-12480","post","type-post","status-publish","format-standard","has-post-thumbnail","hentry","category-noticias","category-costa-rica-en-el-mundo"],"_links":{"self":[{"href":"https:\/\/peopleofcostarica.com\/es\/wp-json\/wp\/v2\/posts\/12480","targetHints":{"allow":["GET"]}}],"collection":[{"href":"https:\/\/peopleofcostarica.com\/es\/wp-json\/wp\/v2\/posts"}],"about":[{"href":"https:\/\/peopleofcostarica.com\/es\/wp-json\/wp\/v2\/types\/post"}],"author":[{"embeddable":true,"href":"https:\/\/peopleofcostarica.com\/es\/wp-json\/wp\/v2\/users\/16"}],"replies":[{"embeddable":true,"href":"https:\/\/peopleofcostarica.com\/es\/wp-json\/wp\/v2\/comments?post=12480"}],"version-history":[{"count":1,"href":"https:\/\/peopleofcostarica.com\/es\/wp-json\/wp\/v2\/posts\/12480\/revisions"}],"predecessor-version":[{"id":12482,"href":"https:\/\/peopleofcostarica.com\/es\/wp-json\/wp\/v2\/posts\/12480\/revisions\/12482"}],"wp:featuredmedia":[{"embeddable":true,"href":"https:\/\/peopleofcostarica.com\/es\/wp-json\/wp\/v2\/media\/12481"}],"wp:attachment":[{"href":"https:\/\/peopleofcostarica.com\/es\/wp-json\/wp\/v2\/media?parent=12480"}],"wp:term":[{"taxonomy":"category","embeddable":true,"href":"https:\/\/peopleofcostarica.com\/es\/wp-json\/wp\/v2\/categories?post=12480"},{"taxonomy":"post_tag","embeddable":true,"href":"https:\/\/peopleofcostarica.com\/es\/wp-json\/wp\/v2\/tags?post=12480"}],"curies":[{"name":"wp","href":"https:\/\/api.w.org\/{rel}","templated":true}]}}