{"id":12471,"date":"2026-04-26T12:04:08","date_gmt":"2026-04-26T18:04:08","guid":{"rendered":"https:\/\/peopleofcostarica.com\/?p=12471"},"modified":"2026-04-26T12:04:09","modified_gmt":"2026-04-26T18:04:09","slug":"costa-rica-impulsa-una-estrategia-nacional-para-acercar-la-lectura-a-toda-la-sociedad","status":"publish","type":"post","link":"https:\/\/peopleofcostarica.com\/es\/costa-rica-impulsa-una-estrategia-nacional-para-acercar-la-lectura-a-toda-la-sociedad\/","title":{"rendered":"Costa Rica impulsa una estrategia nacional para acercar la lectura a toda la sociedad"},"content":{"rendered":"\n<h3 class=\"wp-block-heading\">Presentaci\u00f3n de la iniciativa \u201cCosta Rica Lee\u201d como pol\u00edtica p\u00fablica<\/h3>\n\n\n\n<p>El <strong>gobierno de Costa Rica<\/strong>, a trav\u00e9s del <strong>Ministerio de Cultura y Juventud (MCJ)<\/strong> junto con el <strong>Ministerio de Educaci\u00f3n P\u00fablica (MEP)<\/strong>, el <strong>Ministerio de Planificaci\u00f3n Nacional y Pol\u00edtica Econ\u00f3mica (MIDEPLAN)<\/strong> y el <strong>Ministerio de Trabajo y Seguridad Social (MTSS)<\/strong>, present\u00f3 la nueva <strong>estrategia nacional de lectura \u201cCosta Rica Lee\u201d<\/strong>, dise\u00f1ada para colocar la lectura en el centro de la vida p\u00fablica como un acto de <strong>encuentro, identidad y construcci\u00f3n de comunidad<\/strong>. Esta iniciativa fue anunciada en el marco del <strong>D\u00eda Internacional del Libro y del Derecho de Autor 2026<\/strong> y busca articular esfuerzos interinstitucionales para promover la lectura en diversas esferas de la sociedad costarricense.<\/p>\n\n\n\n<h3 class=\"wp-block-heading\">Objetivos y alcance de \u201cCosta Rica Lee\u201d<\/h3>\n\n\n\n<p>La estrategia tiene como prop\u00f3sito <strong>integrar la lectura como pr\u00e1ctica cotidiana y como un derecho cultural<\/strong> que fortalece procesos educativos, ampl\u00eda oportunidades laborales, impulsa habilidades de pensamiento cr\u00edtico y contribuye a la cohesi\u00f3n social del pa\u00eds. Para ello, se activar\u00e1n bibliotecas, centros educativos, espacios culturales y comunidades en todo el territorio, promoviendo actividades que permitan disfrutar de la lectura de manera creativa y colectiva.<\/p>\n\n\n\n<p>Un componente clave de la iniciativa es la <strong>\u201cPausa Nacional de la Lectura\u201d<\/strong>, un momento de 15 minutos en que personas, instituciones p\u00fablicas y privadas y ciudadan\u00eda en general son invitadas a leer de forma simult\u00e1nea como s\u00edmbolo de coincidencia nacional y celebraci\u00f3n del libro.<\/p>\n\n\n\n<h3 class=\"wp-block-heading\">Actividades en todo el pa\u00eds<\/h3>\n\n\n\n<p>La estrategia contempla una <strong>programaci\u00f3n diversa de actividades<\/strong> que se desarrollaron entre el 20 y el 26 de abril, incluyendo presentaciones de libros, conversatorios, talleres, conciertos con tem\u00e1tica literaria, liberaci\u00f3n de publicaciones, gira del Biblioteca M\u00f3vil (\u201cBibliob\u00fas\u201d) y eventos en espacios culturales, bibliotecas y centros educativos de varias provincias costarricenses. Entre los actos principales se destacan:<\/p>\n\n\n\n<p>\u2022 <strong>Acto c\u00edvico nacional<\/strong> celebrado el 23 de abril en el <strong>Anfiteatro Fidel Gamboa del Centro Nacional de la Cultura (CENAC)<\/strong>, con la participaci\u00f3n de estudiantes, autoridades gubernamentales, cuerpo diplom\u00e1tico y representantes del sector educativo y cultural.<br>\u2022 Primera <strong>Pausa Nacional de la Lectura<\/strong>, realizada simult\u00e1neamente en todo el pa\u00eds.<br>\u2022 Talleres, presentaciones de libros y actividades h\u00edbridas organizadas por bibliotecas p\u00fablicas y espacios culturales.<\/p>\n\n\n\n<h3 class=\"wp-block-heading\">Lectura como herramienta de desarrollo social<\/h3>\n\n\n\n<p>Las autoridades resaltan que la lectura es un <strong>derecho cultural y una herramienta poderosa para fortalecer la identidad nacional, fomentar la imaginaci\u00f3n y construir ciudadan\u00eda<\/strong>. Esta visi\u00f3n se alinea con esfuerzos de largo plazo para fomentar el acceso al libro y la lectura en todas las edades, y con estrategias nacionales previas promovidas por el Estado costarricense para integrar estos valores en pol\u00edticas p\u00fablicas y pr\u00e1cticas educativas.<\/p>\n\n\n\n<h3 class=\"wp-block-heading\">Importancia de la articulaci\u00f3n institucional<\/h3>\n\n\n\n<p>La estrategia \u201cCosta Rica Lee\u201d representa un esfuerzo conjunto entre instituciones del Estado para fomentar <strong>la lectura como un eje transversal del desarrollo cultural, educativo y social<\/strong>. La coordinaci\u00f3n entre ministerios y entidades busca asegurar que la lectura no solo sea promovida dentro de la ense\u00f1anza formal, sino tambi\u00e9n en la vida cotidiana y en el espacio p\u00fablico, promoviendo as\u00ed una cultura lectora m\u00e1s amplia e inclusiva.<\/p>\n\n\n\n<h3 class=\"wp-block-heading\">Fuentes oficiales y de referencia<\/h3>\n\n\n\n<p>\u2022 <strong>Costa Rica se lee a s\u00ed misma: Gobierno impulsa estrategia nacional de lectura como pol\u00edtica pa\u00eds<\/strong> \u2014 documento oficial del Ministerio de Cultura y Juventud.<br>\u2022 <strong>Costa Rica activa la lectura como encuentro nacional en el D\u00eda Mundial del Libro<\/strong> \u2014 nota oficial del Ministerio de Cultura y Juventud y el Ministerio de Educaci\u00f3n P\u00fablica.<br>\u2022 <strong>Lanzan estrategia \u201cCosta Rica Lee\u201d para promover la lectura a nivel nacional<\/strong> \u2014 cobertura period\u00edstica sobre la presentaci\u00f3n de la iniciativa.<br>\u2022 Estrategia nacional de fomento de la lectura y la promoci\u00f3n del libro \u2014 antecedentes y contexto de pol\u00edticas p\u00fablicas de lectura en Costa Rica.<\/p>\n","protected":false},"excerpt":{"rendered":"<p>Presentaci\u00f3n de la iniciativa \u201cCosta Rica Lee\u201d como pol\u00edtica p\u00fablica El gobierno de Costa Rica, a trav\u00e9s del Ministerio de Cultura y Juventud (MCJ) junto con el Ministerio de Educaci\u00f3n P\u00fablica (MEP), el Ministerio de Planificaci\u00f3n Nacional y Pol\u00edtica Econ\u00f3mica (MIDEPLAN) y el Ministerio de Trabajo y Seguridad Social (MTSS), present\u00f3 la nueva estrategia nacional [&hellip;]<\/p>\n","protected":false},"author":16,"featured_media":12472,"comment_status":"open","ping_status":"open","sticky":false,"template":"","format":"standard","meta":{"footnotes":""},"categories":[87,99],"tags":[],"class_list":["post-12471","post","type-post","status-publish","format-standard","has-post-thumbnail","hentry","category-noticias","category-noticias-nacionales"],"_links":{"self":[{"href":"https:\/\/peopleofcostarica.com\/es\/wp-json\/wp\/v2\/posts\/12471","targetHints":{"allow":["GET"]}}],"collection":[{"href":"https:\/\/peopleofcostarica.com\/es\/wp-json\/wp\/v2\/posts"}],"about":[{"href":"https:\/\/peopleofcostarica.com\/es\/wp-json\/wp\/v2\/types\/post"}],"author":[{"embeddable":true,"href":"https:\/\/peopleofcostarica.com\/es\/wp-json\/wp\/v2\/users\/16"}],"replies":[{"embeddable":true,"href":"https:\/\/peopleofcostarica.com\/es\/wp-json\/wp\/v2\/comments?post=12471"}],"version-history":[{"count":1,"href":"https:\/\/peopleofcostarica.com\/es\/wp-json\/wp\/v2\/posts\/12471\/revisions"}],"predecessor-version":[{"id":12473,"href":"https:\/\/peopleofcostarica.com\/es\/wp-json\/wp\/v2\/posts\/12471\/revisions\/12473"}],"wp:featuredmedia":[{"embeddable":true,"href":"https:\/\/peopleofcostarica.com\/es\/wp-json\/wp\/v2\/media\/12472"}],"wp:attachment":[{"href":"https:\/\/peopleofcostarica.com\/es\/wp-json\/wp\/v2\/media?parent=12471"}],"wp:term":[{"taxonomy":"category","embeddable":true,"href":"https:\/\/peopleofcostarica.com\/es\/wp-json\/wp\/v2\/categories?post=12471"},{"taxonomy":"post_tag","embeddable":true,"href":"https:\/\/peopleofcostarica.com\/es\/wp-json\/wp\/v2\/tags?post=12471"}],"curies":[{"name":"wp","href":"https:\/\/api.w.org\/{rel}","templated":true}]}}