{"id":11666,"date":"2026-04-01T14:54:27","date_gmt":"2026-04-01T20:54:27","guid":{"rendered":"https:\/\/peopleofcostarica.com\/?p=11666"},"modified":"2026-04-01T14:54:28","modified_gmt":"2026-04-01T20:54:28","slug":"costa-rica-inicia-la-eliminacion-progresiva-del-fipronil-en-la-agricultura","status":"publish","type":"post","link":"https:\/\/peopleofcostarica.com\/es\/costa-rica-inicia-la-eliminacion-progresiva-del-fipronil-en-la-agricultura\/","title":{"rendered":"Costa Rica inicia la eliminaci\u00f3n progresiva del fipronil en la agricultura"},"content":{"rendered":"\n<p>El Gobierno de Costa Rica anunci\u00f3 el inicio de un proceso de eliminaci\u00f3n progresiva del fipronil en la agricultura, una medida que marca un cambio importante en la pol\u00edtica ambiental y sanitaria del pa\u00eds. La decisi\u00f3n, liderada por el Ministerio de Salud en conjunto con el Ministerio de Agricultura y Ganader\u00eda (MAG) y el Ministerio de Ambiente y Energ\u00eda (MINAE), establece un plazo de 24 meses para la eliminaci\u00f3n total de este plaguicida.<\/p>\n\n\n\n<p>La iniciativa responde a evidencia t\u00e9cnica que advierte sobre los riesgos del fipronil para la salud humana, el ambiente y, especialmente, para los polinizadores, fundamentales para la seguridad alimentaria.<\/p>\n\n\n\n<h2 class=\"wp-block-heading\">Un proceso gradual con plazos definidos<\/h2>\n\n\n\n<p>El decreto establece una ruta clara para retirar el fipronil del mercado agr\u00edcola nacional, regulando todas las etapas del producto: registro, importaci\u00f3n, fabricaci\u00f3n, comercializaci\u00f3n y uso.<\/p>\n\n\n\n<p>Durante los primeros 12 meses, se permitir\u00e1 el uso de productos con registro vigente, pero posteriormente se prohibir\u00e1 la importaci\u00f3n, exportaci\u00f3n, fabricaci\u00f3n y formulaci\u00f3n de sustancias que contengan este ingrediente activo. Finalmente, al cumplirse los 24 meses, se implementar\u00e1 la prohibici\u00f3n total de su uso en todos los cultivos.<\/p>\n\n\n\n<p>Adem\u00e1s, durante el periodo de transici\u00f3n, la comercializaci\u00f3n estar\u00e1 sujeta a controles t\u00e9cnicos m\u00e1s estrictos y, en algunos casos, a la prescripci\u00f3n profesional por parte de especialistas en agronom\u00eda.<\/p>\n\n\n\n<h2 class=\"wp-block-heading\">Riesgos para la salud, el ambiente y la biodiversidad<\/h2>\n\n\n\n<p>La decisi\u00f3n se fundamenta en estudios t\u00e9cnicos que identificaron impactos negativos significativos asociados al uso del fipronil. Entre los principales riesgos destacan los efectos sobre los polinizadores, como las abejas, cuya disminuci\u00f3n tiene consecuencias directas sobre la producci\u00f3n agr\u00edcola.<\/p>\n\n\n\n<p>Investigaciones del MINAE han demostrado que este insecticida puede representar un peligro incluso en dosis bajas, afectando tambi\u00e9n a aves y organismos acu\u00e1ticos.<\/p>\n\n\n\n<p>Dado que una gran parte de los cultivos depende de los polinizadores, su reducci\u00f3n impacta la calidad de las cosechas, la productividad agr\u00edcola y la estabilidad de los sistemas alimentarios.<\/p>\n\n\n\n<h2 class=\"wp-block-heading\">Una medida alineada con la sostenibilidad agr\u00edcola<\/h2>\n\n\n\n<p>Las autoridades han se\u00f1alado que esta decisi\u00f3n no solo responde a criterios de protecci\u00f3n ambiental, sino tambi\u00e9n a la necesidad de avanzar hacia un modelo agr\u00edcola m\u00e1s sostenible y competitivo.<\/p>\n\n\n\n<p>Seg\u00fan el Ministerio de Agricultura y Ganader\u00eda, la eliminaci\u00f3n del fipronil es posible gracias a la disponibilidad de nuevas alternativas tecnol\u00f3gicas y mol\u00e9culas menos peligrosas, lo que permite mantener la productividad del sector sin comprometer la salud ni el ambiente.<\/p>\n\n\n\n<p>Asimismo, la medida se alinea con tendencias internacionales que promueven la reducci\u00f3n de plaguicidas de alta peligrosidad y el fortalecimiento de pr\u00e1cticas agr\u00edcolas m\u00e1s seguras.<\/p>\n\n\n\n<h2 class=\"wp-block-heading\">Excepciones y control durante la transici\u00f3n<\/h2>\n\n\n\n<p>El decreto contempla excepciones \u00fanicamente en casos de emergencia fitosanitaria, las cuales deber\u00e1n ser evaluadas y autorizadas bajo criterios t\u00e9cnicos estrictos por las autoridades competentes.<\/p>\n\n\n\n<p>Durante el periodo de transici\u00f3n, las empresas deber\u00e1n reportar sus existencias de productos que contengan fipronil y cumplir con las disposiciones de manejo seguro. El incumplimiento de estas obligaciones podr\u00eda derivar en el decomiso de los productos.<\/p>\n\n\n\n<p>Adem\u00e1s, se reforzar\u00e1n los mecanismos de control y trazabilidad para asegurar una implementaci\u00f3n efectiva de la normativa.<\/p>\n\n\n\n<h2 class=\"wp-block-heading\">Impacto en la producci\u00f3n y la seguridad alimentaria<\/h2>\n\n\n\n<p>La eliminaci\u00f3n progresiva del fipronil busca fortalecer la seguridad alimentaria del pa\u00eds al proteger a los polinizadores, esenciales para la producci\u00f3n de alimentos.<\/p>\n\n\n\n<p>La reducci\u00f3n del uso de este tipo de sustancias tambi\u00e9n contribuye a mejorar la calidad de los productos agr\u00edcolas y a disminuir la exposici\u00f3n de la poblaci\u00f3n a qu\u00edmicos potencialmente peligrosos.<\/p>\n\n\n\n<p>En este sentido, la medida representa un equilibrio entre productividad agr\u00edcola, protecci\u00f3n ambiental y salud p\u00fablica, pilares fundamentales del modelo de desarrollo sostenible costarricense.<\/p>\n\n\n\n<h2 class=\"wp-block-heading\">Un paso hacia una agricultura m\u00e1s segura<\/h2>\n\n\n\n<p>Con esta decisi\u00f3n, Costa Rica reafirma su compromiso con la sostenibilidad y la protecci\u00f3n de los recursos naturales, posicion\u00e1ndose como un referente regional en la regulaci\u00f3n de agroqu\u00edmicos.<\/p>\n\n\n\n<p>La eliminaci\u00f3n del fipronil no solo responde a una necesidad ambiental inmediata, sino que tambi\u00e9n abre la puerta a una transformaci\u00f3n m\u00e1s amplia del sector agr\u00edcola, basada en innovaci\u00f3n, responsabilidad y resiliencia.<\/p>\n\n\n\n<h2 class=\"wp-block-heading\">Fuentes oficiales y de referencia<\/h2>\n\n\n\n<p>\u2013 Ministerio de Salud de Costa Rica, comunicado oficial sobre la eliminaci\u00f3n progresiva del fipronil.<br>\u2013 Ministerio de Agricultura y Ganader\u00eda (MAG) y Ministerio de Ambiente y Energ\u00eda (MINAE), declaraciones institucionales sobre la medida.<br>\u2013 Infobae Costa Rica, art\u00edculo sobre la eliminaci\u00f3n del fipronil y sus implicaciones.<br>\u2013 Semanario Universidad, an\u00e1lisis sobre impactos en polinizadores y agricultura.<br>\u2013 Delfino.cr, informaci\u00f3n sobre el decreto y cronograma de implementaci\u00f3n.<br>\u2013 Teletica.com, cobertura sobre la prohibici\u00f3n del insecticida y su impacto ambiental.<\/p>\n","protected":false},"excerpt":{"rendered":"<p>El Gobierno de Costa Rica anunci\u00f3 el inicio de un proceso de eliminaci\u00f3n progresiva del fipronil en la agricultura, una medida que marca un cambio importante en la pol\u00edtica ambiental y sanitaria del pa\u00eds. La decisi\u00f3n, liderada por el Ministerio de Salud en conjunto con el Ministerio de Agricultura y Ganader\u00eda (MAG) y el Ministerio [&hellip;]<\/p>\n","protected":false},"author":16,"featured_media":11667,"comment_status":"open","ping_status":"open","sticky":false,"template":"","format":"standard","meta":{"footnotes":""},"categories":[87,91],"tags":[],"class_list":["post-11666","post","type-post","status-publish","format-standard","has-post-thumbnail","hentry","category-noticias","category-clima-y-ambiente"],"_links":{"self":[{"href":"https:\/\/peopleofcostarica.com\/es\/wp-json\/wp\/v2\/posts\/11666","targetHints":{"allow":["GET"]}}],"collection":[{"href":"https:\/\/peopleofcostarica.com\/es\/wp-json\/wp\/v2\/posts"}],"about":[{"href":"https:\/\/peopleofcostarica.com\/es\/wp-json\/wp\/v2\/types\/post"}],"author":[{"embeddable":true,"href":"https:\/\/peopleofcostarica.com\/es\/wp-json\/wp\/v2\/users\/16"}],"replies":[{"embeddable":true,"href":"https:\/\/peopleofcostarica.com\/es\/wp-json\/wp\/v2\/comments?post=11666"}],"version-history":[{"count":1,"href":"https:\/\/peopleofcostarica.com\/es\/wp-json\/wp\/v2\/posts\/11666\/revisions"}],"predecessor-version":[{"id":11668,"href":"https:\/\/peopleofcostarica.com\/es\/wp-json\/wp\/v2\/posts\/11666\/revisions\/11668"}],"wp:featuredmedia":[{"embeddable":true,"href":"https:\/\/peopleofcostarica.com\/es\/wp-json\/wp\/v2\/media\/11667"}],"wp:attachment":[{"href":"https:\/\/peopleofcostarica.com\/es\/wp-json\/wp\/v2\/media?parent=11666"}],"wp:term":[{"taxonomy":"category","embeddable":true,"href":"https:\/\/peopleofcostarica.com\/es\/wp-json\/wp\/v2\/categories?post=11666"},{"taxonomy":"post_tag","embeddable":true,"href":"https:\/\/peopleofcostarica.com\/es\/wp-json\/wp\/v2\/tags?post=11666"}],"curies":[{"name":"wp","href":"https:\/\/api.w.org\/{rel}","templated":true}]}}