{"id":11657,"date":"2026-04-01T14:50:18","date_gmt":"2026-04-01T20:50:18","guid":{"rendered":"https:\/\/peopleofcostarica.com\/?p=11657"},"modified":"2026-04-01T14:50:19","modified_gmt":"2026-04-01T20:50:19","slug":"parques-nacionales-funcionaran-con-normalidad-durante-toda-la-semana-santa-en-costa-rica","status":"publish","type":"post","link":"https:\/\/peopleofcostarica.com\/es\/parques-nacionales-funcionaran-con-normalidad-durante-toda-la-semana-santa-en-costa-rica\/","title":{"rendered":"Parques nacionales funcionar\u00e1n con normalidad durante toda la Semana Santa en Costa Rica"},"content":{"rendered":"\n<p>Durante la Semana Santa, los parques nacionales y \u00e1reas silvestres protegidas de Costa Rica operar\u00e1n con total normalidad, seg\u00fan informaron autoridades del sector ambiental. La medida busca garantizar el acceso a estos espacios naturales en uno de los periodos de mayor movilidad tur\u00edstica del pa\u00eds.<\/p>\n\n\n\n<p>De acuerdo con el Ministerio de Ambiente y Energ\u00eda (MINAE), un total de 29 \u00e1reas protegidas estar\u00e1n abiertas al p\u00fablico bajo sus horarios habituales, permitiendo a visitantes nacionales y extranjeros disfrutar de la biodiversidad y paisajes del pa\u00eds.<\/p>\n\n\n\n<h2 class=\"wp-block-heading\">Operaci\u00f3n regular para impulsar el turismo y la econom\u00eda local<\/h2>\n\n\n\n<p>El funcionamiento normal de los parques responde a una estrategia para mantener la actividad tur\u00edstica durante la Semana Santa, una de las temporadas m\u00e1s importantes para el sector.<\/p>\n\n\n\n<p>Las autoridades han se\u00f1alado que esta apertura contribuye directamente al dinamismo econ\u00f3mico de las comunidades cercanas a las \u00e1reas protegidas, muchas de las cuales dependen del turismo como principal fuente de ingresos.<\/p>\n\n\n\n<p>Adem\u00e1s, el incremento en la visitaci\u00f3n durante estas fechas permite generar recursos que se destinan al mantenimiento y conservaci\u00f3n de estos espacios naturales.<\/p>\n\n\n\n<h2 class=\"wp-block-heading\">Acceso a 29 \u00e1reas protegidas en todo el pa\u00eds<\/h2>\n\n\n\n<p>El Sistema Nacional de \u00c1reas de Conservaci\u00f3n (SINAC) confirm\u00f3 que las 29 \u00c1reas Silvestres Protegidas habilitadas estar\u00e1n disponibles en su horario regular, ofreciendo una amplia variedad de experiencias recreativas.<\/p>\n\n\n\n<p>Entre los destinos disponibles se encuentran parques emblem\u00e1ticos como:<\/p>\n\n\n\n<ul class=\"wp-block-list\">\n<li>Parque Nacional Manuel Antonio<\/li>\n\n\n\n<li>Parque Nacional Volc\u00e1n Iraz\u00fa<\/li>\n\n\n\n<li>Parque Nacional Chirrip\u00f3<\/li>\n\n\n\n<li>Parque Nacional Carara<\/li>\n\n\n\n<li>Parque Nacional Rinc\u00f3n de la Vieja<\/li>\n<\/ul>\n\n\n\n<p>Estos espacios ofrecen actividades como senderismo, observaci\u00f3n de flora y fauna, fotograf\u00eda, buceo y otras pr\u00e1cticas de ecoturismo.<\/p>\n\n\n\n<h2 class=\"wp-block-heading\">Compra anticipada de entradas y planificaci\u00f3n<\/h2>\n\n\n\n<p>Las autoridades recomiendan a las personas planificar su visita con anticipaci\u00f3n, ya que al menos 11 destinos requieren la compra previa de entradas mediante la plataforma digital del SINAC.<\/p>\n\n\n\n<p>Esta medida busca mejorar la gesti\u00f3n de visitantes y evitar aglomeraciones, especialmente durante una temporada en la que se registra un aumento significativo en la afluencia de turistas.<\/p>\n\n\n\n<p>Asimismo, se aconseja a los visitantes revisar los requisitos espec\u00edficos de cada parque, incluyendo restricciones sobre mascotas, horarios y condiciones de ingreso.<\/p>\n\n\n\n<h2 class=\"wp-block-heading\">Experiencias naturales, culturales y accesibles<\/h2>\n\n\n\n<p>Costa Rica ofrece una diversidad de opciones para quienes buscan conectar con la naturaleza durante estos d\u00edas. Desde parques volc\u00e1nicos hasta reservas con valor hist\u00f3rico y cultural, la oferta es amplia y variada.<\/p>\n\n\n\n<p>Por ejemplo, el Parque Nacional Isla San Lucas combina elementos hist\u00f3ricos, culturales y naturales, mientras que el Monumento Nacional Guayabo resguarda un importante sitio arqueol\u00f3gico prehisp\u00e1nico.<\/p>\n\n\n\n<p>Adem\u00e1s, algunos parques como Carara cuentan con infraestructura accesible, incluyendo senderos dise\u00f1ados para personas con movilidad reducida.<\/p>\n\n\n\n<h2 class=\"wp-block-heading\">Recomendaciones para una visita segura<\/h2>\n\n\n\n<p>El MINAE y el SINAC hacen un llamado a la poblaci\u00f3n a visitar los parques de manera responsable, respetando las normas de cada \u00e1rea protegida.<\/p>\n\n\n\n<p>Entre las principales recomendaciones destacan:<\/p>\n\n\n\n<ul class=\"wp-block-list\">\n<li>Comprar las entradas con anticipaci\u00f3n<\/li>\n\n\n\n<li>Seguir las indicaciones del personal del parque<\/li>\n\n\n\n<li>Respetar la flora y fauna<\/li>\n\n\n\n<li>Evitar dejar residuos<\/li>\n<\/ul>\n\n\n\n<p>Tambi\u00e9n se recuerda que durante la Semana Santa aumenta considerablemente la visitaci\u00f3n, por lo que una adecuada planificaci\u00f3n es clave para disfrutar de la experiencia sin inconvenientes.<\/p>\n\n\n\n<h2 class=\"wp-block-heading\">Un impulso al turismo sostenible en Costa Rica<\/h2>\n\n\n\n<p>La apertura total de los parques nacionales durante Semana Santa reafirma el papel del turismo sostenible como uno de los pilares del desarrollo econ\u00f3mico del pa\u00eds.<\/p>\n\n\n\n<p>M\u00e1s all\u00e1 del ocio, visitar estos espacios representa una oportunidad para apoyar la conservaci\u00f3n ambiental y el desarrollo de comunidades locales, al tiempo que se promueve una relaci\u00f3n m\u00e1s cercana con la biodiversidad que caracteriza a Costa Rica.<\/p>\n\n\n\n<h2 class=\"wp-block-heading\">Fuentes oficiales y de referencia<\/h2>\n\n\n\n<p>\u2013 Ministerio de Ambiente y Energ\u00eda (MINAE), informaci\u00f3n sobre operaci\u00f3n de \u00e1reas protegidas en Semana Santa.<br>\u2013 Sistema Nacional de \u00c1reas de Conservaci\u00f3n (SINAC), lineamientos sobre acceso y compra de entradas.<br>\u2013 Teletica.com, nota \u201cParques nacionales funcionar\u00e1n con normalidad durante toda la Semana Santa\u201d.<br>\u2013 Delfino.cr, art\u00edculo sobre apertura de \u00e1reas silvestres protegidas en Semana Santa.<br>\u2013 Observador.cr, informaci\u00f3n sobre horarios y recomendaciones para visitantes.<br>\u2013 AM Prensa, recomendaciones y detalles sobre visitaci\u00f3n en parques nacionales.<\/p>\n","protected":false},"excerpt":{"rendered":"<p>Durante la Semana Santa, los parques nacionales y \u00e1reas silvestres protegidas de Costa Rica operar\u00e1n con total normalidad, seg\u00fan informaron autoridades del sector ambiental. La medida busca garantizar el acceso a estos espacios naturales en uno de los periodos de mayor movilidad tur\u00edstica del pa\u00eds. De acuerdo con el Ministerio de Ambiente y Energ\u00eda (MINAE), [&hellip;]<\/p>\n","protected":false},"author":16,"featured_media":11658,"comment_status":"open","ping_status":"open","sticky":false,"template":"","format":"standard","meta":{"footnotes":""},"categories":[87,95,99],"tags":[],"class_list":["post-11657","post","type-post","status-publish","format-standard","has-post-thumbnail","hentry","category-noticias","category-festivales-y-celebraciones","category-noticias-nacionales"],"_links":{"self":[{"href":"https:\/\/peopleofcostarica.com\/es\/wp-json\/wp\/v2\/posts\/11657","targetHints":{"allow":["GET"]}}],"collection":[{"href":"https:\/\/peopleofcostarica.com\/es\/wp-json\/wp\/v2\/posts"}],"about":[{"href":"https:\/\/peopleofcostarica.com\/es\/wp-json\/wp\/v2\/types\/post"}],"author":[{"embeddable":true,"href":"https:\/\/peopleofcostarica.com\/es\/wp-json\/wp\/v2\/users\/16"}],"replies":[{"embeddable":true,"href":"https:\/\/peopleofcostarica.com\/es\/wp-json\/wp\/v2\/comments?post=11657"}],"version-history":[{"count":1,"href":"https:\/\/peopleofcostarica.com\/es\/wp-json\/wp\/v2\/posts\/11657\/revisions"}],"predecessor-version":[{"id":11659,"href":"https:\/\/peopleofcostarica.com\/es\/wp-json\/wp\/v2\/posts\/11657\/revisions\/11659"}],"wp:featuredmedia":[{"embeddable":true,"href":"https:\/\/peopleofcostarica.com\/es\/wp-json\/wp\/v2\/media\/11658"}],"wp:attachment":[{"href":"https:\/\/peopleofcostarica.com\/es\/wp-json\/wp\/v2\/media?parent=11657"}],"wp:term":[{"taxonomy":"category","embeddable":true,"href":"https:\/\/peopleofcostarica.com\/es\/wp-json\/wp\/v2\/categories?post=11657"},{"taxonomy":"post_tag","embeddable":true,"href":"https:\/\/peopleofcostarica.com\/es\/wp-json\/wp\/v2\/tags?post=11657"}],"curies":[{"name":"wp","href":"https:\/\/api.w.org\/{rel}","templated":true}]}}