{"id":11648,"date":"2026-04-01T14:41:40","date_gmt":"2026-04-01T20:41:40","guid":{"rendered":"https:\/\/peopleofcostarica.com\/?p=11648"},"modified":"2026-04-01T14:41:41","modified_gmt":"2026-04-01T20:41:41","slug":"meic-impulsa-la-tercera-edicion-de-pongamosle-a-su-pyme-para-fortalecer-emprendimientos-en-costa-rica","status":"publish","type":"post","link":"https:\/\/peopleofcostarica.com\/es\/meic-impulsa-la-tercera-edicion-de-pongamosle-a-su-pyme-para-fortalecer-emprendimientos-en-costa-rica\/","title":{"rendered":"MEIC impulsa la tercera edici\u00f3n de \u201cPong\u00e1mosle a su Pyme\u201d para fortalecer emprendimientos en Costa Rica"},"content":{"rendered":"\n<p>El Ministerio de Econom\u00eda, Industria y Comercio (MEIC) anunci\u00f3 el lanzamiento de la tercera edici\u00f3n del programa \u201cPong\u00e1mosle a su Pyme\u201d, una iniciativa que busca fortalecer las capacidades de las micro, peque\u00f1as y medianas empresas (PYME) en todo el territorio nacional.<\/p>\n\n\n\n<p>Este programa forma parte de los esfuerzos institucionales para dinamizar la econom\u00eda, promover el emprendimiento y mejorar la competitividad de los negocios costarricenses, especialmente en regiones fuera del Gran \u00c1rea Metropolitana.<\/p>\n\n\n\n<h2 class=\"wp-block-heading\">Un programa enfocado en el desarrollo empresarial<\/h2>\n\n\n\n<p>El MEIC, como entidad encargada de promover el desarrollo econ\u00f3mico y la competitividad del sector productivo, ha impulsado diversas iniciativas orientadas al fortalecimiento de las PYME, consideradas un motor clave de la econom\u00eda nacional. Ministerio de Econom\u00eda, Industria y Comercio<\/p>\n\n\n\n<p>Seg\u00fan informaci\u00f3n institucional, el objetivo principal del ministerio es facilitar pol\u00edticas p\u00fablicas que impulsen el crecimiento empresarial, la innovaci\u00f3n y la generaci\u00f3n de empleo en sectores de industria, comercio y servicios.<\/p>\n\n\n\n<p>En este contexto, \u201cPong\u00e1mosle a su Pyme\u201d se consolida como un espacio de acompa\u00f1amiento t\u00e9cnico y capacitaci\u00f3n para emprendedores que buscan formalizar o expandir sus negocios.<\/p>\n\n\n\n<h2 class=\"wp-block-heading\">Alcance nacional y apoyo directo a emprendedores<\/h2>\n\n\n\n<p>La iniciativa se desarrolla mediante jornadas de trabajo en distintas regiones del pa\u00eds, donde las personas emprendedoras pueden acceder a asesor\u00eda especializada, formaci\u00f3n y herramientas pr\u00e1cticas para mejorar la gesti\u00f3n de sus empresas.<\/p>\n\n\n\n<p>Estas actividades permiten acercar los servicios del Estado a comunidades que tradicionalmente tienen menos acceso a recursos t\u00e9cnicos, contribuyendo a reducir brechas territoriales y fortalecer el tejido productivo local.<\/p>\n\n\n\n<p>Adem\u00e1s, el programa fomenta la articulaci\u00f3n entre instituciones p\u00fablicas y actores del ecosistema empresarial, facilitando el acceso a financiamiento, capacitaci\u00f3n y redes de contacto.<\/p>\n\n\n\n<h2 class=\"wp-block-heading\">Integraci\u00f3n con estrategias nacionales de desarrollo<\/h2>\n\n\n\n<p>El impulso de este tipo de programas responde a una estrategia m\u00e1s amplia del MEIC orientada a fortalecer la productividad y competitividad del pa\u00eds.<\/p>\n\n\n\n<p>De acuerdo con documentos oficiales, el ministerio promueve encadenamientos productivos, mejora regulatoria y acceso a herramientas del Sistema Nacional para la Calidad, con el objetivo de facilitar el crecimiento de las PYME y su inserci\u00f3n en mercados m\u00e1s amplios.<\/p>\n\n\n\n<p>Asimismo, estas iniciativas est\u00e1n alineadas con el Plan Nacional de Desarrollo e Inversi\u00f3n P\u00fablica 2023-2026, que prioriza la reactivaci\u00f3n econ\u00f3mica y el apoyo a los sectores productivos en todo el pa\u00eds.<\/p>\n\n\n\n<h2 class=\"wp-block-heading\">Un impulso clave para la econom\u00eda local<\/h2>\n\n\n\n<p>Las micro, peque\u00f1as y medianas empresas representan una parte fundamental del tejido econ\u00f3mico costarricense, tanto en generaci\u00f3n de empleo como en dinamizaci\u00f3n de las econom\u00edas locales.<\/p>\n\n\n\n<p>Programas como \u201cPong\u00e1mosle a su Pyme\u201d buscan no solo fortalecer las capacidades empresariales, sino tambi\u00e9n fomentar la formalizaci\u00f3n, la innovaci\u00f3n y la sostenibilidad de los negocios.<\/p>\n\n\n\n<p>Este tipo de iniciativas cobra especial relevancia en un contexto donde los emprendedores enfrentan desaf\u00edos como el acceso al financiamiento, la digitalizaci\u00f3n y la adaptaci\u00f3n a mercados cada vez m\u00e1s competitivos.<\/p>\n\n\n\n<h2 class=\"wp-block-heading\">Hacia un ecosistema emprendedor m\u00e1s s\u00f3lido<\/h2>\n\n\n\n<p>La continuidad de este programa en su tercera edici\u00f3n refleja la importancia de construir un ecosistema emprendedor robusto, donde las empresas puedan crecer de manera sostenible y generar valor en sus comunidades.<\/p>\n\n\n\n<p>Al brindar herramientas concretas, acompa\u00f1amiento institucional y oportunidades de desarrollo, el MEIC busca consolidar un entorno favorable para el emprendimiento en Costa Rica.<\/p>\n\n\n\n<p>El fortalecimiento de las PYME no solo impacta a nivel empresarial, sino que tambi\u00e9n contribuye al desarrollo econ\u00f3mico y social del pa\u00eds en su conjunto.<\/p>\n\n\n\n<h2 class=\"wp-block-heading\">Fuentes oficiales y de referencia<\/h2>\n\n\n\n<p>\u2013 Ministerio de Econom\u00eda, Industria y<\/p>\n","protected":false},"excerpt":{"rendered":"<p>El Ministerio de Econom\u00eda, Industria y Comercio (MEIC) anunci\u00f3 el lanzamiento de la tercera edici\u00f3n del programa \u201cPong\u00e1mosle a su Pyme\u201d, una iniciativa que busca fortalecer las capacidades de las micro, peque\u00f1as y medianas empresas (PYME) en todo el territorio nacional. Este programa forma parte de los esfuerzos institucionales para dinamizar la econom\u00eda, promover el [&hellip;]<\/p>\n","protected":false},"author":16,"featured_media":11649,"comment_status":"open","ping_status":"open","sticky":false,"template":"","format":"standard","meta":{"footnotes":""},"categories":[87],"tags":[],"class_list":["post-11648","post","type-post","status-publish","format-standard","has-post-thumbnail","hentry","category-noticias"],"_links":{"self":[{"href":"https:\/\/peopleofcostarica.com\/es\/wp-json\/wp\/v2\/posts\/11648","targetHints":{"allow":["GET"]}}],"collection":[{"href":"https:\/\/peopleofcostarica.com\/es\/wp-json\/wp\/v2\/posts"}],"about":[{"href":"https:\/\/peopleofcostarica.com\/es\/wp-json\/wp\/v2\/types\/post"}],"author":[{"embeddable":true,"href":"https:\/\/peopleofcostarica.com\/es\/wp-json\/wp\/v2\/users\/16"}],"replies":[{"embeddable":true,"href":"https:\/\/peopleofcostarica.com\/es\/wp-json\/wp\/v2\/comments?post=11648"}],"version-history":[{"count":1,"href":"https:\/\/peopleofcostarica.com\/es\/wp-json\/wp\/v2\/posts\/11648\/revisions"}],"predecessor-version":[{"id":11650,"href":"https:\/\/peopleofcostarica.com\/es\/wp-json\/wp\/v2\/posts\/11648\/revisions\/11650"}],"wp:featuredmedia":[{"embeddable":true,"href":"https:\/\/peopleofcostarica.com\/es\/wp-json\/wp\/v2\/media\/11649"}],"wp:attachment":[{"href":"https:\/\/peopleofcostarica.com\/es\/wp-json\/wp\/v2\/media?parent=11648"}],"wp:term":[{"taxonomy":"category","embeddable":true,"href":"https:\/\/peopleofcostarica.com\/es\/wp-json\/wp\/v2\/categories?post=11648"},{"taxonomy":"post_tag","embeddable":true,"href":"https:\/\/peopleofcostarica.com\/es\/wp-json\/wp\/v2\/tags?post=11648"}],"curies":[{"name":"wp","href":"https:\/\/api.w.org\/{rel}","templated":true}]}}