{"id":11621,"date":"2026-04-01T14:08:05","date_gmt":"2026-04-01T20:08:05","guid":{"rendered":"https:\/\/peopleofcostarica.com\/?p=11621"},"modified":"2026-04-01T14:08:07","modified_gmt":"2026-04-01T20:08:07","slug":"camiones-electricos-de-50-toneladas-impulsan-la-carga-cero-emisiones-en-costa-rica","status":"publish","type":"post","link":"https:\/\/peopleofcostarica.com\/es\/camiones-electricos-de-50-toneladas-impulsan-la-carga-cero-emisiones-en-costa-rica\/","title":{"rendered":"Camiones el\u00e9ctricos de 50 toneladas impulsan la carga cero emisiones en Costa Rica"},"content":{"rendered":"\n<p>Costa Rica acaba de completar una flota pionera de 15 camiones el\u00e9ctricos de carga pesada, un paso clave para llevar la movilidad cero emisiones al coraz\u00f3n del sector productivo y agr\u00edcola. Estas unidades ya est\u00e1n trabajando en zonas estrat\u00e9gicas del pa\u00eds y muestran resultados concretos en ahorro de costos, reducci\u00f3n de ruido y mejora de la calidad del aire en las comunidades donde circulan.<\/p>\n\n\n\n<h2 class=\"wp-block-heading\">Costa Rica suma siete nuevos camiones el\u00e9ctricos<\/h2>\n\n\n\n<p>La Asociaci\u00f3n Costarricense de Movilidad El\u00e9ctrica (ASOMOVE) inform\u00f3 la llegada de siete nuevos camiones el\u00e9ctricos de 50 toneladas, que se suman a ocho unidades ya en operaci\u00f3n y completan as\u00ed una flota de 15 cabezales cero emisiones importados por la empresa Automotores CABUS. Se trata de unidades de la marca DAYUN, equipadas con bater\u00edas de 600 kWh y una autonom\u00eda aproximada de 450 kil\u00f3metros por carga, lo que permite su uso en rutas de transporte pesado en distintas regiones del pa\u00eds. Seg\u00fan la empresa importadora, estos camiones est\u00e1n dise\u00f1ados para responder a las exigencias del trabajo agr\u00edcola e industrial, pero reduciendo al m\u00ednimo el ruido y las emisiones locales en las comunidades por donde transitan.<\/p>\n\n\n\n<h2 class=\"wp-block-heading\">D\u00f3nde est\u00e1n operando estos camiones<\/h2>\n\n\n\n<p>Los siete nuevos cabezales el\u00e9ctricos se integrar\u00e1n a las operaciones de la empresa Pi\u00f1as Cultivadas de Costa Rica, en Pocosol de San Carlos, una zona agr\u00edcola clave para la exportaci\u00f3n de pi\u00f1a. En la regi\u00f3n norte ya operan seis unidades en el Ingenio Cutris y dos camiones adicionales est\u00e1n en Cartago con el Grupo Coris, dedicado a la producci\u00f3n de alimentos para mascotas. De acuerdo con CABUS, en los pr\u00f3ximos meses se sumar\u00e1n otros tres camiones de 50 toneladas para la empresa Terumo en El Coyol de Alajuela y uno m\u00e1s para El Colono en Lim\u00f3n, extendiendo as\u00ed la presencia de la tecnolog\u00eda cero emisiones hacia el Caribe y el principal corredor log\u00edstico del Valle Central.<\/p>\n\n\n\n<h2 class=\"wp-block-heading\">Ahorro econ\u00f3mico y menor mantenimiento<\/h2>\n\n\n\n<p>El presidente de Automotores CABUS, Carlos L\u00f3pez, indic\u00f3 que las empresas usuarias de esta flota est\u00e1n reportando hasta un 80% de ahorro al comparar \u00fanicamente el gasto de combustible con el costo de la electricidad, sin incluir todav\u00eda los ahorros adicionales en mantenimiento. Los camiones el\u00e9ctricos tienen menos partes m\u00f3viles, no requieren cambios de aceite ni filtros y reducen el desgaste de componentes asociados al motor de combusti\u00f3n, lo que baja tanto los costos directos como los tiempos fuera de operaci\u00f3n. Para compa\u00f1\u00edas agr\u00edcolas e industriales que mueven grandes vol\u00famenes de carga durante todo el a\u00f1o, estos ahorros pueden traducirse en una mejora significativa de su competitividad y en mayor margen para invertir en innovaci\u00f3n y sostenibilidad.<\/p>\n\n\n\n<h2 class=\"wp-block-heading\">Beneficios para las comunidades<\/h2>\n\n\n\n<p>ASOMOVE resalta que el impacto de estos camiones va m\u00e1s all\u00e1 del \u00e1mbito empresarial, pues la reducci\u00f3n de ruido y la eliminaci\u00f3n del humo de escape mejoran la calidad de vida en las comunidades donde operan. En zonas como Boca de Arenal de San Carlos, las autoridades han se\u00f1alado que dos escuelas cercanas a la ruta de los camiones del Ingenio Cutris ahora experimentan un entorno m\u00e1s silencioso y limpio desde que se sustituyeron los cabezales de combusti\u00f3n por unidades el\u00e9ctricas. Para ni\u00f1as, ni\u00f1os y docentes, esto se traduce en mejores condiciones para el aprendizaje y en una menor exposici\u00f3n diaria a contaminantes generados por el tr\u00e1fico pesado.<\/p>\n\n\n\n<h2 class=\"wp-block-heading\">Movilidad el\u00e9ctrica y red de carga en crecimiento<\/h2>\n\n\n\n<p>La directora ejecutiva de ASOMOVE, Silvia Rojas, destac\u00f3 que Costa Rica no solo ha avanzado en movilidad el\u00e9ctrica liviana, sino que ahora tambi\u00e9n da pasos firmes en el segmento de carga pesada, con 15 tr\u00e1ilers 100% el\u00e9ctricos que muestran resultados positivos en ahorro, desempe\u00f1o tecnol\u00f3gico y confort para las personas conductoras. Estos avances se complementan con la expansi\u00f3n de la infraestructura de carga anunciada por empresas p\u00fablicas como la Compa\u00f1\u00eda Nacional de Fuerza y Luz (CNFL) y el Instituto Costarricense de Electricidad (ICE), que prev\u00e9n instalar 51 nuevos cargadores r\u00e1pidos para veh\u00edculos el\u00e9ctricos en 2026, de los cuales 17 estar\u00e1n a cargo de la CNFL en la Gran \u00c1rea Metropolitana. La ampliaci\u00f3n de la red de carga r\u00e1pida y semirr\u00e1pida es uno de los objetivos estrat\u00e9gicos de estas instituciones y respalda la adopci\u00f3n de veh\u00edculos el\u00e9ctricos en todos los segmentos del transporte.<\/p>\n\n\n\n<h2 class=\"wp-block-heading\">Un ejemplo para la descarbonizaci\u00f3n del transporte pesado<\/h2>\n\n\n\n<p>La incorporaci\u00f3n de camiones el\u00e9ctricos de 50 toneladas en actividades como la producci\u00f3n de pi\u00f1a, az\u00facar, alimentos para mascotas y manufactura m\u00e9dica demuestra que la descarbonizaci\u00f3n del transporte pesado es t\u00e9cnicamente viable y econ\u00f3micamente atractiva para el sector privado. Adem\u00e1s de reducir emisiones locales de contaminantes, estas unidades contribuyen a la meta nacional de disminuir las emisiones de gases de efecto invernadero del sector transporte, uno de los m\u00e1s intensivos en consumo de combustibles f\u00f3siles en Costa Rica. La combinaci\u00f3n de ahorros operativos, beneficios para la salud y la calidad de vida en comunidades rurales y urbanas, y alineamiento con la pol\u00edtica nacional de descarbonizaci\u00f3n convierte a esta nueva flota en un caso pr\u00e1ctico que puede inspirar a otras empresas y sectores a seguir el mismo camino.<\/p>\n\n\n\n<h2 class=\"wp-block-heading\">Fuentes oficiales y de referencia<\/h2>\n\n\n\n<p>\u2013 Asociaci\u00f3n Costarricense de Movilidad El\u00e9ctrica (ASOMOVE), comunicaciones sobre camiones el\u00e9ctricos de 50 toneladas y avances en movilidad el\u00e9ctrica.<br>\u2013 Automotores CABUS, informaci\u00f3n t\u00e9cnica y de operaci\u00f3n de los camiones el\u00e9ctricos DAYUN de 50 toneladas.<br>\u2013 Delfino.cr, nota \u201cCosta Rica recibe siete nuevos camiones el\u00e9ctricos de 50 toneladas para completar una flota de 15 cabezales cero emisiones\u201d.<br>\u2013 PuroMotor, art\u00edculo \u201cCosta Rica recibe 7 nuevos camiones el\u00e9ctricos para completar una flota de 15 cabezales cero emisiones\u201d.<a href=\"https:\/\/puromotor.com\/industria\/costa-rica-recibe-7-nuevos-camiones-electricos-para-completar-una-flota-de-15-cabezales-cero-emisiones\/\" target=\"_blank\" rel=\"noreferrer noopener\"><\/a><br>\u2013 CRHoy.com, nota \u201c51 cargadores r\u00e1pidos de veh\u00edculos el\u00e9ctricos se instalar\u00e1n en 2026\u201d, con datos de CNFL e ICE sobre la expansi\u00f3n de la red de carga.<br>\u2013 Comunicados y notas de CNFL e ICE sobre centros de carga r\u00e1pida para veh\u00edculos el\u00e9ctricos y objetivos estrat\u00e9gicos de movilidad el\u00e9ctrica<\/p>\n\n\n\n<p><\/p>\n\n\n\n<p><\/p>\n\n\n\n<p><\/p>\n","protected":false},"excerpt":{"rendered":"<p>Costa Rica acaba de completar una flota pionera de 15 camiones el\u00e9ctricos de carga pesada, un paso clave para llevar la movilidad cero emisiones al coraz\u00f3n del sector productivo y agr\u00edcola. Estas unidades ya est\u00e1n trabajando en zonas estrat\u00e9gicas del pa\u00eds y muestran resultados concretos en ahorro de costos, reducci\u00f3n de ruido y mejora de [&hellip;]<\/p>\n","protected":false},"author":16,"featured_media":11622,"comment_status":"open","ping_status":"open","sticky":false,"template":"","format":"standard","meta":{"footnotes":""},"categories":[87,91],"tags":[],"class_list":["post-11621","post","type-post","status-publish","format-standard","has-post-thumbnail","hentry","category-noticias","category-clima-y-ambiente"],"_links":{"self":[{"href":"https:\/\/peopleofcostarica.com\/es\/wp-json\/wp\/v2\/posts\/11621","targetHints":{"allow":["GET"]}}],"collection":[{"href":"https:\/\/peopleofcostarica.com\/es\/wp-json\/wp\/v2\/posts"}],"about":[{"href":"https:\/\/peopleofcostarica.com\/es\/wp-json\/wp\/v2\/types\/post"}],"author":[{"embeddable":true,"href":"https:\/\/peopleofcostarica.com\/es\/wp-json\/wp\/v2\/users\/16"}],"replies":[{"embeddable":true,"href":"https:\/\/peopleofcostarica.com\/es\/wp-json\/wp\/v2\/comments?post=11621"}],"version-history":[{"count":1,"href":"https:\/\/peopleofcostarica.com\/es\/wp-json\/wp\/v2\/posts\/11621\/revisions"}],"predecessor-version":[{"id":11623,"href":"https:\/\/peopleofcostarica.com\/es\/wp-json\/wp\/v2\/posts\/11621\/revisions\/11623"}],"wp:featuredmedia":[{"embeddable":true,"href":"https:\/\/peopleofcostarica.com\/es\/wp-json\/wp\/v2\/media\/11622"}],"wp:attachment":[{"href":"https:\/\/peopleofcostarica.com\/es\/wp-json\/wp\/v2\/media?parent=11621"}],"wp:term":[{"taxonomy":"category","embeddable":true,"href":"https:\/\/peopleofcostarica.com\/es\/wp-json\/wp\/v2\/categories?post=11621"},{"taxonomy":"post_tag","embeddable":true,"href":"https:\/\/peopleofcostarica.com\/es\/wp-json\/wp\/v2\/tags?post=11621"}],"curies":[{"name":"wp","href":"https:\/\/api.w.org\/{rel}","templated":true}]}}