{"id":11538,"date":"2026-03-26T12:49:45","date_gmt":"2026-03-26T18:49:45","guid":{"rendered":"https:\/\/peopleofcostarica.com\/?p=11538"},"modified":"2026-03-26T12:49:47","modified_gmt":"2026-03-26T18:49:47","slug":"primer-yard-house-internacional-en-costa-rica","status":"publish","type":"post","link":"https:\/\/peopleofcostarica.com\/es\/primer-yard-house-internacional-en-costa-rica\/","title":{"rendered":"Primer Yard House internacional en Costa Rica"},"content":{"rendered":"\n<p>La marca eligi\u00f3 Avenida Escaz\u00fa para abrir su primera sede internacional, en un local de aproximadamente 902 metros cuadrados dentro de uno de los principales polos gastron\u00f3micos y de entretenimiento del Gran \u00c1rea Metropolitana.<br>Desde esta ubicaci\u00f3n, operada por AR Holdings, Yard House introduce su concepto de barra central, ambiente inspirado en el rock cl\u00e1sico y amplia oferta de cervezas y gastronom\u00eda al p\u00fablico costarricense.<br>La elecci\u00f3n de Costa Rica refleja la confianza de la cadena y de Darden Restaurants en el potencial del mercado local y en la capacidad operativa de su socio regional.<\/p>\n\n\n\n<h2 class=\"wp-block-heading\" id=\"concepto-men-y-oferta-de-bebidas\">Concepto, men\u00fa y oferta de bebidas<\/h2>\n\n\n\n<p>Yard House se caracteriza por su extensa selecci\u00f3n de cervezas de barril, que incluye opciones artesanales, importadas, locales, versiones sin alcohol, saborizadas y alternativas libres de gluten.<br>El men\u00fa en Costa Rica ofrecer\u00e1 m\u00e1s de 60 platillos, entre ellos los famosos Poke Nachos, la Onion Ring Tower, hamburguesas con est\u00e1ndares de alta calidad, ensaladas y opciones para personas vegetarianas y veganas.<br>El local mantiene el sello de la marca: una gran barra central, pantallas para eventos deportivos y una propuesta musical basada en listas de reproducci\u00f3n de rock cl\u00e1sico.<\/p>\n\n\n\n<h2 class=\"wp-block-heading\" id=\"operacin-a-cargo-de-ar-holdings\">Operaci\u00f3n a cargo de AR Holdings<\/h2>\n\n\n\n<p>AR Holdings, grupo que ya opera otras marcas de Darden Restaurants en la regi\u00f3n, ser\u00e1 responsable de la operaci\u00f3n de Yard House Costa Rica.<br>La empresa destac\u00f3 que esta apertura confirma la confianza de sus socios internacionales en el consumidor costarricense y en la estabilidad del pa\u00eds como plataforma para expansi\u00f3n regional.<br>La llegada de Yard House tambi\u00e9n se enmarca en la apuesta de Avenida Escaz\u00fa por seguir consolid\u00e1ndose como destino gastron\u00f3mico y de entretenimiento.<\/p>\n\n\n\n<h2 class=\"wp-block-heading\" id=\"fuentes-oficiales\">Fuentes oficiales<\/h2>\n\n\n\n<ul class=\"wp-block-list\">\n<li>Comunicado de AR Holdings sobre la apertura del primer Yard House internacional en Avenida Escaz\u00fa y los detalles del concepto y men\u00fa.<\/li>\n\n\n\n<li>Informaci\u00f3n de Darden Restaurants y notas de medios como The Tico Times, Amelia Rueda y La Rep\u00fablica sobre la expansi\u00f3n global de Yard House y la elecci\u00f3n de Costa Rica como primer mercado internacional.<\/li>\n<\/ul>\n","protected":false},"excerpt":{"rendered":"<p>La marca eligi\u00f3 Avenida Escaz\u00fa para abrir su primera sede internacional, en un local de aproximadamente 902 metros cuadrados dentro de uno de los principales polos gastron\u00f3micos y de entretenimiento del Gran \u00c1rea Metropolitana.Desde esta ubicaci\u00f3n, operada por AR Holdings, Yard House introduce su concepto de barra central, ambiente inspirado en el rock cl\u00e1sico y [&hellip;]<\/p>\n","protected":false},"author":16,"featured_media":11539,"comment_status":"open","ping_status":"open","sticky":false,"template":"","format":"standard","meta":{"footnotes":""},"categories":[87,93],"tags":[],"class_list":["post-11538","post","type-post","status-publish","format-standard","has-post-thumbnail","hentry","category-noticias","category-costa-rica-en-el-mundo"],"_links":{"self":[{"href":"https:\/\/peopleofcostarica.com\/es\/wp-json\/wp\/v2\/posts\/11538","targetHints":{"allow":["GET"]}}],"collection":[{"href":"https:\/\/peopleofcostarica.com\/es\/wp-json\/wp\/v2\/posts"}],"about":[{"href":"https:\/\/peopleofcostarica.com\/es\/wp-json\/wp\/v2\/types\/post"}],"author":[{"embeddable":true,"href":"https:\/\/peopleofcostarica.com\/es\/wp-json\/wp\/v2\/users\/16"}],"replies":[{"embeddable":true,"href":"https:\/\/peopleofcostarica.com\/es\/wp-json\/wp\/v2\/comments?post=11538"}],"version-history":[{"count":1,"href":"https:\/\/peopleofcostarica.com\/es\/wp-json\/wp\/v2\/posts\/11538\/revisions"}],"predecessor-version":[{"id":11540,"href":"https:\/\/peopleofcostarica.com\/es\/wp-json\/wp\/v2\/posts\/11538\/revisions\/11540"}],"wp:featuredmedia":[{"embeddable":true,"href":"https:\/\/peopleofcostarica.com\/es\/wp-json\/wp\/v2\/media\/11539"}],"wp:attachment":[{"href":"https:\/\/peopleofcostarica.com\/es\/wp-json\/wp\/v2\/media?parent=11538"}],"wp:term":[{"taxonomy":"category","embeddable":true,"href":"https:\/\/peopleofcostarica.com\/es\/wp-json\/wp\/v2\/categories?post=11538"},{"taxonomy":"post_tag","embeddable":true,"href":"https:\/\/peopleofcostarica.com\/es\/wp-json\/wp\/v2\/tags?post=11538"}],"curies":[{"name":"wp","href":"https:\/\/api.w.org\/{rel}","templated":true}]}}