{"id":11510,"date":"2026-03-26T12:27:33","date_gmt":"2026-03-26T18:27:33","guid":{"rendered":"https:\/\/peopleofcostarica.com\/?p=11510"},"modified":"2026-03-26T12:27:34","modified_gmt":"2026-03-26T18:27:34","slug":"el-gobierno-de-costa-rica-puso-en-marcha-la-nueva-politica-publica-costa-rica-impulsa","status":"publish","type":"post","link":"https:\/\/peopleofcostarica.com\/es\/el-gobierno-de-costa-rica-puso-en-marcha-la-nueva-politica-publica-costa-rica-impulsa\/","title":{"rendered":"El Gobierno de Costa Rica puso en marcha la nueva pol\u00edtica p\u00fablica COSTA RICA IMPULSA"},"content":{"rendered":"\n<p>El Gobierno de Costa Rica puso en marcha la nueva pol\u00edtica p\u00fablica COSTA RICA IMPULSA, que busca resolver la pobreza mediante un trabajo articulado entre instituciones para favorecer la movilidad social de las personas en condici\u00f3n de pobreza.<a rel=\"noreferrer noopener\" target=\"_blank\" href=\"https:\/\/www.imas.go.cr\/es\/comunicado\/costa-rica-impulsa-gobierno-pone-en-marcha-nueva-politica-publica-para-resolver-la\"><\/a><\/p>\n\n\n\n<h2 class=\"wp-block-heading\" id=\"qu-es-costa-rica-impulsa\">Qu\u00e9 es COSTA RICA IMPULSA<\/h2>\n\n\n\n<p>COSTA RICA IMPULSA es una pol\u00edtica p\u00fablica declarada de inter\u00e9s p\u00fablico mediante decreto, orientada a la promoci\u00f3n y protecci\u00f3n social de hogares en pobreza extrema y pobreza b\u00e1sica.<a rel=\"noreferrer noopener\" target=\"_blank\" href=\"https:\/\/www.imas.go.cr\/es\/comunicado\/costa-rica-impulsa-gobierno-pone-en-marcha-nueva-politica-publica-para-resolver-la\"><\/a><br>Su objetivo central es que estas personas logren salir de la pobreza mediante m\u00e1s a\u00f1os de estudio, formaci\u00f3n para el trabajo y apoyo a emprendimientos productivos.<a rel=\"noreferrer noopener\" target=\"_blank\" href=\"https:\/\/www.imas.go.cr\/es\/comunicado\/costa-rica-impulsa-gobierno-pone-en-marcha-nueva-politica-publica-para-resolver-la\"><\/a><br>La pol\u00edtica integra a instituciones del Sector Bienestar, Trabajo e Inclusi\u00f3n Social, adem\u00e1s de otras entidades p\u00fablicas alineadas con estos fines.<a rel=\"noreferrer noopener\" target=\"_blank\" href=\"https:\/\/www.imas.go.cr\/es\/comunicado\/costa-rica-impulsa-gobierno-pone-en-marcha-nueva-politica-publica-para-resolver-la\"><\/a><\/p>\n\n\n\n<h2 class=\"wp-block-heading\" id=\"origen-en-el-modelo-imas-impulsa\">Origen en el modelo IMAS Impulsa<\/h2>\n\n\n\n<p>La pol\u00edtica nace a partir del Modelo de Intervenci\u00f3n IMAS Impulsa, implementado por el Instituto Mixto de Ayuda Social desde 2025 para cambiar la forma de abordar a los hogares en pobreza.<a rel=\"noreferrer noopener\" target=\"_blank\" href=\"https:\/\/www.imas.go.cr\/es\/comunicado\/costa-rica-impulsa-gobierno-pone-en-marcha-nueva-politica-publica-para-resolver-la\"><\/a><br>Este modelo exige que las personas beneficiarias se comprometan con metas concretas como estudiar, capacitarse o emprender, a cambio de recibir subsidios estatales.<a rel=\"noreferrer noopener\" target=\"_blank\" href=\"https:\/\/www.imas.go.cr\/es\/comunicado\/costa-rica-impulsa-gobierno-pone-en-marcha-nueva-politica-publica-para-resolver-la\"><\/a><br>COSTA RICA IMPULSA ampl\u00eda este enfoque, llev\u00e1ndolo a un trabajo coordinado entre varias instituciones para reforzar los resultados y evitar duplicidades.<a rel=\"noreferrer noopener\" target=\"_blank\" href=\"https:\/\/www.imas.go.cr\/es\/comunicado\/costa-rica-impulsa-gobierno-pone-en-marcha-nueva-politica-publica-para-resolver-la\"><\/a><\/p>\n\n\n\n<h2 class=\"wp-block-heading\" id=\"tres-mbitos-de-accin\">Tres \u00e1mbitos de acci\u00f3n<\/h2>\n\n\n\n<p>La pol\u00edtica se enfoca en tres ejes principales:<a rel=\"noreferrer noopener\" target=\"_blank\" href=\"https:\/\/www.imas.go.cr\/es\/comunicado\/costa-rica-impulsa-gobierno-pone-en-marcha-nueva-politica-publica-para-resolver-la\"><\/a><\/p>\n\n\n\n<ul class=\"wp-block-list\">\n<li>Aumento de los a\u00f1os de escolaridad de las personas.<\/li>\n\n\n\n<li>Formaci\u00f3n t\u00e9cnica o en oficios que mejoren la empleabilidad.<\/li>\n\n\n\n<li>Fomento de emprendimientos productivos que faciliten el empleo o el autoempleo.<\/li>\n<\/ul>\n\n\n\n<p>Con estos componentes, se busca que los hogares tengan m\u00e1s y mejores oportunidades para generar ingresos sostenibles.<a rel=\"noreferrer noopener\" target=\"_blank\" href=\"https:\/\/www.imas.go.cr\/es\/comunicado\/costa-rica-impulsa-gobierno-pone-en-marcha-nueva-politica-publica-para-resolver-la\"><\/a><\/p>\n\n\n\n<h2 class=\"wp-block-heading\" id=\"coordinacin-interinstitucional-y-herramientas\">Coordinaci\u00f3n interinstitucional y herramientas<\/h2>\n\n\n\n<p>La ministra Yorleny Le\u00f3n Marchena enfatiz\u00f3 que la lucha contra la pobreza no puede darse desde una sola instituci\u00f3n y que se requiere una coordinaci\u00f3n interinstitucional estrecha.<a rel=\"noreferrer noopener\" target=\"_blank\" href=\"https:\/\/www.imas.go.cr\/es\/comunicado\/costa-rica-impulsa-gobierno-pone-en-marcha-nueva-politica-publica-para-resolver-la\"><\/a><br>Las entidades participantes utilizar\u00e1n el Sistema de Referencias Costarricense (SIREC) para enviar y recibir casos, dando seguimiento a las familias en su ruta hacia la movilidad social.<a rel=\"noreferrer noopener\" target=\"_blank\" href=\"https:\/\/www.imas.go.cr\/es\/comunicado\/costa-rica-impulsa-gobierno-pone-en-marcha-nueva-politica-publica-para-resolver-la\"><\/a><br>El enfoque apunta a que las instituciones compartan informaci\u00f3n, articulen servicios y acompa\u00f1en a las personas de manera continua.<a rel=\"noreferrer noopener\" target=\"_blank\" href=\"https:\/\/www.imas.go.cr\/es\/comunicado\/costa-rica-impulsa-gobierno-pone-en-marcha-nueva-politica-publica-para-resolver-la\"><\/a><\/p>\n\n\n\n<h2 class=\"wp-block-heading\">Fuentes oficiales<\/h2>\n\n\n\n<ul class=\"wp-block-list\">\n<li>Instituto Mixto de Ayuda Social (IMAS): comunicado oficial \u201cCOSTA RICA IMPULSA: Gobierno pone en marcha nueva pol\u00edtica p\u00fablica para resolver la pobreza\u201d.<a href=\"https:\/\/www.imas.go.cr\/es\/comunicado\/costa-rica-impulsa-gobierno-pone-en-marcha-nueva-politica-publica-para-resolver-la\" target=\"_blank\" rel=\"noreferrer noopener\"><\/a><\/li>\n\n\n\n<li>Sector Bienestar, Trabajo e Inclusi\u00f3n Social: lineamientos y documentos asociados al Modelo de Intervenci\u00f3n IMAS Impulsa y al uso del SIREC.<\/li>\n<\/ul>\n\n\n\n<p><\/p>\n","protected":false},"excerpt":{"rendered":"<p>El Gobierno de Costa Rica puso en marcha la nueva pol\u00edtica p\u00fablica COSTA RICA IMPULSA, que busca resolver la pobreza mediante un trabajo articulado entre instituciones para favorecer la movilidad social de las personas en condici\u00f3n de pobreza. Qu\u00e9 es COSTA RICA IMPULSA COSTA RICA IMPULSA es una pol\u00edtica p\u00fablica declarada de inter\u00e9s p\u00fablico mediante [&hellip;]<\/p>\n","protected":false},"author":16,"featured_media":11511,"comment_status":"open","ping_status":"open","sticky":false,"template":"","format":"standard","meta":{"footnotes":""},"categories":[87],"tags":[],"class_list":["post-11510","post","type-post","status-publish","format-standard","has-post-thumbnail","hentry","category-noticias"],"_links":{"self":[{"href":"https:\/\/peopleofcostarica.com\/es\/wp-json\/wp\/v2\/posts\/11510","targetHints":{"allow":["GET"]}}],"collection":[{"href":"https:\/\/peopleofcostarica.com\/es\/wp-json\/wp\/v2\/posts"}],"about":[{"href":"https:\/\/peopleofcostarica.com\/es\/wp-json\/wp\/v2\/types\/post"}],"author":[{"embeddable":true,"href":"https:\/\/peopleofcostarica.com\/es\/wp-json\/wp\/v2\/users\/16"}],"replies":[{"embeddable":true,"href":"https:\/\/peopleofcostarica.com\/es\/wp-json\/wp\/v2\/comments?post=11510"}],"version-history":[{"count":1,"href":"https:\/\/peopleofcostarica.com\/es\/wp-json\/wp\/v2\/posts\/11510\/revisions"}],"predecessor-version":[{"id":11512,"href":"https:\/\/peopleofcostarica.com\/es\/wp-json\/wp\/v2\/posts\/11510\/revisions\/11512"}],"wp:featuredmedia":[{"embeddable":true,"href":"https:\/\/peopleofcostarica.com\/es\/wp-json\/wp\/v2\/media\/11511"}],"wp:attachment":[{"href":"https:\/\/peopleofcostarica.com\/es\/wp-json\/wp\/v2\/media?parent=11510"}],"wp:term":[{"taxonomy":"category","embeddable":true,"href":"https:\/\/peopleofcostarica.com\/es\/wp-json\/wp\/v2\/categories?post=11510"},{"taxonomy":"post_tag","embeddable":true,"href":"https:\/\/peopleofcostarica.com\/es\/wp-json\/wp\/v2\/tags?post=11510"}],"curies":[{"name":"wp","href":"https:\/\/api.w.org\/{rel}","templated":true}]}}