{"id":11482,"date":"2026-03-26T12:09:58","date_gmt":"2026-03-26T18:09:58","guid":{"rendered":"https:\/\/peopleofcostarica.com\/?p=11482"},"modified":"2026-03-26T12:10:08","modified_gmt":"2026-03-26T18:10:08","slug":"el-domingo-5-de-abril-de-2026-se-aplicara-un-operativo-de-reversibilidad-en-la-ruta-27","status":"publish","type":"post","link":"https:\/\/peopleofcostarica.com\/es\/el-domingo-5-de-abril-de-2026-se-aplicara-un-operativo-de-reversibilidad-en-la-ruta-27\/","title":{"rendered":"El domingo 5 de abril de 2026 se aplicar\u00e1 un operativo de reversibilidad en la Ruta 27"},"content":{"rendered":"\n<h2 class=\"wp-block-heading\" id=\"horario-y-tramo-de-la-reversibilidad\">Horario y tramo de la reversibilidad<\/h2>\n\n\n\n<p>La reversibilidad se aplicar\u00e1 entre las 2:00 p.m. y las 6:00 p.m. de ese domingo, utilizando todos los carriles disponibles \u00fanicamente en sentido hacia San Jos\u00e9.<br>El tramo intervenido ser\u00e1 el comprendido entre Poz\u00f3n, en Orotina, y el peaje del cruce a Ciudad Col\u00f3n, con una longitud aproximada de 47 kil\u00f3metros.<br>Para hacer posible el operativo, se suspender\u00e1 la circulaci\u00f3n hacia el Pac\u00edfico (rumbo a Caldera) desde la 1:00 p.m. hasta las 7:00 p.m., evitando encuentros frontales y reduciendo el riesgo de accidentes.<\/p>\n\n\n\n<h2 class=\"wp-block-heading\" id=\"objetivo-de-la-medida\">Objetivo de la medida<\/h2>\n\n\n\n<p>El Ministerio de Obras P\u00fablicas y Transportes (MOPT) y el Consejo Nacional de Concesiones indicaron que la reversibilidad se implementa para agilizar el retorno masivo de personas que viajan desde Puntarenas y Guanacaste al Valle Central.<br>La fecha coincide con el Domingo de Resurrecci\u00f3n, v\u00edspera del regreso a clases y al trabajo para gran parte de la poblaci\u00f3n, cuando se registra uno de los mayores flujos vehiculares del a\u00f1o en esta carretera.<br>La medida forma parte de los operativos especiales de tr\u00e1nsito que se aplican en feriados largos y temporadas de vacaciones en la Ruta 27.<\/p>\n\n\n\n<h2 class=\"wp-block-heading\" id=\"recomendaciones-para-conductores\">Recomendaciones para conductores<\/h2>\n\n\n\n<p>Las autoridades recomiendan a quienes necesiten viajar hacia Caldera o el Pac\u00edfico planificar sus desplazamientos fuera del horario de reversibilidad o utilizar rutas alternas como la Ruta 3 (Atenas\u2013Aguacate\u2013Orotina), la Ruta 1 por Cambronero o la Ruta 239 por Ciudad Col\u00f3n\u2013Puriscal\u2013Turrubares.<br>En el tramo con reversibilidad, la velocidad m\u00e1xima ser\u00e1 de 60 km\/h y se contar\u00e1 con presencia de la Polic\u00eda de Tr\u00e1nsito para regular el flujo y velar por el respeto de la se\u00f1alizaci\u00f3n temporal.<br>Se recomienda mantener distancia de seguridad, evitar cambios bruscos de carril y estar atento a las indicaciones de r\u00f3tulos y oficiales.<\/p>\n\n\n\n<h2 class=\"wp-block-heading\">Fuentes oficiales<\/h2>\n\n\n\n<ul class=\"wp-block-list\">\n<li>Ministerio de Obras P\u00fablicas y Transportes (MOPT) y Consejo Nacional de Concesiones: comunicado \u201cRuta 27 tendr\u00e1 reversibilidad el domingo de Resurrecci\u00f3n\u201d.<\/li>\n\n\n\n<li>Informaci\u00f3n de la concesionaria Globalv\u00eda \u2013 Ruta 27 sobre operativos de reversibilidad y recomendaciones para usuarios.<\/li>\n<\/ul>\n","protected":false},"excerpt":{"rendered":"<p>Horario y tramo de la reversibilidad La reversibilidad se aplicar\u00e1 entre las 2:00 p.m. y las 6:00 p.m. de ese domingo, utilizando todos los carriles disponibles \u00fanicamente en sentido hacia San Jos\u00e9.El tramo intervenido ser\u00e1 el comprendido entre Poz\u00f3n, en Orotina, y el peaje del cruce a Ciudad Col\u00f3n, con una longitud aproximada de 47 [&hellip;]<\/p>\n","protected":false},"author":16,"featured_media":11483,"comment_status":"open","ping_status":"open","sticky":false,"template":"","format":"standard","meta":{"footnotes":""},"categories":[87,99],"tags":[],"class_list":["post-11482","post","type-post","status-publish","format-standard","has-post-thumbnail","hentry","category-noticias","category-noticias-nacionales"],"_links":{"self":[{"href":"https:\/\/peopleofcostarica.com\/es\/wp-json\/wp\/v2\/posts\/11482","targetHints":{"allow":["GET"]}}],"collection":[{"href":"https:\/\/peopleofcostarica.com\/es\/wp-json\/wp\/v2\/posts"}],"about":[{"href":"https:\/\/peopleofcostarica.com\/es\/wp-json\/wp\/v2\/types\/post"}],"author":[{"embeddable":true,"href":"https:\/\/peopleofcostarica.com\/es\/wp-json\/wp\/v2\/users\/16"}],"replies":[{"embeddable":true,"href":"https:\/\/peopleofcostarica.com\/es\/wp-json\/wp\/v2\/comments?post=11482"}],"version-history":[{"count":2,"href":"https:\/\/peopleofcostarica.com\/es\/wp-json\/wp\/v2\/posts\/11482\/revisions"}],"predecessor-version":[{"id":11485,"href":"https:\/\/peopleofcostarica.com\/es\/wp-json\/wp\/v2\/posts\/11482\/revisions\/11485"}],"wp:featuredmedia":[{"embeddable":true,"href":"https:\/\/peopleofcostarica.com\/es\/wp-json\/wp\/v2\/media\/11483"}],"wp:attachment":[{"href":"https:\/\/peopleofcostarica.com\/es\/wp-json\/wp\/v2\/media?parent=11482"}],"wp:term":[{"taxonomy":"category","embeddable":true,"href":"https:\/\/peopleofcostarica.com\/es\/wp-json\/wp\/v2\/categories?post=11482"},{"taxonomy":"post_tag","embeddable":true,"href":"https:\/\/peopleofcostarica.com\/es\/wp-json\/wp\/v2\/tags?post=11482"}],"curies":[{"name":"wp","href":"https:\/\/api.w.org\/{rel}","templated":true}]}}