{"id":11473,"date":"2026-03-26T11:37:26","date_gmt":"2026-03-26T17:37:26","guid":{"rendered":"https:\/\/peopleofcostarica.com\/?p=11473"},"modified":"2026-03-26T11:37:28","modified_gmt":"2026-03-26T17:37:28","slug":"peajes-suspendidos-en-ruta-32-y-florencio-del-castillo-durante-semana-santa","status":"publish","type":"post","link":"https:\/\/peopleofcostarica.com\/es\/peajes-suspendidos-en-ruta-32-y-florencio-del-castillo-durante-semana-santa\/","title":{"rendered":"Peajes suspendidos en Ruta 32 y Florencio del Castillo durante Semana Santa"},"content":{"rendered":"\n<p>El cobro de los peajes en la ruta 32 (Braulio Carrillo) y en la carretera Florencio del Castillo se suspender\u00e1 entre el mediod\u00eda del Jueves Santo y las 6:00 a.m. del S\u00e1bado Santo de Semana Santa 2026, para agilizar el tr\u00e1nsito de vacacionistas.<\/p>\n\n\n\n<h2 class=\"wp-block-heading\" id=\"das-y-horarios-sin-cobro\">D\u00edas y horarios sin cobro<\/h2>\n\n\n\n<p>El Consejo Nacional de Vialidad (CONAVI) inform\u00f3 que la medida regir\u00e1 desde las 12:00 m.d. del jueves 2 de abril hasta las 6:00 a.m. del s\u00e1bado 4 de abril.<br>Durante ese periodo no se cobrar\u00e1 en el peaje del Zurqu\u00ed, en la ruta 32 hacia Lim\u00f3n, ni en el peaje de la ruta 2 en la Florencio del Castillo, que conecta el Valle Central con Cartago.<br>El resto del a\u00f1o, el cobro se mantiene con normalidad, salvo otras disposiciones especiales que se comuniquen oficialmente.<\/p>\n\n\n\n<h2 class=\"wp-block-heading\" id=\"objetivo-de-la-suspensin\">Objetivo de la suspensi\u00f3n<\/h2>\n\n\n\n<p>La medida busca facilitar el flujo vehicular en uno de los fines de semana de mayor desplazamiento interno, reduciendo filas y tiempos de espera en los puestos de peaje.<br>Al eliminar la necesidad de detenerse para pagar, se pretende hacer m\u00e1s expedito el ingreso y salida del Valle Central hacia el Caribe y Cartago.<br>Las autoridades subrayan que se trata de una acci\u00f3n puntual para Semana Santa, orientada a mejorar la experiencia de viaje de miles de conductores.<\/p>\n\n\n\n<h2 class=\"wp-block-heading\" id=\"llamado-a-la-prudencia-al-conducir\">Llamado a la prudencia al conducir<\/h2>\n\n\n\n<p>Aunque no habr\u00e1 cobro, el MOPT y el CONAVI piden a las personas conductoras reducir la velocidad al pasar por las estaciones de peaje, debido a la presencia de estructuras y personal.<br>Se recuerda que el exceso de velocidad en estas zonas aumenta el riesgo de choques contra las casetas y otros elementos de la infraestructura.<br>Las autoridades insisten en planificar los viajes, evitar conducir bajo los efectos del alcohol y respetar la se\u00f1alizaci\u00f3n en todo momento.<\/p>\n\n\n\n<h2 class=\"wp-block-heading\">Fuentes oficiales<\/h2>\n\n\n\n<ul class=\"wp-block-list\">\n<li>Consejo Nacional de Vialidad (CONAVI) y MOPT: comunicado \u201cLos peajes a cargo de CONAVI no se cobrar\u00e1n entre 12 md de Jueves Santo y 6 am de S\u00e1bado Santo\u201d.<a href=\"https:\/\/www.mopt.go.cr\/noticias\/2026\/los-peajes-cargo-de-conavi-no-se-cobraran-entre-12-md-de-jueves-santo-y-6-am-de\" target=\"_blank\" rel=\"noreferrer noopener\"><\/a><\/li>\n\n\n\n<li>Notas informativas de medios nacionales que reproducen el anuncio oficial y detallan rutas y horarios de suspensi\u00f3n de cobro.<\/li>\n<\/ul>\n\n\n\n<p><\/p>\n","protected":false},"excerpt":{"rendered":"<p>El cobro de los peajes en la ruta 32 (Braulio Carrillo) y en la carretera Florencio del Castillo se suspender\u00e1 entre el mediod\u00eda del Jueves Santo y las 6:00 a.m. del S\u00e1bado Santo de Semana Santa 2026, para agilizar el tr\u00e1nsito de vacacionistas. D\u00edas y horarios sin cobro El Consejo Nacional de Vialidad (CONAVI) inform\u00f3 [&hellip;]<\/p>\n","protected":false},"author":16,"featured_media":11474,"comment_status":"open","ping_status":"open","sticky":false,"template":"","format":"standard","meta":{"footnotes":""},"categories":[87,99],"tags":[],"class_list":["post-11473","post","type-post","status-publish","format-standard","has-post-thumbnail","hentry","category-noticias","category-noticias-nacionales"],"_links":{"self":[{"href":"https:\/\/peopleofcostarica.com\/es\/wp-json\/wp\/v2\/posts\/11473","targetHints":{"allow":["GET"]}}],"collection":[{"href":"https:\/\/peopleofcostarica.com\/es\/wp-json\/wp\/v2\/posts"}],"about":[{"href":"https:\/\/peopleofcostarica.com\/es\/wp-json\/wp\/v2\/types\/post"}],"author":[{"embeddable":true,"href":"https:\/\/peopleofcostarica.com\/es\/wp-json\/wp\/v2\/users\/16"}],"replies":[{"embeddable":true,"href":"https:\/\/peopleofcostarica.com\/es\/wp-json\/wp\/v2\/comments?post=11473"}],"version-history":[{"count":1,"href":"https:\/\/peopleofcostarica.com\/es\/wp-json\/wp\/v2\/posts\/11473\/revisions"}],"predecessor-version":[{"id":11475,"href":"https:\/\/peopleofcostarica.com\/es\/wp-json\/wp\/v2\/posts\/11473\/revisions\/11475"}],"wp:featuredmedia":[{"embeddable":true,"href":"https:\/\/peopleofcostarica.com\/es\/wp-json\/wp\/v2\/media\/11474"}],"wp:attachment":[{"href":"https:\/\/peopleofcostarica.com\/es\/wp-json\/wp\/v2\/media?parent=11473"}],"wp:term":[{"taxonomy":"category","embeddable":true,"href":"https:\/\/peopleofcostarica.com\/es\/wp-json\/wp\/v2\/categories?post=11473"},{"taxonomy":"post_tag","embeddable":true,"href":"https:\/\/peopleofcostarica.com\/es\/wp-json\/wp\/v2\/tags?post=11473"}],"curies":[{"name":"wp","href":"https:\/\/api.w.org\/{rel}","templated":true}]}}