{"id":11398,"date":"2026-03-26T08:48:46","date_gmt":"2026-03-26T14:48:46","guid":{"rendered":"https:\/\/peopleofcostarica.com\/?p=11398"},"modified":"2026-03-26T08:48:48","modified_gmt":"2026-03-26T14:48:48","slug":"lo-que-no-te-podes-perder-de-lo-que-queda-del-fia-2026","status":"publish","type":"post","link":"https:\/\/peopleofcostarica.com\/es\/lo-que-no-te-podes-perder-de-lo-que-queda-del-fia-2026\/","title":{"rendered":"Lo que no te pod\u00e9s perder de lo que queda del FIA 2026"},"content":{"rendered":"\n<p>El Festival Internacional de las Artes entra en su recta final con cuatro d\u00edas cargados de conciertos, espect\u00e1culos de gran formato y actividades gratuitas que prometen llenar de m\u00fasica y color el coraz\u00f3n de San Jos\u00e9. Entre hoy 26 de marzo y el domingo 29, La Sabana, las tarimas principales y varios teatros de la capital ser\u00e1n escenario de algunos de los momentos m\u00e1s esperados del FIA 2026.<\/p>\n\n\n\n<div class=\"wp-block-cover\"><img fetchpriority=\"high\" decoding=\"async\" width=\"1024\" height=\"671\" class=\"wp-block-cover__image-background wp-image-11080 size-large\" alt=\"\" src=\"https:\/\/peopleofcostarica.com\/wp-content\/uploads\/2026\/03\/05_marzo_TeatroPetra_TN-1024x671.jpeg\" data-object-fit=\"cover\" srcset=\"https:\/\/peopleofcostarica.com\/wp-content\/uploads\/2026\/03\/05_marzo_TeatroPetra_TN-1024x671.jpeg 1024w, https:\/\/peopleofcostarica.com\/wp-content\/uploads\/2026\/03\/05_marzo_TeatroPetra_TN-300x197.jpeg 300w, https:\/\/peopleofcostarica.com\/wp-content\/uploads\/2026\/03\/05_marzo_TeatroPetra_TN-768x503.jpeg 768w, https:\/\/peopleofcostarica.com\/wp-content\/uploads\/2026\/03\/05_marzo_TeatroPetra_TN-1536x1007.jpeg 1536w, https:\/\/peopleofcostarica.com\/wp-content\/uploads\/2026\/03\/05_marzo_TeatroPetra_TN-2048x1342.jpeg 2048w, https:\/\/peopleofcostarica.com\/wp-content\/uploads\/2026\/03\/05_marzo_TeatroPetra_TN-1320x865.jpeg 1320w\" sizes=\"(max-width: 1024px) 100vw, 1024px\" \/><span aria-hidden=\"true\" class=\"wp-block-cover__background has-background-dim\" style=\"background-color:#444452\"><\/span><div class=\"wp-block-cover__inner-container is-layout-constrained wp-block-cover-is-layout-constrained\">\n<div class=\"wp-block-buttons is-content-justification-center is-layout-flex wp-container-core-buttons-is-layout-a89b3969 wp-block-buttons-is-layout-flex\">\n<div class=\"wp-block-button\"><a class=\"wp-block-button__link has-black-color has-pale-pink-background-color has-text-color has-background has-link-color has-large-font-size has-text-align-center has-custom-font-size wp-element-button\">FIA Agenda Interactiva Completa<\/a><\/div>\n<\/div>\n<\/div><\/div>\n\n\n\n<h2 class=\"wp-block-heading\" id=\"jueves-26-de-marzo-arranque-de-grandes-noches\">Jueves 26 de marzo: arranque de grandes noches<\/h2>\n\n\n\n<p>Desde la tarde de este jueves, el ambiente empieza a cargarse de energ\u00eda con propuestas musicales y esc\u00e9nicas para distintos p\u00fablicos. La jornada combina moda, cine, teatro y conciertos que se extienden hasta la noche en los principales espacios del festival.<a rel=\"noreferrer noopener\" target=\"_blank\" href=\"https:\/\/peopleofcostarica.com\/es\/festival-internacional-de-las-artes-2026-agenda-interactiva\/\"><\/a><\/p>\n\n\n\n<ul class=\"wp-block-list\">\n<li>En la Antigua Aduana, la Semana de la Moda Costa Rica toma protagonismo con pasarelas continuas entre las 2:00 p. m. y las 8:30 p. m., ofreciendo un espect\u00e1culo visual que mezcla dise\u00f1o, arte y cultura urbana.<a href=\"https:\/\/peopleofcostarica.com\/es\/festival-internacional-de-las-artes-2026-agenda-interactiva\/\" target=\"_blank\" rel=\"noreferrer noopener\"><\/a><\/li>\n\n\n\n<li>La m\u00fasica en vivo se adue\u00f1a de la Tarima Conexiones a partir de las 5:30 p. m. con el concierto de Isla Tambor, propuesta costarricense ideal para arrancar la noche con ritmos locales.<a href=\"https:\/\/peopleofcostarica.com\/es\/festival-internacional-de-las-artes-2026-agenda-interactiva\/\" target=\"_blank\" rel=\"noreferrer noopener\"><\/a><\/li>\n\n\n\n<li>Paralelamente, la Banda Comunal de Orotina lleva su energ\u00eda a los alrededores de La Sabana a las 6:00 p. m., convirtiendo el espacio p\u00fablico en una gran fiesta al aire libre.<a href=\"https:\/\/peopleofcostarica.com\/es\/festival-internacional-de-las-artes-2026-agenda-interactiva\/\" target=\"_blank\" rel=\"noreferrer noopener\"><\/a><\/li>\n\n\n\n<li>Ya en horario estelar, la Tarima Conexiones recibe a las 7:00 p. m. a Los Pream, agrupaci\u00f3n mexicana que refuerza la presencia del pa\u00eds invitado y aporta un toque internacional al programa musical.<a href=\"https:\/\/peopleofcostarica.com\/es\/festival-internacional-de-las-artes-2026-agenda-interactiva\/\" target=\"_blank\" rel=\"noreferrer noopener\"><\/a><\/li>\n\n\n\n<li>El plato fuerte de la noche llega a las 8:00 p. m. en la Tarima Principal con Supermambo, proyecto de Felipe Fournier y Jeremy Bosch (Costa Rica\u2013Estados Unidos) que promete una descarga de salsa, jazz y fusiones tropicales perfecta para un concierto masivo al aire libre.<a href=\"https:\/\/peopleofcostarica.com\/es\/festival-internacional-de-las-artes-2026-agenda-interactiva\/\" target=\"_blank\" rel=\"noreferrer noopener\"><\/a><\/li>\n<\/ul>\n\n\n\n<h2 class=\"wp-block-heading\" id=\"viernes-27-de-marzo-fonseca-y-la-fuerza-de-la-msic\">Viernes 27 de marzo: Fonseca y la fuerza de la m\u00fasica en vivo<\/h2>\n\n\n\n<p>El viernes 27 marca uno de los d\u00edas m\u00e1s intensos del FIA 2026, con varias actividades que preparan el terreno para una noche de grandes conciertos. La ciudad se convierte en un gran circuito cultural que abraza desde la lectura hasta la m\u00fasica sinf\u00f3nica y el pop latino.<a rel=\"noreferrer noopener\" target=\"_blank\" href=\"https:\/\/peopleofcostarica.com\/es\/festival-internacional-de-las-artes-2026-agenda-interactiva\/\"><\/a><\/p>\n\n\n\n<ul class=\"wp-block-list\">\n<li>Desde el mediod\u00eda, el Centro de San Jos\u00e9 se llena de movimiento con teatro, literatura y moda, mientras la Antigua Aduana mantiene encendida la Semana de la Moda Costa Rica con pasarelas de 2:00 p. m. a 8:30 p. m.<a href=\"https:\/\/peopleofcostarica.com\/es\/festival-internacional-de-las-artes-2026-agenda-interactiva\/\" target=\"_blank\" rel=\"noreferrer noopener\"><\/a><\/li>\n\n\n\n<li>La franja vespertina arranca musicalmente en Tarima Conexiones con Palusanto a las 5:30 p. m., preparando el ambiente para los shows nocturnos.<a href=\"https:\/\/peopleofcostarica.com\/es\/festival-internacional-de-las-artes-2026-agenda-interactiva\/\" target=\"_blank\" rel=\"noreferrer noopener\"><\/a><\/li>\n\n\n\n<li>A las 7:00 p. m., los amantes del jazz tienen una cita con Adri\u00e1n Oropeza (M\u00e9xico) en Tarima Conexiones, en un concierto que combina virtuosismo y cercan\u00eda con el p\u00fablico.<a href=\"https:\/\/peopleofcostarica.com\/es\/festival-internacional-de-las-artes-2026-agenda-interactiva\/\" target=\"_blank\" rel=\"noreferrer noopener\"><\/a><\/li>\n\n\n\n<li>La oferta de sala tambi\u00e9n ofrece un momento de lujo: la Orquesta Sinf\u00f3nica Nacional presenta su Temporada 2026 a las 8:00 p. m. en el Teatro Nacional (evento con costo), ideal para quienes prefieren disfrutar del FIA desde la butaca.<a href=\"https:\/\/peopleofcostarica.com\/es\/festival-internacional-de-las-artes-2026-agenda-interactiva\/\" target=\"_blank\" rel=\"noreferrer noopener\"><\/a><\/li>\n\n\n\n<li>El cierre masivo de la noche llega a las 8:30 p. m. con el esperado concierto de Fonseca (Colombia) en la Tarima Principal, uno de los shows m\u00e1s grandes del festival, pensado para reunir a miles de personas cantando al aire libre.<a href=\"https:\/\/peopleofcostarica.com\/es\/festival-internacional-de-las-artes-2026-agenda-interactiva\/\" target=\"_blank\" rel=\"noreferrer noopener\"><\/a><\/li>\n<\/ul>\n\n\n\n<figure class=\"wp-block-image size-large\"><img decoding=\"async\" width=\"1024\" height=\"576\" src=\"https:\/\/peopleofcostarica.com\/wp-content\/uploads\/2026\/03\/09_marzo_TeatroPetra_TN-1024x576.jpeg\" alt=\"\" class=\"wp-image-11082\" srcset=\"https:\/\/peopleofcostarica.com\/wp-content\/uploads\/2026\/03\/09_marzo_TeatroPetra_TN-1024x576.jpeg 1024w, https:\/\/peopleofcostarica.com\/wp-content\/uploads\/2026\/03\/09_marzo_TeatroPetra_TN-300x169.jpeg 300w, https:\/\/peopleofcostarica.com\/wp-content\/uploads\/2026\/03\/09_marzo_TeatroPetra_TN-768x432.jpeg 768w, https:\/\/peopleofcostarica.com\/wp-content\/uploads\/2026\/03\/09_marzo_TeatroPetra_TN-1536x864.jpeg 1536w, https:\/\/peopleofcostarica.com\/wp-content\/uploads\/2026\/03\/09_marzo_TeatroPetra_TN-2048x1152.jpeg 2048w, https:\/\/peopleofcostarica.com\/wp-content\/uploads\/2026\/03\/09_marzo_TeatroPetra_TN-1320x743.jpeg 1320w\" sizes=\"(max-width: 1024px) 100vw, 1024px\" \/><\/figure>\n\n\n\n<h2 class=\"wp-block-heading\" id=\"sbado-28-de-marzo-percance-celebra-20-aos\">S\u00e1bado 28 de marzo: Percance celebra 20 a\u00f1os<\/h2>\n\n\n\n<p>El s\u00e1bado 28 es una jornada pensada para vivir el FIA desde temprano en familia y rematar con una noche de grandes conciertos y espect\u00e1culos esc\u00e9nicos. Las artes se toman tanto los espacios abiertos de La Sabana como los teatros hist\u00f3ricos del centro.<a rel=\"noreferrer noopener\" target=\"_blank\" href=\"https:\/\/peopleofcostarica.com\/es\/festival-internacional-de-las-artes-2026-agenda-interactiva\/\"><\/a><\/p>\n\n\n\n<ul class=\"wp-block-list\">\n<li>La ma\u00f1ana inicia con propuestas familiares, entre ellas la presencia del Bibliob\u00fas SINABI en el Bosque Infantil de 11:00 a. m. a 4:00 p. m. y el concierto de la Camerata y Coro de Bronces de Grecia \u2013 SINEM en la Zona Multiuso a las 11:00 a. m.<a href=\"https:\/\/peopleofcostarica.com\/es\/festival-internacional-de-las-artes-2026-agenda-interactiva\/\" target=\"_blank\" rel=\"noreferrer noopener\"><\/a><\/li>\n\n\n\n<li>La Tarima Principal recibe a las 2:00 p. m. el espect\u00e1culo de danza folcl\u00f3rica M\u00e9xico Bello, del Ballet de Espect\u00e1culos Libertadores, ofreciendo una colorida muestra de bailes y tradiciones del pa\u00eds invitado.<a href=\"https:\/\/peopleofcostarica.com\/es\/festival-internacional-de-las-artes-2026-agenda-interactiva\/\" target=\"_blank\" rel=\"noreferrer noopener\"><\/a><\/li>\n\n\n\n<li>Conforme cae la tarde, la m\u00fasica se intensifica: a las 5:00 p. m., la Orquesta Sinf\u00f3nica Mata de Pl\u00e1tano y la Camerata Parque La Libertad \u2013 SINEM se presentan en Tarima Conexiones, llevando el trabajo de las orquestas juveniles al coraz\u00f3n del festival.<a href=\"https:\/\/peopleofcostarica.com\/es\/festival-internacional-de-las-artes-2026-agenda-interactiva\/\" target=\"_blank\" rel=\"noreferrer noopener\"><\/a><\/li>\n\n\n\n<li>Desde las 5:30 p. m. y hasta las 10:00 p. m., el espect\u00e1culo TRUCK de Bridgman Packer Dance (Estados Unidos) se despliega en los alrededores de La Sabana, con danza y proyecciones que transforman el espacio p\u00fablico en un escenario de gran formato.<a href=\"https:\/\/peopleofcostarica.com\/es\/festival-internacional-de-las-artes-2026-agenda-interactiva\/\" target=\"_blank\" rel=\"noreferrer noopener\"><\/a><\/li>\n\n\n\n<li>La noche se fragmenta en varias experiencias: en salas, el Teatro Popular Melico Salazar presenta Con_Pulsi\u00f3n del Taller Nacional de Danza y el Teatro Nacional alberga la Fiesta Cabaretera de Astrid Hadad (M\u00e9xico), ambos eventos con costo que ofrecen propuestas de alta intensidad esc\u00e9nica.<a href=\"https:\/\/peopleofcostarica.com\/es\/festival-internacional-de-las-artes-2026-agenda-interactiva\/\" target=\"_blank\" rel=\"noreferrer noopener\"><\/a><\/li>\n\n\n\n<li>En Tarima Conexiones, el set de DJ In Betwin arranca a las 7:30 p. m., calentando al p\u00fablico con una mezcla de ritmos urbanos y electr\u00f3nicos.<a href=\"https:\/\/peopleofcostarica.com\/es\/festival-internacional-de-las-artes-2026-agenda-interactiva\/\" target=\"_blank\" rel=\"noreferrer noopener\"><\/a><\/li>\n\n\n\n<li>El gran cierre masivo del s\u00e1bado es el concierto Percance \u2013 20 Aniversario a las 8:30 p. m. en la Tarima Principal, una celebraci\u00f3n de dos d\u00e9cadas de trayectoria de la banda costarricense, que promete coros multitudinarios, invitados especiales y una descarga de ska y rock latino ideal para cerrar la noche por todo lo alto.<a href=\"https:\/\/peopleofcostarica.com\/es\/festival-internacional-de-las-artes-2026-agenda-interactiva\/\" target=\"_blank\" rel=\"noreferrer noopener\"><\/a><\/li>\n<\/ul>\n\n\n\n<h2 class=\"wp-block-heading\" id=\"domingo-29-de-marzo-clausura-con-monsieur-perin-iv\">Domingo 29 de marzo: clausura con Monsieur Perin\u00e9, Ivy Queen y espect\u00e1culo de calle<\/h2>\n\n\n\n<p>El domingo 29 el FIA 37 se despide con una programaci\u00f3n pensada para aprovechar el festival desde la ma\u00f1ana hasta la noche, combinando actividades familiares, conciertos de primer nivel y un gran espect\u00e1culo de cierre. La Sabana se consolida como epicentro de la clausura, con una secuencia de eventos dise\u00f1ados para que nadie se quede en casa.<a rel=\"noreferrer noopener\" target=\"_blank\" href=\"https:\/\/peopleofcostarica.com\/es\/festival-internacional-de-las-artes-2026-agenda-interactiva\/\"><\/a><\/p>\n\n\n\n<ul class=\"wp-block-list\">\n<li>La jornada inicia con danza en el Bosque Infantil, donde la Compa\u00f1\u00eda Nacional de Danza realiza una intervenci\u00f3n a las 10:00 a. m., seguida por una nueva presencia del Bibliob\u00fas SINABI hasta las 4:00 p. m.<a href=\"https:\/\/peopleofcostarica.com\/es\/festival-internacional-de-las-artes-2026-agenda-interactiva\/\" target=\"_blank\" rel=\"noreferrer noopener\"><\/a><\/li>\n\n\n\n<li>En paralelo, el Teatro Nacional presenta a las 10:30 a. m. un concierto de la Orquesta Sinf\u00f3nica Nacional \u2013 Temporada 2026, ideal para quienes desean despedirse del FIA en un entorno de sala cl\u00e1sica (evento con costo).<a href=\"https:\/\/peopleofcostarica.com\/es\/festival-internacional-de-las-artes-2026-agenda-interactiva\/\" target=\"_blank\" rel=\"noreferrer noopener\"><\/a><\/li>\n\n\n\n<li>En los alrededores de La Sabana, el espect\u00e1culo de calle Paso Cimarr\u00f3n regresa a las 2:00 p. m., llenando de comparsa, ritmo y tradici\u00f3n los espacios abiertos.<a href=\"https:\/\/peopleofcostarica.com\/es\/festival-internacional-de-las-artes-2026-agenda-interactiva\/\" target=\"_blank\" rel=\"noreferrer noopener\"><\/a><\/li>\n\n\n\n<li>Durante la tarde, la Antigua Aduana vive el \u00faltimo d\u00eda de la Semana de la Moda Costa Rica, con pasarelas de 2:00 p. m. a 8:30 p. m., mientras La Sabana se prepara para el bloque final de conciertos.<a href=\"https:\/\/peopleofcostarica.com\/es\/festival-internacional-de-las-artes-2026-agenda-interactiva\/\" target=\"_blank\" rel=\"noreferrer noopener\"><\/a><\/li>\n\n\n\n<li>A las 4:30 p. m., la Tarima Principal recibe a Monsieur Perin\u00e9 (Colombia), con su caracter\u00edstico sonido que mezcla swing, pop alternativo y ra\u00edces latinoamericanas, perfecto para comenzar la recta final con un ambiente festivo y familiar.<a href=\"https:\/\/peopleofcostarica.com\/es\/festival-internacional-de-las-artes-2026-agenda-interactiva\/\" target=\"_blank\" rel=\"noreferrer noopener\"><\/a><\/li>\n\n\n\n<li>La Tarima Conexiones mantiene el pulso musical con Swing Criollo de Corporaci\u00f3n Art\u00edstica Chocolate a las 5:30 p. m. y el concierto de Marta G\u00f3mez (Colombia) a las 6:30 p. m., sumando voces y ritmos de la regi\u00f3n a la despedida del festival.<a href=\"https:\/\/peopleofcostarica.com\/es\/festival-internacional-de-las-artes-2026-agenda-interactiva\/\" target=\"_blank\" rel=\"noreferrer noopener\"><\/a><\/li>\n\n\n\n<li>A las 7:30 p. m., la Tarima Principal alberga el Acto de Clausura FIA 37, un momento protocolario y art\u00edstico que marca oficialmente el cierre de esta edici\u00f3n.<a href=\"https:\/\/peopleofcostarica.com\/es\/festival-internacional-de-las-artes-2026-agenda-interactiva\/\" target=\"_blank\" rel=\"noreferrer noopener\"><\/a><\/li>\n\n\n\n<li>El broche de oro musical llega a las 8:00 p. m. con el concierto de Ivy Queen (Puerto Rico) en la Tarima Principal, un cierre urbano y masivo que promete encender al m\u00e1ximo al p\u00fablico con los grandes \u00e9xitos de la \u201cCaballota\u201d.<a href=\"https:\/\/peopleofcostarica.com\/es\/festival-internacional-de-las-artes-2026-agenda-interactiva\/\" target=\"_blank\" rel=\"noreferrer noopener\"><\/a><\/li>\n\n\n\n<li>Finalmente, a las 9:00 p. m., los alrededores de La Sabana se convierten en un escenario de impacto visual con RECONEC, el espect\u00e1culo de calle de gran formato de La Fura dels Baus (Espa\u00f1a), que despide el FIA 2026 con una puesta en escena impresionante.<a href=\"https:\/\/peopleofcostarica.com\/es\/festival-internacional-de-las-artes-2026-agenda-interactiva\/\" target=\"_blank\" rel=\"noreferrer noopener\"><\/a><\/li>\n<\/ul>\n\n\n\n<h2 class=\"wp-block-heading\" id=\"cmo-vivir-al-mximo-los-conciertos-del-fia-2026\">C\u00f3mo vivir al m\u00e1ximo los conciertos del FIA 2026<\/h2>\n\n\n\n<p>Estos \u00faltimos cuatro d\u00edas del FIA 2026 est\u00e1n pensados para que tanto quienes viven en San Jos\u00e9 como quienes visitan la ciudad puedan disfrutar de conciertos gratuitos, espect\u00e1culos al aire libre y grandes presentaciones en teatros hist\u00f3ricos. La clave est\u00e1 en planificar la visita: llegar con antelaci\u00f3n a La Sabana para conseguir buen espacio frente a la Tarima Principal o Tarima Conexiones, revisar los horarios de cierre del transporte p\u00fablico y combinar los conciertos masivos con experiencias m\u00e1s \u00edntimas como el cine, la danza o la m\u00fasica sinf\u00f3nica en sala.<a rel=\"noreferrer noopener\" target=\"_blank\" href=\"https:\/\/peopleofcostarica.com\/es\/festival-internacional-de-las-artes-2026-agenda-interactiva\/\"><\/a><\/p>\n\n\n\n<p>Durante estas fechas, nombres como Fonseca, Percance, Monsieur Perin\u00e9, Marta G\u00f3mez e Ivy Queen se suman a una amplia lista de artistas nacionales e internacionales que convierten a San Jos\u00e9 en una gran fiesta de arte y cultura. El resultado es una agenda cargada de m\u00fasica, diversidad y encuentro ciudadano que consolida al FIA 2026 como uno de los eventos culturales m\u00e1s importantes del a\u00f1o en Costa Rica.<a rel=\"noreferrer noopener\" target=\"_blank\" href=\"https:\/\/peopleofcostarica.com\/es\/festival-internacional-de-las-artes-2026-agenda-interactiva\/\"><\/a><\/p>\n","protected":false},"excerpt":{"rendered":"<p>El Festival Internacional de las Artes entra en su recta final con cuatro d\u00edas cargados de conciertos, espect\u00e1culos de gran formato y actividades gratuitas que prometen llenar de m\u00fasica y color el coraz\u00f3n de San Jos\u00e9. Entre hoy 26 de marzo y el domingo 29, La Sabana, las tarimas principales y varios teatros de la [&hellip;]<\/p>\n","protected":false},"author":1,"featured_media":11079,"comment_status":"open","ping_status":"open","sticky":false,"template":"","format":"standard","meta":{"footnotes":""},"categories":[87],"tags":[],"class_list":["post-11398","post","type-post","status-publish","format-standard","has-post-thumbnail","hentry","category-noticias"],"_links":{"self":[{"href":"https:\/\/peopleofcostarica.com\/es\/wp-json\/wp\/v2\/posts\/11398","targetHints":{"allow":["GET"]}}],"collection":[{"href":"https:\/\/peopleofcostarica.com\/es\/wp-json\/wp\/v2\/posts"}],"about":[{"href":"https:\/\/peopleofcostarica.com\/es\/wp-json\/wp\/v2\/types\/post"}],"author":[{"embeddable":true,"href":"https:\/\/peopleofcostarica.com\/es\/wp-json\/wp\/v2\/users\/1"}],"replies":[{"embeddable":true,"href":"https:\/\/peopleofcostarica.com\/es\/wp-json\/wp\/v2\/comments?post=11398"}],"version-history":[{"count":1,"href":"https:\/\/peopleofcostarica.com\/es\/wp-json\/wp\/v2\/posts\/11398\/revisions"}],"predecessor-version":[{"id":11403,"href":"https:\/\/peopleofcostarica.com\/es\/wp-json\/wp\/v2\/posts\/11398\/revisions\/11403"}],"wp:featuredmedia":[{"embeddable":true,"href":"https:\/\/peopleofcostarica.com\/es\/wp-json\/wp\/v2\/media\/11079"}],"wp:attachment":[{"href":"https:\/\/peopleofcostarica.com\/es\/wp-json\/wp\/v2\/media?parent=11398"}],"wp:term":[{"taxonomy":"category","embeddable":true,"href":"https:\/\/peopleofcostarica.com\/es\/wp-json\/wp\/v2\/categories?post=11398"},{"taxonomy":"post_tag","embeddable":true,"href":"https:\/\/peopleofcostarica.com\/es\/wp-json\/wp\/v2\/tags?post=11398"}],"curies":[{"name":"wp","href":"https:\/\/api.w.org\/{rel}","templated":true}]}}