{"id":11349,"date":"2026-03-24T15:05:01","date_gmt":"2026-03-24T21:05:01","guid":{"rendered":"https:\/\/peopleofcostarica.com\/?p=11349"},"modified":"2026-03-24T15:05:03","modified_gmt":"2026-03-24T21:05:03","slug":"obras-viales-pausa-temporalmente-todas-las-en-ejecucion-durante-la-semana-santa-2026","status":"publish","type":"post","link":"https:\/\/peopleofcostarica.com\/es\/obras-viales-pausa-temporalmente-todas-las-en-ejecucion-durante-la-semana-santa-2026\/","title":{"rendered":"Obras viales pausa temporalmente todas las  en ejecuci\u00f3n durante la Semana Santa 2026"},"content":{"rendered":"\n<h2 class=\"wp-block-heading\" id=\"pausa-de-obras-en-semana-santa\">Pausa de obras en Semana Santa<\/h2>\n\n\n\n<p>La medida regir\u00e1 desde el viernes 27 de marzo, \u00faltimo d\u00eda de trabajo en los proyectos, y se extender\u00e1 hasta el lunes 6 de abril de 2026, cuando se reanudar\u00e1n las labores.<br>El objetivo es brindar mayor fluidez vehicular en los desplazamientos hacia playas y destinos tur\u00edsticos, reduciendo presas asociadas a pasos regulados y cierres parciales.<br>Durante ese periodo, la maquinaria y el personal de obra no estar\u00e1n trabajando en los tramos intervenidos, aunque se mantendr\u00e1 la se\u00f1alizaci\u00f3n instalada.<\/p>\n\n\n\n<h2 class=\"wp-block-heading\" id=\"rutas-y-proyectos-donde-se-detendrn-los-trabajos\">Rutas y proyectos donde se detendr\u00e1n los trabajos<\/h2>\n\n\n\n<p>Entre las obras que se suspender\u00e1n se incluyen los proyectos en Hatillos 6 y 8, las intervenciones en el r\u00edo Mar\u00eda Aguilar en Circunvalaci\u00f3n, los trabajos en Caletas y T\u00e1rcoles sobre la Ruta Nacional 34 y el proyecto Barranca\u2013Limonal en la Ruta 1.<a rel=\"noreferrer noopener\" target=\"_blank\" href=\"https:\/\/www.periodicomensaje.com\/guanacaste\/14609-mopt-conavi-suspenderan-labores-en-todos-los-proyectos-en-ejecucion-durante-semana-santa\"><\/a>\u200b<br>Tambi\u00e9n se pausar\u00e1n las obras en los intercambios de Grecia y San Ram\u00f3n, as\u00ed como las intervenciones en la zona monta\u00f1osa de la Ruta 32 entre San Jos\u00e9 y Lim\u00f3n.<br>En todos estos puntos se busca eliminar durante la Semana Santa los pasos alternativos y regulaciones que generan cuellos de botella.<\/p>\n\n\n\n<h2 class=\"wp-block-heading\" id=\"seguridad-y-recomendaciones-para-conductores\">Seguridad y recomendaciones para conductores<\/h2>\n\n\n\n<p>Aunque las labores estar\u00e1n detenidas, el MOPT insiste en que los conductores deben respetar la se\u00f1alizaci\u00f3n, l\u00edmites de velocidad y dispositivos de seguridad que permanecer\u00e1n en cada obra.<br>La Polic\u00eda de Tr\u00e1nsito intensificar\u00e1 los controles en carretera y recomienda planificar los viajes, revisar el estado del veh\u00edculo y evitar maniobras riesgosas o el consumo de alcohol al conducir.<a rel=\"noreferrer noopener\" target=\"_blank\" href=\"https:\/\/www.mopt.go.cr\/noticias?items_per_page=All\"><\/a>\u200b<br>Las autoridades recuerdan que el flujo aumentar\u00e1 especialmente hacia Guanacaste, Pac\u00edfico Central y Zona Norte, por lo que se aconseja salir con tiempo y mantenerse informado sobre condiciones de tr\u00e1nsito.<\/p>\n\n\n\n<h2 class=\"wp-block-heading\">Fuentes oficiales<\/h2>\n\n\n\n<ul class=\"wp-block-list\">\n<li>Comunicados del MOPT y CONAVI sobre la suspensi\u00f3n de trabajos viales durante Semana Santa 2026 y la lista de proyectos afectados.<\/li>\n\n\n\n<li>Anuncios de medios nacionales y regionales que reproducen la medida y detallan los puntos espec\u00edficos de intervenci\u00f3n, como Trivisi\u00f3n y Peri\u00f3dico Mensaje.<\/li>\n<\/ul>\n","protected":false},"excerpt":{"rendered":"<p>Pausa de obras en Semana Santa La medida regir\u00e1 desde el viernes 27 de marzo, \u00faltimo d\u00eda de trabajo en los proyectos, y se extender\u00e1 hasta el lunes 6 de abril de 2026, cuando se reanudar\u00e1n las labores.El objetivo es brindar mayor fluidez vehicular en los desplazamientos hacia playas y destinos tur\u00edsticos, reduciendo presas asociadas [&hellip;]<\/p>\n","protected":false},"author":16,"featured_media":11350,"comment_status":"open","ping_status":"open","sticky":false,"template":"","format":"standard","meta":{"footnotes":""},"categories":[87,99],"tags":[],"class_list":["post-11349","post","type-post","status-publish","format-standard","has-post-thumbnail","hentry","category-noticias","category-noticias-nacionales"],"_links":{"self":[{"href":"https:\/\/peopleofcostarica.com\/es\/wp-json\/wp\/v2\/posts\/11349","targetHints":{"allow":["GET"]}}],"collection":[{"href":"https:\/\/peopleofcostarica.com\/es\/wp-json\/wp\/v2\/posts"}],"about":[{"href":"https:\/\/peopleofcostarica.com\/es\/wp-json\/wp\/v2\/types\/post"}],"author":[{"embeddable":true,"href":"https:\/\/peopleofcostarica.com\/es\/wp-json\/wp\/v2\/users\/16"}],"replies":[{"embeddable":true,"href":"https:\/\/peopleofcostarica.com\/es\/wp-json\/wp\/v2\/comments?post=11349"}],"version-history":[{"count":1,"href":"https:\/\/peopleofcostarica.com\/es\/wp-json\/wp\/v2\/posts\/11349\/revisions"}],"predecessor-version":[{"id":11351,"href":"https:\/\/peopleofcostarica.com\/es\/wp-json\/wp\/v2\/posts\/11349\/revisions\/11351"}],"wp:featuredmedia":[{"embeddable":true,"href":"https:\/\/peopleofcostarica.com\/es\/wp-json\/wp\/v2\/media\/11350"}],"wp:attachment":[{"href":"https:\/\/peopleofcostarica.com\/es\/wp-json\/wp\/v2\/media?parent=11349"}],"wp:term":[{"taxonomy":"category","embeddable":true,"href":"https:\/\/peopleofcostarica.com\/es\/wp-json\/wp\/v2\/categories?post=11349"},{"taxonomy":"post_tag","embeddable":true,"href":"https:\/\/peopleofcostarica.com\/es\/wp-json\/wp\/v2\/tags?post=11349"}],"curies":[{"name":"wp","href":"https:\/\/api.w.org\/{rel}","templated":true}]}}