{"id":11331,"date":"2026-03-24T14:54:04","date_gmt":"2026-03-24T20:54:04","guid":{"rendered":"https:\/\/peopleofcostarica.com\/?p=11331"},"modified":"2026-03-24T14:54:05","modified_gmt":"2026-03-24T20:54:05","slug":"la-fundacion-boapaz-recibio-un-reconocimiento-internacional-por-su-proyecto-de-turismo-deportivo-sostenible","status":"publish","type":"post","link":"https:\/\/peopleofcostarica.com\/es\/la-fundacion-boapaz-recibio-un-reconocimiento-internacional-por-su-proyecto-de-turismo-deportivo-sostenible\/","title":{"rendered":"La Fundaci\u00f3n BoaPaz recibi\u00f3 un reconocimiento internacional por su proyecto de turismo deportivo sostenible"},"content":{"rendered":"\n<h2 class=\"wp-block-heading\" id=\"premio-internacional-en-turismo-deportivo-sostenib\">Premio internacional en turismo deportivo sostenible<\/h2>\n\n\n\n<p>BoaPaz fue galardonada en la categor\u00eda Innovaci\u00f3n en Turismo Deportivo en la primera edici\u00f3n de los Awards for Excellence in Sustainable Sports Tourism, organizados por UN Tourism y la Federaci\u00f3n Internacional del Autom\u00f3vil (FIA).<a rel=\"noreferrer noopener\" target=\"_blank\" href=\"https:\/\/delfino.cr\/2026\/03\/fundacion-boapaz-recibe-reconocimiento-internacional-por-proyecto-de-turismo-deportivo-sostenible\"><\/a>\u200b<br>La ceremonia de premiaci\u00f3n se llev\u00f3 a cabo el 19 de marzo en Madrid, Espa\u00f1a, durante un evento internacional dedicado a movilidad sostenible y deporte.<a rel=\"noreferrer noopener\" target=\"_blank\" href=\"https:\/\/delfino.cr\/2026\/03\/fundacion-boapaz-recibe-reconocimiento-internacional-por-proyecto-de-turismo-deportivo-sostenible\"><\/a>\u200b<br>El reconocimiento sit\u00faa a Costa Rica en la conversaci\u00f3n global sobre modelos innovadores que combinan deporte, turismo y sostenibilidad.<a rel=\"noreferrer noopener\" target=\"_blank\" href=\"https:\/\/delfino.cr\/2026\/03\/fundacion-boapaz-recibe-reconocimiento-internacional-por-proyecto-de-turismo-deportivo-sostenible\"><\/a>\u200b<\/p>\n\n\n\n<h2 class=\"wp-block-heading\" id=\"el-proyecto-en-la-zona-azul\">El proyecto en la Zona Azul<\/h2>\n\n\n\n<p>El premio se otorg\u00f3 al proyecto \u201cA Smart Sports Tourism Living Lab in Costa Rica\u2019s Blue Zone\u201d, desarrollado en la Zona Azul del pa\u00eds, reconocida internacionalmente por la longevidad y calidad de vida de sus habitantes.<a rel=\"noreferrer noopener\" target=\"_blank\" href=\"https:\/\/delfino.cr\/2026\/03\/fundacion-boapaz-recibe-reconocimiento-internacional-por-proyecto-de-turismo-deportivo-sostenible\"><\/a>\u200b<br>La iniciativa integra turismo, deporte, tecnolog\u00eda, sostenibilidad e inclusi\u00f3n social como herramientas para impulsar el desarrollo econ\u00f3mico local y el bienestar comunitario.<a rel=\"noreferrer noopener\" target=\"_blank\" href=\"https:\/\/delfino.cr\/2026\/03\/fundacion-boapaz-recibe-reconocimiento-internacional-por-proyecto-de-turismo-deportivo-sostenible\"><\/a>\u200b<br>El jurado valor\u00f3 especialmente la articulaci\u00f3n entre actores locales, el enfoque participativo y la posibilidad de adaptar el modelo a otras regiones del mundo.<a rel=\"noreferrer noopener\" target=\"_blank\" href=\"https:\/\/delfino.cr\/2026\/03\/fundacion-boapaz-recibe-reconocimiento-internacional-por-proyecto-de-turismo-deportivo-sostenible\"><\/a>\u200b<\/p>\n\n\n\n<h2 class=\"wp-block-heading\" id=\"proyeccin-internacional-de-boapaz\">Proyecci\u00f3n internacional de BoaPaz<\/h2>\n\n\n\n<p>Adem\u00e1s del premio, la Fundaci\u00f3n BoaPaz fue invitada a participar en el Change Accelerated Live Summit 2026, realizado el 20 de marzo, donde present\u00f3 la experiencia de la Zona Azul ante una audiencia de l\u00edderes internacionales.<a rel=\"noreferrer noopener\" target=\"_blank\" href=\"https:\/\/delfino.cr\/2026\/03\/fundacion-boapaz-recibe-reconocimiento-internacional-por-proyecto-de-turismo-deportivo-sostenible\"><\/a>\u200b<br>La organizaci\u00f3n enfatiz\u00f3 que este reconocimiento es un orgullo para Costa Rica y evidencia que desde territorios rurales es posible liderar soluciones globales que combinan sostenibilidad, deporte e inclusi\u00f3n.<a rel=\"noreferrer noopener\" target=\"_blank\" href=\"https:\/\/delfino.cr\/2026\/03\/fundacion-boapaz-recibe-reconocimiento-internacional-por-proyecto-de-turismo-deportivo-sostenible\"><\/a>\u200b<\/p>\n\n\n\n<h2 class=\"wp-block-heading\" id=\"trabajo-de-la-fundacin-boapaz\">Trabajo de la Fundaci\u00f3n BoaPaz<\/h2>\n\n\n\n<p>BoaPaz impulsa programas en turismo, educaci\u00f3n, emprendimiento y deporte con \u00e9nfasis en el fortalecimiento de comunidades y la generaci\u00f3n de oportunidades locales.<br>Sus proyectos buscan articular bienestar, sostenibilidad y desarrollo econ\u00f3mico, posicionando a Costa Rica como laboratorio vivo de turismo responsable e innovaci\u00f3n social.<\/p>\n\n\n\n<p>Fuentes oficiales<\/p>\n\n\n\n<ul class=\"wp-block-list\">\n<li>Fundaci\u00f3n BoaPaz: sitio web institucional y comunicaciones sobre el proyecto \u201cA Smart Sports Tourism Living Lab in Costa Rica\u2019s Blue Zone\u201d y el premio recibido.<\/li>\n\n\n\n<li>UN Tourism y FIA: informaci\u00f3n sobre los Awards for Excellence in Sustainable Sports Tourism y los criterios de evaluaci\u00f3n de iniciativas.<\/li>\n<\/ul>\n","protected":false},"excerpt":{"rendered":"<p>Premio internacional en turismo deportivo sostenible BoaPaz fue galardonada en la categor\u00eda Innovaci\u00f3n en Turismo Deportivo en la primera edici\u00f3n de los Awards for Excellence in Sustainable Sports Tourism, organizados por UN Tourism y la Federaci\u00f3n Internacional del Autom\u00f3vil (FIA).\u200bLa ceremonia de premiaci\u00f3n se llev\u00f3 a cabo el 19 de marzo en Madrid, Espa\u00f1a, durante [&hellip;]<\/p>\n","protected":false},"author":16,"featured_media":11332,"comment_status":"open","ping_status":"open","sticky":false,"template":"","format":"standard","meta":{"footnotes":""},"categories":[87],"tags":[],"class_list":["post-11331","post","type-post","status-publish","format-standard","has-post-thumbnail","hentry","category-noticias"],"_links":{"self":[{"href":"https:\/\/peopleofcostarica.com\/es\/wp-json\/wp\/v2\/posts\/11331","targetHints":{"allow":["GET"]}}],"collection":[{"href":"https:\/\/peopleofcostarica.com\/es\/wp-json\/wp\/v2\/posts"}],"about":[{"href":"https:\/\/peopleofcostarica.com\/es\/wp-json\/wp\/v2\/types\/post"}],"author":[{"embeddable":true,"href":"https:\/\/peopleofcostarica.com\/es\/wp-json\/wp\/v2\/users\/16"}],"replies":[{"embeddable":true,"href":"https:\/\/peopleofcostarica.com\/es\/wp-json\/wp\/v2\/comments?post=11331"}],"version-history":[{"count":1,"href":"https:\/\/peopleofcostarica.com\/es\/wp-json\/wp\/v2\/posts\/11331\/revisions"}],"predecessor-version":[{"id":11333,"href":"https:\/\/peopleofcostarica.com\/es\/wp-json\/wp\/v2\/posts\/11331\/revisions\/11333"}],"wp:featuredmedia":[{"embeddable":true,"href":"https:\/\/peopleofcostarica.com\/es\/wp-json\/wp\/v2\/media\/11332"}],"wp:attachment":[{"href":"https:\/\/peopleofcostarica.com\/es\/wp-json\/wp\/v2\/media?parent=11331"}],"wp:term":[{"taxonomy":"category","embeddable":true,"href":"https:\/\/peopleofcostarica.com\/es\/wp-json\/wp\/v2\/categories?post=11331"},{"taxonomy":"post_tag","embeddable":true,"href":"https:\/\/peopleofcostarica.com\/es\/wp-json\/wp\/v2\/tags?post=11331"}],"curies":[{"name":"wp","href":"https:\/\/api.w.org\/{rel}","templated":true}]}}