{"id":11265,"date":"2026-03-23T16:40:14","date_gmt":"2026-03-23T22:40:14","guid":{"rendered":"https:\/\/peopleofcostarica.com\/?p=11265"},"modified":"2026-03-23T16:40:15","modified_gmt":"2026-03-23T22:40:15","slug":"costa-rica-clasifica-al-preclasificatorio-fiba-americup-2029","status":"publish","type":"post","link":"https:\/\/peopleofcostarica.com\/es\/costa-rica-clasifica-al-preclasificatorio-fiba-americup-2029\/","title":{"rendered":"Costa Rica clasifica al Preclasificatorio FIBA AmeriCup 2029\u200b"},"content":{"rendered":"\n<p>La selecci\u00f3n mayor masculina de Costa Rica asegur\u00f3 su boleto al Preclasificatorio FIBA AmeriCup 2029 tras vencer a El Salvador 85-77 en el Gimnasio Nacional Jos\u00e9 Adolfo Pineda, resultado que le otorg\u00f3 el \u00fanico cupo centroamericano disponible para esta fase rumbo al torneo continental. Este logro consolida el buen momento del baloncesto costarricense a nivel de selecciones y se suma al trabajo de preparaci\u00f3n que la Federaci\u00f3n Costarricense de Baloncesto (FECOBA) ven\u00eda realizando de cara a este proceso eliminatorio.\u200b<\/p>\n\n\n\n<h2 class=\"wp-block-heading\">Un triunfo clave ante El Salvador<\/h2>\n\n\n\n<p><a href=\"https:\/\/www.infobae.com\/costa-rica\/2026\/03\/23\/costa-rica-asegura-la-clasificacion-al-preclasificatorio-fiba-americup\/\" target=\"_blank\" rel=\"noreferrer noopener\"><\/a>\u200bEn el partido decisivo del Preclasificatorio Centroamericano, Costa Rica impuso su ritmo desde el primer cuarto, tomando una ventaja inicial de 22-15 gracias a una defensa efectiva y a la alta eficacia ofensiva. A pesar de la reacci\u00f3n salvadore\u00f1a en la segunda mitad, el equipo dirigido por el entrenador Nicol\u00e1s Mar\u00edn logr\u00f3 administrar la diferencia y cerr\u00f3 el encuentro con marcador de 85-77, resultado que confirm\u00f3 su clasificaci\u00f3n al Preclasificatorio FIBA AmeriCup 2029.<a href=\"https:\/\/www.infobae.com\/costa-rica\/2026\/03\/23\/costa-rica-asegura-la-clasificacion-al-preclasificatorio-fiba-americup\/\" target=\"_blank\" rel=\"noreferrer noopener\"><\/a>\u200b<\/p>\n\n\n\n<h2 class=\"wp-block-heading\">Figuras destacadas de la selecci\u00f3n costarricense<a href=\"https:\/\/www.infobae.com\/costa-rica\/2026\/03\/23\/costa-rica-asegura-la-clasificacion-al-preclasificatorio-fiba-americup\/\" target=\"_blank\" rel=\"noreferrer noopener\"><\/a>\u200b<\/h2>\n\n\n\n<p>Entre las actuaciones individuales m\u00e1s destacadas del conjunto costarricense sobresalieron Daniel Shedden, con 20 puntos, y Manrique Alvarado, con 18 unidades, quienes fueron determinantes para sostener la ventaja en los momentos clave del partido. Del lado salvadore\u00f1o, Marquise Mosley termin\u00f3 como m\u00e1ximo anotador del encuentro con 33 puntos, pero su rendimiento no fue suficiente para revertir la diferencia acumulada por Costa Rica en los periodos iniciales.<a href=\"https:\/\/www.infobae.com\/costa-rica\/2026\/03\/23\/costa-rica-asegura-la-clasificacion-al-preclasificatorio-fiba-americup\/\" target=\"_blank\" rel=\"noreferrer noopener\"><\/a>\u200b<\/p>\n\n\n\n<h2 class=\"wp-block-heading\">La visi\u00f3n del cuerpo t\u00e9cnico y el proceso hacia 2029<\/h2>\n\n\n\n<p><a href=\"https:\/\/www.infobae.com\/costa-rica\/2026\/03\/23\/costa-rica-asegura-la-clasificacion-al-preclasificatorio-fiba-americup\/\" target=\"_blank\" rel=\"noreferrer noopener\"><\/a>\u200bEl entrenador Nicol\u00e1s Mar\u00edn subray\u00f3 tras el juego la dificultad del duelo y la intensidad del rival, destacando el crecimiento del baloncesto en El Salvador y la competitividad de sus jugadores j\u00f3venes. Desde la FECOBA se ha resaltado que esta clasificaci\u00f3n es parte de un proceso planificado que incluye convocatorias oficiales, campamentos de trabajo y partidos preparatorios, con el objetivo de que la selecci\u00f3n llegue en las mejores condiciones a las siguientes ventanas rumbo al AmeriCup 2029.<a href=\"https:\/\/www.infobae.com\/costa-rica\/2026\/03\/23\/costa-rica-asegura-la-clasificacion-al-preclasificatorio-fiba-americup\/\" target=\"_blank\" rel=\"noreferrer noopener\"><\/a>\u200b<\/p>\n\n\n\n<h2 class=\"wp-block-heading\">Impacto para el baloncesto costarricense<\/h2>\n\n\n\n<p><a href=\"https:\/\/www.infobae.com\/costa-rica\/2026\/03\/23\/costa-rica-asegura-la-clasificacion-al-preclasificatorio-fiba-americup\/\" target=\"_blank\" rel=\"noreferrer noopener\"><\/a>\u200bEl avance de Costa Rica al Preclasificatorio FIBA AmeriCup 2029 representa una oportunidad para dar mayor visibilidad internacional al baloncesto nacional y abrir espacio a nuevas generaciones de jugadores en la \u00e9lite regional. Adem\u00e1s, fortalece el posicionamiento del pa\u00eds dentro de la estructura de FIBA en Am\u00e9rica, respaldando los esfuerzos de desarrollo que impulsa FECOBA tanto en ligas nacionales como en programas de formaci\u00f3n juvenil.<a href=\"https:\/\/www.infobae.com\/costa-rica\/2026\/03\/23\/costa-rica-asegura-la-clasificacion-al-preclasificatorio-fiba-americup\/\" target=\"_blank\" rel=\"noreferrer noopener\"><\/a>\u200b<\/p>\n\n\n\n<h2 class=\"wp-block-heading\">Fuentes oficiales<\/h2>\n\n\n\n<ul class=\"wp-block-list\">\n<li>Federaci\u00f3n Costarricense de Baloncesto (FECOBA): sitio web oficial y comunicado \u201cCosta Rica avanza a la siguiente fase del preclasificatorio rumbo al AmeriCup 2029\u201d, publicado el 22 de marzo de 2026.<\/li>\n\n\n\n<li>Informaci\u00f3n del partido Costa Rica vs. El Salvador y del Preclasificatorio Centroamericano rumbo al FIBA AmeriCup 2029, difundida por medios regionales de referencia.<\/li>\n<\/ul>\n","protected":false},"excerpt":{"rendered":"<p>La selecci\u00f3n mayor masculina de Costa Rica asegur\u00f3 su boleto al Preclasificatorio FIBA AmeriCup 2029 tras vencer a El Salvador 85-77 en el Gimnasio Nacional Jos\u00e9 Adolfo Pineda, resultado que le otorg\u00f3 el \u00fanico cupo centroamericano disponible para esta fase rumbo al torneo continental. Este logro consolida el buen momento del baloncesto costarricense a nivel [&hellip;]<\/p>\n","protected":false},"author":16,"featured_media":11266,"comment_status":"open","ping_status":"open","sticky":false,"template":"","format":"standard","meta":{"footnotes":""},"categories":[87,101],"tags":[],"class_list":["post-11265","post","type-post","status-publish","format-standard","has-post-thumbnail","hentry","category-noticias","category-deportes"],"_links":{"self":[{"href":"https:\/\/peopleofcostarica.com\/es\/wp-json\/wp\/v2\/posts\/11265","targetHints":{"allow":["GET"]}}],"collection":[{"href":"https:\/\/peopleofcostarica.com\/es\/wp-json\/wp\/v2\/posts"}],"about":[{"href":"https:\/\/peopleofcostarica.com\/es\/wp-json\/wp\/v2\/types\/post"}],"author":[{"embeddable":true,"href":"https:\/\/peopleofcostarica.com\/es\/wp-json\/wp\/v2\/users\/16"}],"replies":[{"embeddable":true,"href":"https:\/\/peopleofcostarica.com\/es\/wp-json\/wp\/v2\/comments?post=11265"}],"version-history":[{"count":1,"href":"https:\/\/peopleofcostarica.com\/es\/wp-json\/wp\/v2\/posts\/11265\/revisions"}],"predecessor-version":[{"id":11267,"href":"https:\/\/peopleofcostarica.com\/es\/wp-json\/wp\/v2\/posts\/11265\/revisions\/11267"}],"wp:featuredmedia":[{"embeddable":true,"href":"https:\/\/peopleofcostarica.com\/es\/wp-json\/wp\/v2\/media\/11266"}],"wp:attachment":[{"href":"https:\/\/peopleofcostarica.com\/es\/wp-json\/wp\/v2\/media?parent=11265"}],"wp:term":[{"taxonomy":"category","embeddable":true,"href":"https:\/\/peopleofcostarica.com\/es\/wp-json\/wp\/v2\/categories?post=11265"},{"taxonomy":"post_tag","embeddable":true,"href":"https:\/\/peopleofcostarica.com\/es\/wp-json\/wp\/v2\/tags?post=11265"}],"curies":[{"name":"wp","href":"https:\/\/api.w.org\/{rel}","templated":true}]}}