{"id":11247,"date":"2026-03-23T16:25:06","date_gmt":"2026-03-23T22:25:06","guid":{"rendered":"https:\/\/peopleofcostarica.com\/?p=11247"},"modified":"2026-03-23T16:25:07","modified_gmt":"2026-03-23T22:25:07","slug":"costa-rica-fue-designada-destino-mundial-ecuestre-2026-por-la-organizacion-mundial-de-turismo-ecuestre","status":"publish","type":"post","link":"https:\/\/peopleofcostarica.com\/es\/costa-rica-fue-designada-destino-mundial-ecuestre-2026-por-la-organizacion-mundial-de-turismo-ecuestre\/","title":{"rendered":"Costa Rica fue designada \u201cDestino Mundial Ecuestre 2026\u201d por la Organizaci\u00f3n Mundial de Turismo Ecuestre"},"content":{"rendered":"\n<h2 class=\"wp-block-heading\" id=\"distincin-para-costa-rica\">Distinci\u00f3n para Costa Rica<\/h2>\n\n\n\n<p>La OMTE, con sede en Espa\u00f1a y activa desde 1993, eligi\u00f3 a Costa Rica como destino ecuestre del a\u00f1o 2026, reconociendo la importancia del caballo en la historia, la cultura, el paisaje y la econom\u00eda nacional.<br>Cada a\u00f1o este organismo selecciona un destino distinto en el mundo, y en esta ocasi\u00f3n busca posicionar a Costa Rica como pa\u00eds atractivo para los amantes de los caballos y del turismo ecuestre sostenible.<br>El anuncio oficial se realiz\u00f3 el 16 de marzo en Hacienda Barvak, en Barva de Heredia, con presencia de autoridades locales, representantes de la OMTE y del Banco Interamericano de Desarrollo (BID).<\/p>\n\n\n\n<h2 class=\"wp-block-heading\" id=\"hacienda-barvak-certificada\">Hacienda Barvak certificada<\/h2>\n\n\n\n<p>Hacienda Barvak se convirti\u00f3 en el primer centro ecuestre de Costa Rica certificado por la OMTE, como espacio con altos est\u00e1ndares para actividades ecuestres y bienestar animal.<br>La finca ofrece clases de equitaci\u00f3n, alquiler de cuadras, picaderos de arena s\u00edlica, pista de salto, \u00e1rea de calentamiento y entrenamiento de caballos, bajo criterios de calidad, seguridad y \u00e9tica.<a rel=\"noreferrer noopener\" target=\"_blank\" href=\"https:\/\/delfino.cr\/2026\/03\/omte-designa-a-costa-rica-como-destino-mundial-ecuestre-2026-y-certifica-a-hacienda-barvak\"><\/a>\u200b<br>Adem\u00e1s organiza anualmente la Copa Barvak, un circuito de competencias de salto y adiestramiento avalado por la Federaci\u00f3n Ecuestre de Costa Rica, que re\u00fane a ni\u00f1os, j\u00f3venes y adultos.<a rel=\"noreferrer noopener\" target=\"_blank\" href=\"https:\/\/delfino.cr\/2026\/03\/omte-designa-a-costa-rica-como-destino-mundial-ecuestre-2026-y-certifica-a-hacienda-barvak\"><\/a>\u200b<\/p>\n\n\n\n<h2 class=\"wp-block-heading\" id=\"turismo-ecuestre-y-desarrollo-rural\">Turismo ecuestre y desarrollo rural<\/h2>\n\n\n\n<p>La OMTE estima que m\u00e1s de tres millones de personas al a\u00f1o buscan rutas ecuestres certificadas, con gu\u00edas y haciendas homologadas que garanticen experiencias seguras y responsables.<br>Con la designaci\u00f3n de Costa Rica como Destino Mundial Ecuestre 2026 se abre una ventana para profesionalizar el turismo ecuestre local y atraer a este mercado especializado hacia zonas rurales.<br>El BID acompa\u00f1a la iniciativa con financiamiento y asistencia t\u00e9cnica para desarrollar protocolos y buenas pr\u00e1cticas que potencien el impacto positivo en comunidades alejadas de las capitales.<a rel=\"noreferrer noopener\" target=\"_blank\" href=\"https:\/\/delfino.cr\/2026\/03\/omte-designa-a-costa-rica-como-destino-mundial-ecuestre-2026-y-certifica-a-hacienda-barvak\"><\/a>\u200b<\/p>\n\n\n\n<h2 class=\"wp-block-heading\" id=\"voces-y-proyeccin\">Voces y proyecci\u00f3n<\/h2>\n\n\n\n<p>El coordinador general de la OMTE para Am\u00e9rica Latina, Leonardo Silbert, destac\u00f3 que la declaratoria permitir\u00e1 sumar acuerdos y voluntades para elevar la calidad del turismo ecuestre en el pa\u00eds.<br>El fundador de Hacienda Barvak, Eladio Bola\u00f1os, expres\u00f3 su orgullo por ser la primera finca homologada por la OMTE y recibi\u00f3 la medalla de \u201cGran Caballero\u201d por su aporte al desarrollo del deporte ecuestre.<br>Autoridades locales, como la Municipalidad de Barva, subrayaron que este tipo de proyectos incentiva el turismo, reactiva la econom\u00eda y genera nuevas oportunidades en la zona.<\/p>\n\n\n\n<h2 class=\"wp-block-heading\" id=\"fuentes-oficiales\">Fuentes oficiales<\/h2>\n\n\n\n<ul class=\"wp-block-list\">\n<li>Organizaci\u00f3n Mundial de Turismo Ecuestre (OMTE): comunicados y material informativo sobre la designaci\u00f3n de Costa Rica como Destino Mundial Ecuestre 2026.<\/li>\n\n\n\n<li>Hacienda Barvak: informaci\u00f3n institucional y comunicaciones en sus canales oficiales sobre la certificaci\u00f3n OMTE y la Copa Barvak.<\/li>\n\n\n\n<li>Banco Interamericano de Desarrollo (BID): declaraciones sobre el apoyo al turismo ecuestre sostenible y su impacto en el desarrollo rural.<\/li>\n<\/ul>\n","protected":false},"excerpt":{"rendered":"<p>Distinci\u00f3n para Costa Rica La OMTE, con sede en Espa\u00f1a y activa desde 1993, eligi\u00f3 a Costa Rica como destino ecuestre del a\u00f1o 2026, reconociendo la importancia del caballo en la historia, la cultura, el paisaje y la econom\u00eda nacional.Cada a\u00f1o este organismo selecciona un destino distinto en el mundo, y en esta ocasi\u00f3n busca [&hellip;]<\/p>\n","protected":false},"author":16,"featured_media":11248,"comment_status":"open","ping_status":"open","sticky":false,"template":"","format":"standard","meta":{"footnotes":""},"categories":[87,93],"tags":[],"class_list":["post-11247","post","type-post","status-publish","format-standard","has-post-thumbnail","hentry","category-noticias","category-costa-rica-en-el-mundo"],"_links":{"self":[{"href":"https:\/\/peopleofcostarica.com\/es\/wp-json\/wp\/v2\/posts\/11247","targetHints":{"allow":["GET"]}}],"collection":[{"href":"https:\/\/peopleofcostarica.com\/es\/wp-json\/wp\/v2\/posts"}],"about":[{"href":"https:\/\/peopleofcostarica.com\/es\/wp-json\/wp\/v2\/types\/post"}],"author":[{"embeddable":true,"href":"https:\/\/peopleofcostarica.com\/es\/wp-json\/wp\/v2\/users\/16"}],"replies":[{"embeddable":true,"href":"https:\/\/peopleofcostarica.com\/es\/wp-json\/wp\/v2\/comments?post=11247"}],"version-history":[{"count":1,"href":"https:\/\/peopleofcostarica.com\/es\/wp-json\/wp\/v2\/posts\/11247\/revisions"}],"predecessor-version":[{"id":11249,"href":"https:\/\/peopleofcostarica.com\/es\/wp-json\/wp\/v2\/posts\/11247\/revisions\/11249"}],"wp:featuredmedia":[{"embeddable":true,"href":"https:\/\/peopleofcostarica.com\/es\/wp-json\/wp\/v2\/media\/11248"}],"wp:attachment":[{"href":"https:\/\/peopleofcostarica.com\/es\/wp-json\/wp\/v2\/media?parent=11247"}],"wp:term":[{"taxonomy":"category","embeddable":true,"href":"https:\/\/peopleofcostarica.com\/es\/wp-json\/wp\/v2\/categories?post=11247"},{"taxonomy":"post_tag","embeddable":true,"href":"https:\/\/peopleofcostarica.com\/es\/wp-json\/wp\/v2\/tags?post=11247"}],"curies":[{"name":"wp","href":"https:\/\/api.w.org\/{rel}","templated":true}]}}