{"id":11238,"date":"2026-03-23T16:21:36","date_gmt":"2026-03-23T22:21:36","guid":{"rendered":"https:\/\/peopleofcostarica.com\/?p=11238"},"modified":"2026-03-23T16:21:37","modified_gmt":"2026-03-23T22:21:37","slug":"suspension-temporal-del-tren-en-la-gran-area-metropolitana-por-obras-en-puentes-ferroviarios","status":"publish","type":"post","link":"https:\/\/peopleofcostarica.com\/es\/suspension-temporal-del-tren-en-la-gran-area-metropolitana-por-obras-en-puentes-ferroviarios\/","title":{"rendered":"Suspensi\u00f3n temporal del tren en la Gran \u00c1rea Metropolitana por obras en puentes ferroviarios"},"content":{"rendered":"\n<p>\u200bEl Instituto Costarricense de Ferrocarriles (Incofer) anunci\u00f3 la suspensi\u00f3n temporal del servicio de tren en la Gran \u00c1rea Metropolitana para ejecutar obras de mejora en varios puentes ferroviarios y en un t\u00fanel. Seg\u00fan la informaci\u00f3n divulgada, la ruta Cartago\u2013San Jos\u00e9 estar\u00e1 suspendida totalmente del 25 de marzo al 10 de abril, todas las rutas se detendr\u00e1n durante la Semana Santa (del 30 de marzo al 3 de abril) y la conexi\u00f3n entre las estaciones Pac\u00edfico y Atl\u00e1ntico se suspender\u00e1 del 6 al 10 de abril.<a href=\"https:\/\/www.crhoy.com\/nacionales\/atencion-usuarios-del-tren-servicio-se-suspendera-temporalmente-por-obras-en-puentes\/\" target=\"_blank\" rel=\"noreferrer noopener\"><\/a>\u200b<\/p>\n\n\n\n<h2 class=\"wp-block-heading\">Obras en puentes y t\u00fanel: por qu\u00e9 se realizan<\/h2>\n\n\n\n<p><a href=\"https:\/\/www.crhoy.com\/nacionales\/atencion-usuarios-del-tren-servicio-se-suspendera-temporalmente-por-obras-en-puentes\/\" target=\"_blank\" rel=\"noreferrer noopener\"><\/a>\u200bDurante el periodo de suspensi\u00f3n se intervendr\u00e1n ocho puentes ferroviarios ubicados en diferentes puntos de la Gran \u00c1rea Metropolitana, as\u00ed como un t\u00fanel en el cant\u00f3n de Goicoechea. Incofer indic\u00f3 que estas intervenciones se realizan debido a que parte de la infraestructura presenta un riesgo inminente, por lo que resulta necesario reforzarla para garantizar la seguridad de las personas usuarias y la continuidad del servicio a mediano y largo plazo.<a href=\"https:\/\/www.crhoy.com\/nacionales\/atencion-usuarios-del-tren-servicio-se-suspendera-temporalmente-por-obras-en-puentes\/\" target=\"_blank\" rel=\"noreferrer noopener\"><\/a>\u200b<\/p>\n\n\n\n<h2 class=\"wp-block-heading\">Financiamiento y programa de emergencia<\/h2>\n\n\n\n<p><a href=\"https:\/\/www.crhoy.com\/nacionales\/atencion-usuarios-del-tren-servicio-se-suspendera-temporalmente-por-obras-en-puentes\/\" target=\"_blank\" rel=\"noreferrer noopener\"><\/a>\u200bLos recursos para ejecutar estas obras provienen del Programa de Emergencia para la Reconstrucci\u00f3n Integral y Resiliente de Infraestructura (Proeri), un mecanismo de financiamiento destinado a atender puntos cr\u00edticos de la red de transporte ferroviario y de otras infraestructuras p\u00fablicas. Este programa permite priorizar intervenciones urgentes, como la rehabilitaci\u00f3n de puentes y t\u00faneles ferroviarios, con el fin de reducir la vulnerabilidad de la red y mejorar la resiliencia del sistema ante eventos futuros.<a href=\"https:\/\/www.crhoy.com\/nacionales\/atencion-usuarios-del-tren-servicio-se-suspendera-temporalmente-por-obras-en-puentes\/\" target=\"_blank\" rel=\"noreferrer noopener\"><\/a>\u200b<\/p>\n\n\n\n<h2 class=\"wp-block-heading\">Recomendaciones para las personas usuarias<\/h2>\n\n\n\n<p>Durante el periodo sin servicio ferroviario, las personas que habitualmente utilizan el tren para movilizarse entre Cartago, San Jos\u00e9 y otros puntos de la Gran \u00c1rea Metropolitana deber\u00e1n optar por alternativas como autob\u00fas, transporte compartido o veh\u00edculos particulares. Incofer mantiene a disposici\u00f3n del p\u00fablico sus canales de informaci\u00f3n oficiales, como el sitio web institucional y las redes sociales, donde se actualizar\u00e1n los detalles sobre el avance de las obras y la fecha exacta de reanudaci\u00f3n de cada ruta conforme se acerquen los plazos definidos.<a href=\"https:\/\/www.crhoy.com\/nacionales\/atencion-usuarios-del-tren-servicio-se-suspendera-temporalmente-por-obras-en-puentes\/\" target=\"_blank\" rel=\"noreferrer noopener\"><\/a>\u200b<\/p>\n\n\n\n<h2 class=\"wp-block-heading\">Fuentes oficiales<\/h2>\n\n\n\n<ul class=\"wp-block-list\">\n<li>Instituto Costarricense de Ferrocarriles (Incofer): informaci\u00f3n institucional, detalles de rutas, tarifas y canales de contacto disponibles en el sitio oficial.<a href=\"https:\/\/www.crhoy.com\/nacionales\/atencion-usuarios-del-tren-servicio-se-suspendera-temporalmente-por-obras-en-puentes\/\" target=\"_blank\" rel=\"noreferrer noopener\"><\/a>\u200b<\/li>\n\n\n\n<li>Informaci\u00f3n sobre la suspensi\u00f3n temporal del servicio de tren y las obras en puentes ferroviarios, difundida por Incofer a trav\u00e9s de medios de comunicaci\u00f3n nacionales como CRHoy.<\/li>\n<\/ul>\n","protected":false},"excerpt":{"rendered":"<p>\u200bEl Instituto Costarricense de Ferrocarriles (Incofer) anunci\u00f3 la suspensi\u00f3n temporal del servicio de tren en la Gran \u00c1rea Metropolitana para ejecutar obras de mejora en varios puentes ferroviarios y en un t\u00fanel. Seg\u00fan la informaci\u00f3n divulgada, la ruta Cartago\u2013San Jos\u00e9 estar\u00e1 suspendida totalmente del 25 de marzo al 10 de abril, todas las rutas se [&hellip;]<\/p>\n","protected":false},"author":16,"featured_media":11239,"comment_status":"open","ping_status":"open","sticky":false,"template":"","format":"standard","meta":{"footnotes":""},"categories":[87],"tags":[],"class_list":["post-11238","post","type-post","status-publish","format-standard","has-post-thumbnail","hentry","category-noticias"],"_links":{"self":[{"href":"https:\/\/peopleofcostarica.com\/es\/wp-json\/wp\/v2\/posts\/11238","targetHints":{"allow":["GET"]}}],"collection":[{"href":"https:\/\/peopleofcostarica.com\/es\/wp-json\/wp\/v2\/posts"}],"about":[{"href":"https:\/\/peopleofcostarica.com\/es\/wp-json\/wp\/v2\/types\/post"}],"author":[{"embeddable":true,"href":"https:\/\/peopleofcostarica.com\/es\/wp-json\/wp\/v2\/users\/16"}],"replies":[{"embeddable":true,"href":"https:\/\/peopleofcostarica.com\/es\/wp-json\/wp\/v2\/comments?post=11238"}],"version-history":[{"count":1,"href":"https:\/\/peopleofcostarica.com\/es\/wp-json\/wp\/v2\/posts\/11238\/revisions"}],"predecessor-version":[{"id":11240,"href":"https:\/\/peopleofcostarica.com\/es\/wp-json\/wp\/v2\/posts\/11238\/revisions\/11240"}],"wp:featuredmedia":[{"embeddable":true,"href":"https:\/\/peopleofcostarica.com\/es\/wp-json\/wp\/v2\/media\/11239"}],"wp:attachment":[{"href":"https:\/\/peopleofcostarica.com\/es\/wp-json\/wp\/v2\/media?parent=11238"}],"wp:term":[{"taxonomy":"category","embeddable":true,"href":"https:\/\/peopleofcostarica.com\/es\/wp-json\/wp\/v2\/categories?post=11238"},{"taxonomy":"post_tag","embeddable":true,"href":"https:\/\/peopleofcostarica.com\/es\/wp-json\/wp\/v2\/tags?post=11238"}],"curies":[{"name":"wp","href":"https:\/\/api.w.org\/{rel}","templated":true}]}}