{"id":11208,"date":"2026-03-23T14:41:07","date_gmt":"2026-03-23T20:41:07","guid":{"rendered":"https:\/\/peopleofcostarica.com\/?p=11208"},"modified":"2026-03-23T14:41:11","modified_gmt":"2026-03-23T20:41:11","slug":"costa-rica-y-panama-firmaron-un-memorando-de-entendimiento-para-avanzar-en-la-futura-interconexion-de-sus-sistemas-ferroviarios","status":"publish","type":"post","link":"https:\/\/peopleofcostarica.com\/es\/costa-rica-y-panama-firmaron-un-memorando-de-entendimiento-para-avanzar-en-la-futura-interconexion-de-sus-sistemas-ferroviarios\/","title":{"rendered":"Costa Rica y Panam\u00e1 firmaron un memorando de entendimiento para avanzar en la futura interconexi\u00f3n de sus sistemas ferroviarios"},"content":{"rendered":"\n<h2 class=\"wp-block-heading\" id=\"acuerdo-entre-costa-rica-y-panam\">Acuerdo entre Costa Rica y Panam\u00e1<\/h2>\n\n\n\n<p>El memorando de entendimiento se firm\u00f3 entre el Instituto Costarricense de Ferrocarriles (Incofer) y la Secretar\u00eda Nacional del Ferrocarril de Panam\u00e1.<a rel=\"noreferrer noopener\" target=\"_blank\" href=\"https:\/\/crhoy.com\/nacionales\/costa-rica-y-panama-firman-acuerdo-para-interconectar-sistemas-de-trenes\/\"><\/a>\u200b<br>El objetivo principal es establecer una cooperaci\u00f3n formal para explorar la interconexi\u00f3n de los proyectos ferroviarios que ambos pa\u00edses impulsan en sus territorios.<a rel=\"noreferrer noopener\" target=\"_blank\" href=\"https:\/\/crhoy.com\/nacionales\/costa-rica-y-panama-firman-acuerdo-para-interconectar-sistemas-de-trenes\/\"><\/a>\u200b<br>El acuerdo tiene una vigencia inicial de cinco a\u00f1os, durante los cuales se trabajar\u00e1 en estudios, intercambio de informaci\u00f3n y coordinaci\u00f3n t\u00e9cnica.<a rel=\"noreferrer noopener\" target=\"_blank\" href=\"https:\/\/crhoy.com\/nacionales\/costa-rica-y-panama-firman-acuerdo-para-interconectar-sistemas-de-trenes\/\"><\/a>\u200b<\/p>\n\n\n\n<h2 class=\"wp-block-heading\" id=\"reas-de-cooperacin\">\u00c1reas de cooperaci\u00f3n<\/h2>\n\n\n\n<p>El documento contempla cooperaci\u00f3n bilateral en estudios t\u00e9cnicos y de ingenier\u00eda, an\u00e1lisis de impacto social y ambiental, ordenamiento territorial y planificaci\u00f3n urbana en zonas fronterizas.<a rel=\"noreferrer noopener\" target=\"_blank\" href=\"https:\/\/crhoy.com\/nacionales\/costa-rica-y-panama-firman-acuerdo-para-interconectar-sistemas-de-trenes\/\"><\/a>\u200b<br>Tambi\u00e9n abarca aspectos de gesti\u00f3n de riesgos, as\u00ed como el dise\u00f1o de posibles trazados y soluciones de infraestructura que faciliten la conexi\u00f3n entre ambos sistemas de tren.<a rel=\"noreferrer noopener\" target=\"_blank\" href=\"https:\/\/crhoy.com\/nacionales\/costa-rica-y-panama-firman-acuerdo-para-interconectar-sistemas-de-trenes\/\"><\/a>\u200b<br>La idea es que esta coordinaci\u00f3n permita tomar decisiones informadas sobre viabilidad, costos y beneficios de un eventual enlace ferroviario Costa Rica\u2013Panam\u00e1.<a rel=\"noreferrer noopener\" target=\"_blank\" href=\"https:\/\/crhoy.com\/nacionales\/costa-rica-y-panama-firman-acuerdo-para-interconectar-sistemas-de-trenes\/\"><\/a>\u200b<\/p>\n\n\n\n<h2 class=\"wp-block-heading\" id=\"contexto-ferroviario-en-ambos-pases\">Contexto ferroviario en ambos pa\u00edses<\/h2>\n\n\n\n<p>En Costa Rica, el acuerdo se da mientras se impulsa el proyecto de tren el\u00e9ctrico para la Gran \u00c1rea Metropolitana (GAM), una iniciativa que el Gobierno busca reactivar como eje del transporte p\u00fablico.<a rel=\"noreferrer noopener\" target=\"_blank\" href=\"https:\/\/crhoy.com\/nacionales\/costa-rica-y-panama-firman-acuerdo-para-interconectar-sistemas-de-trenes\/\"><\/a>\u200b<br>Panam\u00e1, por su parte, construye la tercera l\u00ednea de su metro en la capital y estudia la viabilidad de un tren hasta Paso Canoas, en la frontera con Costa Rica.<a rel=\"noreferrer noopener\" target=\"_blank\" href=\"https:\/\/crhoy.com\/nacionales\/costa-rica-y-panama-firman-acuerdo-para-interconectar-sistemas-de-trenes\/\"><\/a>\u200b<br>La interconexi\u00f3n ferroviaria entre ambos pa\u00edses se visualiza como un paso hacia una red de transporte m\u00e1s integrada en Centroam\u00e9rica.<a rel=\"noreferrer noopener\" target=\"_blank\" href=\"https:\/\/crhoy.com\/nacionales\/costa-rica-y-panama-firman-acuerdo-para-interconectar-sistemas-de-trenes\/\"><\/a>\u200b<\/p>\n\n\n\n<h2 class=\"wp-block-heading\" id=\"alcances-y-prximos-pasos\">Alcances y pr\u00f3ximos pasos<\/h2>\n\n\n\n<p>El memorando no implica todav\u00eda la construcci\u00f3n de obras, pero s\u00ed abre la puerta a estudios conjuntos, misiones t\u00e9cnicas e intercambio de experiencias en materia ferroviaria.<a rel=\"noreferrer noopener\" target=\"_blank\" href=\"https:\/\/crhoy.com\/nacionales\/costa-rica-y-panama-firman-acuerdo-para-interconectar-sistemas-de-trenes\/\"><\/a>\u200b<br>Incofer y la Secretar\u00eda Nacional del Ferrocarril de Panam\u00e1 coordinar\u00e1n grupos de trabajo para definir cronogramas, prioridades y posibles fuentes de financiamiento internacional.<a rel=\"noreferrer noopener\" target=\"_blank\" href=\"https:\/\/crhoy.com\/nacionales\/costa-rica-y-panama-firman-acuerdo-para-interconectar-sistemas-de-trenes\/\"><\/a>\u200b<br>A mediano plazo, los resultados de estos estudios permitir\u00e1n valorar la factibilidad de un proyecto ferroviario transfronterizo que conecte ambas redes nacionales.<a rel=\"noreferrer noopener\" target=\"_blank\" href=\"https:\/\/crhoy.com\/nacionales\/costa-rica-y-panama-firman-acuerdo-para-interconectar-sistemas-de-trenes\/\"><\/a>\u200b<\/p>\n\n\n\n<h2 class=\"wp-block-heading\" id=\"fuentes-oficiales\">Fuentes oficiales<\/h2>\n\n\n\n<ul class=\"wp-block-list\">\n<li>Instituto Costarricense de Ferrocarriles (Incofer): comunicados sobre la firma del memorando con Panam\u00e1 y lineamientos de cooperaci\u00f3n.<\/li>\n\n\n\n<li>Secretar\u00eda Nacional del Ferrocarril de Panam\u00e1: informaci\u00f3n institucional sobre sus proyectos ferroviarios y acuerdos internacionales.<\/li>\n\n\n\n<li>Comunicaciones oficiales de los gobiernos de Costa Rica y Panam\u00e1 en torno a integraci\u00f3n ferroviaria y conectividad regional.<\/li>\n<\/ul>\n","protected":false},"excerpt":{"rendered":"<p>Acuerdo entre Costa Rica y Panam\u00e1 El memorando de entendimiento se firm\u00f3 entre el Instituto Costarricense de Ferrocarriles (Incofer) y la Secretar\u00eda Nacional del Ferrocarril de Panam\u00e1.\u200bEl objetivo principal es establecer una cooperaci\u00f3n formal para explorar la interconexi\u00f3n de los proyectos ferroviarios que ambos pa\u00edses impulsan en sus territorios.\u200bEl acuerdo tiene una vigencia inicial de [&hellip;]<\/p>\n","protected":false},"author":16,"featured_media":11209,"comment_status":"open","ping_status":"open","sticky":false,"template":"","format":"standard","meta":{"footnotes":""},"categories":[87,99],"tags":[],"class_list":["post-11208","post","type-post","status-publish","format-standard","has-post-thumbnail","hentry","category-noticias","category-noticias-nacionales"],"_links":{"self":[{"href":"https:\/\/peopleofcostarica.com\/es\/wp-json\/wp\/v2\/posts\/11208","targetHints":{"allow":["GET"]}}],"collection":[{"href":"https:\/\/peopleofcostarica.com\/es\/wp-json\/wp\/v2\/posts"}],"about":[{"href":"https:\/\/peopleofcostarica.com\/es\/wp-json\/wp\/v2\/types\/post"}],"author":[{"embeddable":true,"href":"https:\/\/peopleofcostarica.com\/es\/wp-json\/wp\/v2\/users\/16"}],"replies":[{"embeddable":true,"href":"https:\/\/peopleofcostarica.com\/es\/wp-json\/wp\/v2\/comments?post=11208"}],"version-history":[{"count":1,"href":"https:\/\/peopleofcostarica.com\/es\/wp-json\/wp\/v2\/posts\/11208\/revisions"}],"predecessor-version":[{"id":11210,"href":"https:\/\/peopleofcostarica.com\/es\/wp-json\/wp\/v2\/posts\/11208\/revisions\/11210"}],"wp:featuredmedia":[{"embeddable":true,"href":"https:\/\/peopleofcostarica.com\/es\/wp-json\/wp\/v2\/media\/11209"}],"wp:attachment":[{"href":"https:\/\/peopleofcostarica.com\/es\/wp-json\/wp\/v2\/media?parent=11208"}],"wp:term":[{"taxonomy":"category","embeddable":true,"href":"https:\/\/peopleofcostarica.com\/es\/wp-json\/wp\/v2\/categories?post=11208"},{"taxonomy":"post_tag","embeddable":true,"href":"https:\/\/peopleofcostarica.com\/es\/wp-json\/wp\/v2\/tags?post=11208"}],"curies":[{"name":"wp","href":"https:\/\/api.w.org\/{rel}","templated":true}]}}