{"id":11199,"date":"2026-03-23T14:36:56","date_gmt":"2026-03-23T20:36:56","guid":{"rendered":"https:\/\/peopleofcostarica.com\/?p=11199"},"modified":"2026-03-23T14:36:58","modified_gmt":"2026-03-23T20:36:58","slug":"el-parque-central-de-san-jose-sera-sometido-a-una-remodelacion-integral-con-una-inversion-de-%c2%a2648-millones","status":"publish","type":"post","link":"https:\/\/peopleofcostarica.com\/es\/el-parque-central-de-san-jose-sera-sometido-a-una-remodelacion-integral-con-una-inversion-de-%c2%a2648-millones\/","title":{"rendered":"El Parque Central de San Jos\u00e9 ser\u00e1 sometido a una remodelaci\u00f3n integral con una inversi\u00f3n de \u00a2648 millones"},"content":{"rendered":"\n<h2 class=\"wp-block-heading\" id=\"remodelacin-del-parque-central\">Remodelaci\u00f3n del Parque Central<\/h2>\n\n\n\n<p>La intervenci\u00f3n del Parque Central incluye incrementar las \u00e1reas verdes, mejorar la iluminaci\u00f3n, renovar el dise\u00f1o paisaj\u00edstico y modernizar la infraestructura existente.<a rel=\"noreferrer noopener\" target=\"_blank\" href=\"https:\/\/ameliarueda.com\/noticia\/remodelacion-parque-central-648-millones-cafeteria-sotano-kiosco-noticias-costa-rica\"><\/a>\u200b<br>Las obras est\u00e1n en proceso de licitaci\u00f3n por parte de la Municipalidad de San Jos\u00e9 y se espera que inicien en los pr\u00f3ximos meses, una vez adjudicado el contrato.<a rel=\"noreferrer noopener\" target=\"_blank\" href=\"https:\/\/ameliarueda.com\/noticia\/remodelacion-parque-central-648-millones-cafeteria-sotano-kiosco-noticias-costa-rica\"><\/a>\u200b<br>El proyecto cuenta con declaratoria de inter\u00e9s p\u00fablico y con el aval de la Unidad de Patrimonio Hist\u00f3rico-Arquitect\u00f3nico, dado el valor simb\u00f3lico y arquitect\u00f3nico del sitio.<a rel=\"noreferrer noopener\" target=\"_blank\" href=\"https:\/\/ameliarueda.com\/noticia\/remodelacion-parque-central-648-millones-cafeteria-sotano-kiosco-noticias-costa-rica\"><\/a>\u200b<\/p>\n\n\n\n<h2 class=\"wp-block-heading\" id=\"principales-obras-y-nuevos-espacios\">Principales obras y nuevos espacios<\/h2>\n\n\n\n<p>Entre las mejoras previstas se encuentran la instalaci\u00f3n de nuevo mobiliario urbano, la creaci\u00f3n de un jard\u00edn sensorial inclusivo, la construcci\u00f3n de p\u00e9rgolas y cubiertas, y la renovaci\u00f3n total del sistema de iluminaci\u00f3n.<a rel=\"noreferrer noopener\" target=\"_blank\" href=\"https:\/\/ameliarueda.com\/noticia\/remodelacion-parque-central-648-millones-cafeteria-sotano-kiosco-noticias-costa-rica\"><\/a>\u200b<br>Tambi\u00e9n se instalar\u00e1 un sistema de riego automatizado para el mantenimiento de las zonas verdes y se realizar\u00e1 una intervenci\u00f3n en la losa del kiosco central.<a rel=\"noreferrer noopener\" target=\"_blank\" href=\"https:\/\/ameliarueda.com\/noticia\/remodelacion-parque-central-648-millones-cafeteria-sotano-kiosco-noticias-costa-rica\"><\/a>\u200b<br>Uno de los cambios m\u00e1s llamativos ser\u00e1 la habilitaci\u00f3n de una cafeter\u00eda en el s\u00f3tano del kiosco, con la idea de darle un uso permanente y din\u00e1mico a esta estructura patrimonial.<a rel=\"noreferrer noopener\" target=\"_blank\" href=\"https:\/\/ameliarueda.com\/noticia\/remodelacion-parque-central-648-millones-cafeteria-sotano-kiosco-noticias-costa-rica\"><\/a>\u200b<\/p>\n\n\n\n<h2 class=\"wp-block-heading\" id=\"objetivos-de-la-intervencin\">Objetivos de la intervenci\u00f3n<\/h2>\n\n\n\n<p>Seg\u00fan el cartel de licitaci\u00f3n, el objetivo es \u201cpromover en el Parque Central un entorno m\u00e1s fresco, sostenible y amigable con el medio ambiente, as\u00ed como fortalecer las condiciones de seguridad y accesibilidad para todos los usuarios\u201d.<a rel=\"noreferrer noopener\" target=\"_blank\" href=\"https:\/\/ameliarueda.com\/noticia\/remodelacion-parque-central-648-millones-cafeteria-sotano-kiosco-noticias-costa-rica\"><\/a>\u200b<br>La Municipalidad de San Jos\u00e9 busca que el parque deje atr\u00e1s a\u00f1os de abandono y se convierta en un espacio vivo, seguro y atractivo para residentes y visitantes.<a rel=\"noreferrer noopener\" target=\"_blank\" href=\"https:\/\/ameliarueda.com\/noticia\/remodelacion-parque-central-648-millones-cafeteria-sotano-kiosco-noticias-costa-rica\"><\/a>\u200b<br>La intervenci\u00f3n se inscribe dentro de una estrategia m\u00e1s amplia de mejora y recuperaci\u00f3n de espacios p\u00fablicos en el casco central de la ciudad.<a rel=\"noreferrer noopener\" target=\"_blank\" href=\"https:\/\/ameliarueda.com\/noticia\/remodelacion-parque-central-648-millones-cafeteria-sotano-kiosco-noticias-costa-rica\"><\/a>\u200b<\/p>\n\n\n\n<h2 class=\"wp-block-heading\" id=\"visin-de-la-municipalidad-de-san-jos\">Visi\u00f3n de la Municipalidad de San Jos\u00e9<\/h2>\n\n\n\n<p>El alcalde Diego Miranda ha se\u00f1alado que el Parque Central es \u201cuna joya\u201d de la capital y que resulta indispensable invertir en su embellecimiento y modernizaci\u00f3n.<a rel=\"noreferrer noopener\" target=\"_blank\" href=\"https:\/\/ameliarueda.com\/noticia\/remodelacion-parque-central-648-millones-cafeteria-sotano-kiosco-noticias-costa-rica\"><\/a>\u200b<br>La habilitaci\u00f3n de la cafeter\u00eda en el s\u00f3tano del kiosco y la mejora del entorno urbano buscan que el espacio tenga uso continuo durante el d\u00eda y la noche, fomentando una ciudad m\u00e1s activa.<a rel=\"noreferrer noopener\" target=\"_blank\" href=\"https:\/\/ameliarueda.com\/noticia\/remodelacion-parque-central-648-millones-cafeteria-sotano-kiosco-noticias-costa-rica\"><\/a>\u200b<br>Miranda indic\u00f3 que tambi\u00e9n se proyectan inversiones similares en la Plaza de las Garant\u00edas Sociales y Plaza V\u00edquez, como parte del mismo plan de revitalizaci\u00f3n urbana.<a rel=\"noreferrer noopener\" target=\"_blank\" href=\"https:\/\/ameliarueda.com\/noticia\/remodelacion-parque-central-648-millones-cafeteria-sotano-kiosco-noticias-costa-rica\"><\/a>\u200b<\/p>\n\n\n\n<h2 class=\"wp-block-heading\" id=\"fuentes-oficiales\">Fuentes oficiales<\/h2>\n\n\n\n<ul class=\"wp-block-list\">\n<li>Municipalidad de San Jos\u00e9: cartel de licitaci\u00f3n y comunicados sobre el proyecto de remodelaci\u00f3n del Parque Central y la recuperaci\u00f3n de espacios p\u00fablicos.<a href=\"https:\/\/ameliarueda.com\/noticia\/remodelacion-parque-central-648-millones-cafeteria-sotano-kiosco-noticias-costa-rica\" target=\"_blank\" rel=\"noreferrer noopener\"><\/a>\u200b<\/li>\n\n\n\n<li>Unidad de Patrimonio Hist\u00f3rico-Arquitect\u00f3nico: aval t\u00e9cnico a la intervenci\u00f3n del Parque Central como espacio patrimonial.<a href=\"https:\/\/ameliarueda.com\/noticia\/remodelacion-parque-central-648-millones-cafeteria-sotano-kiosco-noticias-costa-rica\" target=\"_blank\" rel=\"noreferrer noopener\"><\/a>\u200b<\/li>\n\n\n\n<li>Declaraciones del alcalde Diego Miranda sobre la inversi\u00f3n, objetivos y alcances de las obras en el Parque Central de San Jos\u00e9.<\/li>\n<\/ul>\n","protected":false},"excerpt":{"rendered":"<p>Remodelaci\u00f3n del Parque Central La intervenci\u00f3n del Parque Central incluye incrementar las \u00e1reas verdes, mejorar la iluminaci\u00f3n, renovar el dise\u00f1o paisaj\u00edstico y modernizar la infraestructura existente.\u200bLas obras est\u00e1n en proceso de licitaci\u00f3n por parte de la Municipalidad de San Jos\u00e9 y se espera que inicien en los pr\u00f3ximos meses, una vez adjudicado el contrato.\u200bEl proyecto [&hellip;]<\/p>\n","protected":false},"author":16,"featured_media":11200,"comment_status":"open","ping_status":"open","sticky":false,"template":"","format":"standard","meta":{"footnotes":""},"categories":[87,99],"tags":[],"class_list":["post-11199","post","type-post","status-publish","format-standard","has-post-thumbnail","hentry","category-noticias","category-noticias-nacionales"],"_links":{"self":[{"href":"https:\/\/peopleofcostarica.com\/es\/wp-json\/wp\/v2\/posts\/11199","targetHints":{"allow":["GET"]}}],"collection":[{"href":"https:\/\/peopleofcostarica.com\/es\/wp-json\/wp\/v2\/posts"}],"about":[{"href":"https:\/\/peopleofcostarica.com\/es\/wp-json\/wp\/v2\/types\/post"}],"author":[{"embeddable":true,"href":"https:\/\/peopleofcostarica.com\/es\/wp-json\/wp\/v2\/users\/16"}],"replies":[{"embeddable":true,"href":"https:\/\/peopleofcostarica.com\/es\/wp-json\/wp\/v2\/comments?post=11199"}],"version-history":[{"count":1,"href":"https:\/\/peopleofcostarica.com\/es\/wp-json\/wp\/v2\/posts\/11199\/revisions"}],"predecessor-version":[{"id":11201,"href":"https:\/\/peopleofcostarica.com\/es\/wp-json\/wp\/v2\/posts\/11199\/revisions\/11201"}],"wp:featuredmedia":[{"embeddable":true,"href":"https:\/\/peopleofcostarica.com\/es\/wp-json\/wp\/v2\/media\/11200"}],"wp:attachment":[{"href":"https:\/\/peopleofcostarica.com\/es\/wp-json\/wp\/v2\/media?parent=11199"}],"wp:term":[{"taxonomy":"category","embeddable":true,"href":"https:\/\/peopleofcostarica.com\/es\/wp-json\/wp\/v2\/categories?post=11199"},{"taxonomy":"post_tag","embeddable":true,"href":"https:\/\/peopleofcostarica.com\/es\/wp-json\/wp\/v2\/tags?post=11199"}],"curies":[{"name":"wp","href":"https:\/\/api.w.org\/{rel}","templated":true}]}}