{"id":11190,"date":"2026-03-23T14:33:05","date_gmt":"2026-03-23T20:33:05","guid":{"rendered":"https:\/\/peopleofcostarica.com\/?p=11190"},"modified":"2026-03-23T14:33:07","modified_gmt":"2026-03-23T20:33:07","slug":"costa-rica-asumio-la-presidencia-del-principal-organismo-de-tecnologia-y-telecomunicaciones-de-la-oea","status":"publish","type":"post","link":"https:\/\/peopleofcostarica.com\/es\/costa-rica-asumio-la-presidencia-del-principal-organismo-de-tecnologia-y-telecomunicaciones-de-la-oea\/","title":{"rendered":"Costa Rica asumi\u00f3 la Presidencia del principal organismo de tecnolog\u00eda y telecomunicaciones de la OEA"},"content":{"rendered":"\n<h2 class=\"wp-block-heading\" id=\"costa-rica-al-frente-de-la-citel-de-la-oea\">Costa Rica al frente de la CITEL de la OEA<\/h2>\n\n\n\n<p>El pa\u00eds asumi\u00f3 formalmente la Presidencia del Comit\u00e9 Directivo Permanente de la Comisi\u00f3n Interamericana de Telecomunicaciones (COM\/CITEL), \u00f3rgano especializado de la OEA en telecomunicaciones y tecnolog\u00edas de la informaci\u00f3n y comunicaci\u00f3n.<a rel=\"noreferrer noopener\" target=\"_blank\" href=\"https:\/\/crhoy.com\/tecnologia\/costa-rica-asume-presidencia-del-organismo-de-tecnologia-y-telecomunicaciones-de-la-oea\/\"><\/a>\u200b<br>La designaci\u00f3n se oficializ\u00f3 el 17 de marzo, durante la IX Asamblea de la CITEL y el Foro de Alto Nivel 2030, instancia en la que tambi\u00e9n se conformaron las nuevas comisiones de trabajo.<a rel=\"noreferrer noopener\" target=\"_blank\" href=\"https:\/\/crhoy.com\/tecnologia\/costa-rica-asume-presidencia-del-organismo-de-tecnologia-y-telecomunicaciones-de-la-oea\/\"><\/a>\u200b<br>Con este nombramiento, Costa Rica tendr\u00e1 un rol central en la coordinaci\u00f3n de pol\u00edticas y posturas regionales en materia de conectividad, espectro radioel\u00e9ctrico, servicios digitales y regulaci\u00f3n tecnol\u00f3gica.<a rel=\"noreferrer noopener\" target=\"_blank\" href=\"https:\/\/crhoy.com\/tecnologia\/costa-rica-asume-presidencia-del-organismo-de-tecnologia-y-telecomunicaciones-de-la-oea\/\"><\/a>\u200b<\/p>\n\n\n\n<h2 class=\"wp-block-heading\" id=\"rol-y-alcance-de-la-presidencia\">Rol y alcance de la Presidencia<\/h2>\n\n\n\n<p>Durante los pr\u00f3ximos cuatro a\u00f1os, Costa Rica dirigir\u00e1 la agenda digital regional de las Am\u00e9ricas en el marco de la CITEL, coordinando posiciones comunes ante organismos globales como la Uni\u00f3n Internacional de Telecomunicaciones (UIT).<a rel=\"noreferrer noopener\" target=\"_blank\" href=\"https:\/\/crhoy.com\/tecnologia\/costa-rica-asume-presidencia-del-organismo-de-tecnologia-y-telecomunicaciones-de-la-oea\/\"><\/a>\u200b<br>La Presidencia implica conducir las reuniones del Comit\u00e9 Directivo, facilitar consensos entre los Estados miembros y dar seguimiento a los acuerdos t\u00e9cnicos y pol\u00edticos que se adopten.<a rel=\"noreferrer noopener\" target=\"_blank\" href=\"https:\/\/crhoy.com\/tecnologia\/costa-rica-asume-presidencia-del-organismo-de-tecnologia-y-telecomunicaciones-de-la-oea\/\"><\/a>\u200b<br>Este liderazgo regional refuerza el posicionamiento del pa\u00eds como referente en temas de gobernanza digital, regulaci\u00f3n de telecomunicaciones y derechos en entornos digitales.<a rel=\"noreferrer noopener\" target=\"_blank\" href=\"https:\/\/crhoy.com\/tecnologia\/costa-rica-asume-presidencia-del-organismo-de-tecnologia-y-telecomunicaciones-de-la-oea\/\"><\/a>\u200b<\/p>\n\n\n\n<h2 class=\"wp-block-heading\" id=\"prioridades-tecnologa-con-propsito\">Prioridades: \u201ctecnolog\u00eda con prop\u00f3sito\u201d<\/h2>\n\n\n\n<p>A trav\u00e9s del Ministerio de Ciencia, Innovaci\u00f3n, Tecnolog\u00eda y Telecomunicaciones (Micitt), Costa Rica impulsar\u00e1 un mandato centrado en la idea de \u201ctecnolog\u00eda con prop\u00f3sito\u201d.<a rel=\"noreferrer noopener\" target=\"_blank\" href=\"https:\/\/crhoy.com\/tecnologia\/costa-rica-asume-presidencia-del-organismo-de-tecnologia-y-telecomunicaciones-de-la-oea\/\"><\/a>\u200b<br>Las prioridades incluyen fortalecer la seguridad digital, promover el uso \u00e9tico de las tecnolog\u00edas y ampliar la conectividad en territorios vulnerables y comunidades hist\u00f3ricamente rezagadas.<a rel=\"noreferrer noopener\" target=\"_blank\" href=\"https:\/\/crhoy.com\/tecnologia\/costa-rica-asume-presidencia-del-organismo-de-tecnologia-y-telecomunicaciones-de-la-oea\/\"><\/a>\u200b<br>El enfoque tambi\u00e9n busca que la transformaci\u00f3n digital contribuya a objetivos de desarrollo sostenible, inclusi\u00f3n social y reducci\u00f3n de brechas.<a rel=\"noreferrer noopener\" target=\"_blank\" href=\"https:\/\/crhoy.com\/tecnologia\/costa-rica-asume-presidencia-del-organismo-de-tecnologia-y-telecomunicaciones-de-la-oea\/\"><\/a>\u200b<\/p>\n\n\n\n<h2 class=\"wp-block-heading\" id=\"mensaje-oficial-de-costa-rica\">Mensaje oficial de Costa Rica<\/h2>\n\n\n\n<p>La ministra de Ciencia y Tecnolog\u00eda, Paula Bogantes, afirm\u00f3 que Costa Rica asume esta presidencia \u201ccon esp\u00edritu de di\u00e1logo, cooperaci\u00f3n y continuidad\u201d, con la meta de consolidar a CITEL como un espacio t\u00e9cnico s\u00f3lido para la coordinaci\u00f3n regional.<a rel=\"noreferrer noopener\" target=\"_blank\" href=\"https:\/\/crhoy.com\/tecnologia\/costa-rica-asume-presidencia-del-organismo-de-tecnologia-y-telecomunicaciones-de-la-oea\/\"><\/a>\u200b<br>En su discurso, subray\u00f3 la importancia de trabajar de manera conjunta entre pa\u00edses para abordar desaf\u00edos como ciberseguridad, regulaci\u00f3n de nuevas tecnolog\u00edas e inclusi\u00f3n de m\u00e1s personas en el ecosistema digital.<a rel=\"noreferrer noopener\" target=\"_blank\" href=\"https:\/\/crhoy.com\/tecnologia\/costa-rica-asume-presidencia-del-organismo-de-tecnologia-y-telecomunicaciones-de-la-oea\/\"><\/a>\u200b<br>El pa\u00eds se comprometi\u00f3 a liderar una agenda basada en la colaboraci\u00f3n y la transparencia, involucrando a gobiernos, sector privado, academia y sociedad civil.<a rel=\"noreferrer noopener\" target=\"_blank\" href=\"https:\/\/crhoy.com\/tecnologia\/costa-rica-asume-presidencia-del-organismo-de-tecnologia-y-telecomunicaciones-de-la-oea\/\"><\/a>\u200b<\/p>\n\n\n\n<h2 class=\"wp-block-heading\" id=\"fuentes-oficiales\">Fuentes oficiales<\/h2>\n\n\n\n<ul class=\"wp-block-list\">\n<li>Comisi\u00f3n Interamericana de Telecomunicaciones (CITEL) de la OEA: informaci\u00f3n institucional sobre su estructura, mandatos y \u00f3rganos de gobierno.<\/li>\n\n\n\n<li>Ministerio de Ciencia, Innovaci\u00f3n, Tecnolog\u00eda y Telecomunicaciones (Micitt): comunicados sobre la Presidencia de la COM\/CITEL y prioridades de \u201ctecnolog\u00eda con prop\u00f3sito\u201d.<a href=\"https:\/\/crhoy.com\/tecnologia\/costa-rica-asume-presidencia-del-organismo-de-tecnologia-y-telecomunicaciones-de-la-oea\/\" target=\"_blank\" rel=\"noreferrer noopener\"><\/a>\u200b<\/li>\n\n\n\n<li>Organizaci\u00f3n de los Estados Americanos (OEA): notas y documentos sobre la IX Asamblea de la CITEL y el Foro de Alto Nivel 2030.<\/li>\n<\/ul>\n","protected":false},"excerpt":{"rendered":"<p>Costa Rica al frente de la CITEL de la OEA El pa\u00eds asumi\u00f3 formalmente la Presidencia del Comit\u00e9 Directivo Permanente de la Comisi\u00f3n Interamericana de Telecomunicaciones (COM\/CITEL), \u00f3rgano especializado de la OEA en telecomunicaciones y tecnolog\u00edas de la informaci\u00f3n y comunicaci\u00f3n.\u200bLa designaci\u00f3n se oficializ\u00f3 el 17 de marzo, durante la IX Asamblea de la CITEL [&hellip;]<\/p>\n","protected":false},"author":16,"featured_media":11191,"comment_status":"open","ping_status":"open","sticky":false,"template":"","format":"standard","meta":{"footnotes":""},"categories":[87],"tags":[],"class_list":["post-11190","post","type-post","status-publish","format-standard","has-post-thumbnail","hentry","category-noticias"],"_links":{"self":[{"href":"https:\/\/peopleofcostarica.com\/es\/wp-json\/wp\/v2\/posts\/11190","targetHints":{"allow":["GET"]}}],"collection":[{"href":"https:\/\/peopleofcostarica.com\/es\/wp-json\/wp\/v2\/posts"}],"about":[{"href":"https:\/\/peopleofcostarica.com\/es\/wp-json\/wp\/v2\/types\/post"}],"author":[{"embeddable":true,"href":"https:\/\/peopleofcostarica.com\/es\/wp-json\/wp\/v2\/users\/16"}],"replies":[{"embeddable":true,"href":"https:\/\/peopleofcostarica.com\/es\/wp-json\/wp\/v2\/comments?post=11190"}],"version-history":[{"count":1,"href":"https:\/\/peopleofcostarica.com\/es\/wp-json\/wp\/v2\/posts\/11190\/revisions"}],"predecessor-version":[{"id":11192,"href":"https:\/\/peopleofcostarica.com\/es\/wp-json\/wp\/v2\/posts\/11190\/revisions\/11192"}],"wp:featuredmedia":[{"embeddable":true,"href":"https:\/\/peopleofcostarica.com\/es\/wp-json\/wp\/v2\/media\/11191"}],"wp:attachment":[{"href":"https:\/\/peopleofcostarica.com\/es\/wp-json\/wp\/v2\/media?parent=11190"}],"wp:term":[{"taxonomy":"category","embeddable":true,"href":"https:\/\/peopleofcostarica.com\/es\/wp-json\/wp\/v2\/categories?post=11190"},{"taxonomy":"post_tag","embeddable":true,"href":"https:\/\/peopleofcostarica.com\/es\/wp-json\/wp\/v2\/tags?post=11190"}],"curies":[{"name":"wp","href":"https:\/\/api.w.org\/{rel}","templated":true}]}}