{"id":11181,"date":"2026-03-23T14:26:14","date_gmt":"2026-03-23T20:26:14","guid":{"rendered":"https:\/\/peopleofcostarica.com\/?p=11181"},"modified":"2026-03-23T14:26:16","modified_gmt":"2026-03-23T20:26:16","slug":"nueva-moneda-coleccionable-dedicada-a-la-basilica","status":"publish","type":"post","link":"https:\/\/peopleofcostarica.com\/es\/nueva-moneda-coleccionable-dedicada-a-la-basilica\/","title":{"rendered":"Nueva moneda coleccionable dedicada a la Bas\u00edlica"},"content":{"rendered":"\n<p>Se trata de la quinta moneda coleccionable de \u20a125 de la serie emitida por el Banco Central de Costa Rica (BCCR), en esta ocasi\u00f3n alusiva a la Bas\u00edlica de los \u00c1ngeles, principal santuario cat\u00f3lico del pa\u00eds y s\u00edmbolo de la provincia de Cartago.<a rel=\"noreferrer noopener\" target=\"_blank\" href=\"https:\/\/crhoy.com\/economia\/moneda-coleccionable-de-%E2%82%A125-honra-a-la-basilica-de-los-angeles-sale-a-la-venta-el-miercoles\/\"><\/a>\u200b<br>En el reverso de la pieza aparecen los textos \u201cProvincia de Cartago\u201d, \u201cBas\u00edlica de Nuestra Se\u00f1ora de los \u00c1ngeles\u201d y \u201c2023\u201d, acompa\u00f1ados de una representaci\u00f3n de la bas\u00edlica, resaltando su valor hist\u00f3rico y religioso.<a rel=\"noreferrer noopener\" target=\"_blank\" href=\"https:\/\/crhoy.com\/economia\/moneda-coleccionable-de-%E2%82%A125-honra-a-la-basilica-de-los-angeles-sale-a-la-venta-el-miercoles\/\"><\/a>\u200b<br>La moneda honra tambi\u00e9n la tradici\u00f3n de la romer\u00eda anual, una de las manifestaciones de fe m\u00e1s importantes de Costa Rica.<a rel=\"noreferrer noopener\" target=\"_blank\" href=\"https:\/\/crhoy.com\/economia\/moneda-coleccionable-de-%E2%82%A125-honra-a-la-basilica-de-los-angeles-sale-a-la-venta-el-miercoles\/\"><\/a>\u200b<\/p>\n\n\n\n<h2 class=\"wp-block-heading\" id=\"caractersticas-precio-y-presentaciones\">Caracter\u00edsticas, precio y presentaciones<\/h2>\n\n\n\n<p>El BCCR inform\u00f3 que se acu\u00f1aron 10.000 monedas en presentaci\u00f3n de acr\u00edlico y 7.000 en estuche, todas con un precio de \u20a19.050 por unidad, independientemente del tipo de empaque.<a rel=\"noreferrer noopener\" target=\"_blank\" href=\"https:\/\/crhoy.com\/economia\/moneda-coleccionable-de-%E2%82%A125-honra-a-la-basilica-de-los-angeles-sale-a-la-venta-el-miercoles\/\"><\/a>\u200b<br>Estas monedas se vender\u00e1n exclusivamente a trav\u00e9s de las entidades financieras autorizadas por el Banco Central, que recibir\u00e1n cantidades definidas seg\u00fan sus requerimientos.<a rel=\"noreferrer noopener\" target=\"_blank\" href=\"https:\/\/crhoy.com\/economia\/moneda-coleccionable-de-%E2%82%A125-honra-a-la-basilica-de-los-angeles-sale-a-la-venta-el-miercoles\/\"><\/a>\u200b<br>En el anverso se leen las leyendas \u201cRep\u00fablica de Costa Rica\u201d y \u201cBanco Central de Costa Rica\u201d, adem\u00e1s de dos barras en alto relieve en la parte inferior para facilitar su reconocimiento al tacto, con canto liso.<a rel=\"noreferrer noopener\" target=\"_blank\" href=\"https:\/\/crhoy.com\/economia\/moneda-coleccionable-de-%E2%82%A125-honra-a-la-basilica-de-los-angeles-sale-a-la-venta-el-miercoles\/\"><\/a>\u200b<\/p>\n\n\n\n<h2 class=\"wp-block-heading\" id=\"lmites-de-compra-y-distribucin\">L\u00edmites de compra y distribuci\u00f3n<\/h2>\n\n\n\n<p>Para facilitar que m\u00e1s personas puedan adquirirla, el Banco Central estableci\u00f3 un m\u00e1ximo de dos monedas por persona, sin importar si se elige acr\u00edlico o estuche.<a rel=\"noreferrer noopener\" target=\"_blank\" href=\"https:\/\/crhoy.com\/economia\/moneda-coleccionable-de-%E2%82%A125-honra-a-la-basilica-de-los-angeles-sale-a-la-venta-el-miercoles\/\"><\/a>\u200b<br>Cada entidad financiera decidir\u00e1 en cu\u00e1les sucursales o puntos de atenci\u00f3n se ofrecer\u00e1 la moneda y cu\u00e1ntas unidades de cada presentaci\u00f3n estar\u00e1n disponibles en cada lugar.<a rel=\"noreferrer noopener\" target=\"_blank\" href=\"https:\/\/crhoy.com\/economia\/moneda-coleccionable-de-%E2%82%A125-honra-a-la-basilica-de-los-angeles-sale-a-la-venta-el-miercoles\/\"><\/a>\u200b<br>El BCCR enfatiza que se trata de una emisi\u00f3n limitada, por lo que recomienda a las personas interesadas informarse directamente en su entidad financiera de preferencia.<a rel=\"noreferrer noopener\" target=\"_blank\" href=\"https:\/\/crhoy.com\/economia\/moneda-coleccionable-de-%E2%82%A125-honra-a-la-basilica-de-los-angeles-sale-a-la-venta-el-miercoles\/\"><\/a>\u200b<\/p>\n\n\n\n<h2 class=\"wp-block-heading\" id=\"moneda-de-circulacin-regular-de-25\">Moneda de circulaci\u00f3n regular de \u20a125<\/h2>\n\n\n\n<p>Adem\u00e1s de la pieza coleccionable, el Banco Central pondr\u00e1 en circulaci\u00f3n una moneda de \u20a125 de uso regular, sin aplicaci\u00f3n de colores, que servir\u00e1 como medio de pago en todo el pa\u00eds.<a rel=\"noreferrer noopener\" target=\"_blank\" href=\"https:\/\/crhoy.com\/economia\/moneda-coleccionable-de-%E2%82%A125-honra-a-la-basilica-de-los-angeles-sale-a-la-venta-el-miercoles\/\"><\/a>\u200b<br>La distribuci\u00f3n de esta moneda iniciar\u00e1 tambi\u00e9n el 25 de marzo por medio de las entidades del sistema financiero nacional, que canalizan los requerimientos de personas y empresas.<a rel=\"noreferrer noopener\" target=\"_blank\" href=\"https:\/\/crhoy.com\/economia\/moneda-coleccionable-de-%E2%82%A125-honra-a-la-basilica-de-los-angeles-sale-a-la-venta-el-miercoles\/\"><\/a>\u200b<br>Como parte del proceso de sustituci\u00f3n del dise\u00f1o anterior, el BCCR insta al p\u00fablico a facilitar la circulaci\u00f3n de las nuevas monedas para normalizar gradualmente la disponibilidad de esta denominaci\u00f3n.<a rel=\"noreferrer noopener\" target=\"_blank\" href=\"https:\/\/crhoy.com\/economia\/moneda-coleccionable-de-%E2%82%A125-honra-a-la-basilica-de-los-angeles-sale-a-la-venta-el-miercoles\/\"><\/a>\u200b<\/p>\n\n\n\n<h2 class=\"wp-block-heading\">Fuentes oficiales <\/h2>\n\n\n\n<ul class=\"wp-block-list\">\n<li>Comunicado del Banco Central de Costa Rica sobre la moneda coleccionable de \u20a125 alusiva a la Bas\u00edlica de los \u00c1ngeles y la nueva moneda de circulaci\u00f3n.<a href=\"https:\/\/crhoy.com\/economia\/moneda-coleccionable-de-%E2%82%A125-honra-a-la-basilica-de-los-angeles-sale-a-la-venta-el-miercoles\/\" target=\"_blank\" rel=\"noreferrer noopener\"><\/a>\u200b<\/li>\n\n\n\n<li>Informaci\u00f3n que publiquen en sus canales las entidades financieras autorizadas sobre puntos de venta y disponibilidad de la moneda coleccionable.<\/li>\n<\/ul>\n","protected":false},"excerpt":{"rendered":"<p>Se trata de la quinta moneda coleccionable de \u20a125 de la serie emitida por el Banco Central de Costa Rica (BCCR), en esta ocasi\u00f3n alusiva a la Bas\u00edlica de los \u00c1ngeles, principal santuario cat\u00f3lico del pa\u00eds y s\u00edmbolo de la provincia de Cartago.\u200bEn el reverso de la pieza aparecen los textos \u201cProvincia de Cartago\u201d, \u201cBas\u00edlica [&hellip;]<\/p>\n","protected":false},"author":16,"featured_media":11182,"comment_status":"open","ping_status":"open","sticky":false,"template":"","format":"standard","meta":{"footnotes":""},"categories":[87,99],"tags":[],"class_list":["post-11181","post","type-post","status-publish","format-standard","has-post-thumbnail","hentry","category-noticias","category-noticias-nacionales"],"_links":{"self":[{"href":"https:\/\/peopleofcostarica.com\/es\/wp-json\/wp\/v2\/posts\/11181","targetHints":{"allow":["GET"]}}],"collection":[{"href":"https:\/\/peopleofcostarica.com\/es\/wp-json\/wp\/v2\/posts"}],"about":[{"href":"https:\/\/peopleofcostarica.com\/es\/wp-json\/wp\/v2\/types\/post"}],"author":[{"embeddable":true,"href":"https:\/\/peopleofcostarica.com\/es\/wp-json\/wp\/v2\/users\/16"}],"replies":[{"embeddable":true,"href":"https:\/\/peopleofcostarica.com\/es\/wp-json\/wp\/v2\/comments?post=11181"}],"version-history":[{"count":1,"href":"https:\/\/peopleofcostarica.com\/es\/wp-json\/wp\/v2\/posts\/11181\/revisions"}],"predecessor-version":[{"id":11183,"href":"https:\/\/peopleofcostarica.com\/es\/wp-json\/wp\/v2\/posts\/11181\/revisions\/11183"}],"wp:featuredmedia":[{"embeddable":true,"href":"https:\/\/peopleofcostarica.com\/es\/wp-json\/wp\/v2\/media\/11182"}],"wp:attachment":[{"href":"https:\/\/peopleofcostarica.com\/es\/wp-json\/wp\/v2\/media?parent=11181"}],"wp:term":[{"taxonomy":"category","embeddable":true,"href":"https:\/\/peopleofcostarica.com\/es\/wp-json\/wp\/v2\/categories?post=11181"},{"taxonomy":"post_tag","embeddable":true,"href":"https:\/\/peopleofcostarica.com\/es\/wp-json\/wp\/v2\/tags?post=11181"}],"curies":[{"name":"wp","href":"https:\/\/api.w.org\/{rel}","templated":true}]}}