{"id":11170,"date":"2026-03-23T14:14:51","date_gmt":"2026-03-23T20:14:51","guid":{"rendered":"https:\/\/peopleofcostarica.com\/?p=11170"},"modified":"2026-03-23T14:16:29","modified_gmt":"2026-03-23T20:16:29","slug":"costa-rica-fue-reconocida-como-mejor-destino-de-naturaleza-en-la-primera-edicion-de-los-forbes-travel-awards-2026","status":"publish","type":"post","link":"https:\/\/peopleofcostarica.com\/es\/costa-rica-fue-reconocida-como-mejor-destino-de-naturaleza-en-la-primera-edicion-de-los-forbes-travel-awards-2026\/","title":{"rendered":"Costa Rica fue reconocida como \u201cMejor Destino de Naturaleza\u201d en la primera edici\u00f3n de los Forbes Travel Awards 2026"},"content":{"rendered":"\n<h2 class=\"wp-block-heading\" id=\"reconocimiento-de-forbes-travel-awards-2026\">Reconocimiento de Forbes Travel Awards 2026<\/h2>\n\n\n\n<p>El 17 de marzo de 2026, en una gala realizada en Madrid, Espa\u00f1a, Forbes entreg\u00f3 a Costa Rica el premio a Mejor Destino de Naturaleza en los Forbes Travel Awards, uno de los galardones editoriales m\u00e1s influyentes de la industria tur\u00edstica.<br>La distinci\u00f3n posiciona al pa\u00eds junto a otros destinos de alto perfil premiados en categor\u00edas como mejor destino internacional, mejor destino cultural y mejor destino de negocios.<br>La representaci\u00f3n oficial de Costa Rica en la ceremonia estuvo a cargo de la ministra consejera Guisella S\u00e1nchez Castillo, de la embajada en Espa\u00f1a.<a rel=\"noreferrer noopener\" target=\"_blank\" href=\"https:\/\/www.infobae.com\/costa-rica\/2026\/03\/22\/costa-rica-brilla-en-los-forbes-travel-awards-2026-y-se-corona-como-el-mejor-destino-de-naturaleza\/\"><\/a>\u200b<\/p>\n\n\n\n<h2 class=\"wp-block-heading\" id=\"por-qu-costa-rica-fue-premiada\">Por qu\u00e9 Costa Rica fue premiada<\/h2>\n\n\n\n<p>Seg\u00fan Forbes y el Instituto Costarricense de Turismo (ICT), entre los factores clave para este reconocimiento destacan que Costa Rica alberga aproximadamente el 6,5% de la biodiversidad mundial y protege m\u00e1s del 25% de su territorio mediante parques nacionales y \u00e1reas de conservaci\u00f3n.<br>El comit\u00e9 editorial valor\u00f3 especialmente el modelo de turismo sostenible del pa\u00eds, basado en la combinaci\u00f3n de naturaleza, conservaci\u00f3n, innovaci\u00f3n y experiencias que generan un impacto positivo y regenerativo en las comunidades locales.<br>Forbes subray\u00f3 la excelencia del destino en aspectos como la calidad de sus entornos naturales, la gesti\u00f3n responsable de los recursos y la proyecci\u00f3n internacional de la marca pa\u00eds Esencial Costa Rica.<\/p>\n\n\n\n<h2 class=\"wp-block-heading\" id=\"turismo-sostenible-como-poltica-de-estado\">Turismo sostenible como pol\u00edtica de Estado<\/h2>\n\n\n\n<p>El ICT record\u00f3 que Costa Rica ha apostado durante d\u00e9cadas por un modelo tur\u00edstico sustentable, respaldado por instrumentos como la Certificaci\u00f3n de Sostenibilidad Tur\u00edstica (CST) y la promoci\u00f3n de empresas que incorporan pr\u00e1cticas responsables.<br>Solo en 2024, 134 empresas tur\u00edsticas fueron reconocidas por el ICT por su compromiso con la sostenibilidad, lo que refuerza la coherencia entre el discurso ambiental y la operaci\u00f3n diaria del sector.<a rel=\"noreferrer noopener\" target=\"_blank\" href=\"https:\/\/newsinamerica.com\/pdcc\/turismo\/2026\/ict-galardono-a-134-empresas-turisticas-por-su-compromiso-con-la-sostenibilidad\/\"><\/a>\u200b<br>Para las autoridades, el premio de Forbes confirma que este enfoque ha permitido al pa\u00eds ser exitoso en el mercado tur\u00edstico global sin sacrificar su riqueza natural.<\/p>\n\n\n\n<h2 class=\"wp-block-heading\" id=\"declaraciones-oficiales-y-proyeccin-internacional\">Declaraciones oficiales y proyecci\u00f3n internacional<\/h2>\n\n\n\n<p>El ministro de Turismo, William Rodr\u00edguez, destac\u00f3 que el reconocimiento invita a \u201creforzar nuestro modelo tur\u00edstico sostenible\u201d y seguir ofreciendo experiencias que permitan a los visitantes \u201cvivir lo verdaderamente esencial\u201d y reconectar con la naturaleza.<br>El ICT celebr\u00f3 el galard\u00f3n como una reafirmaci\u00f3n del liderazgo internacional de Costa Rica en turismo responsable, biodiversidad y bienestar, e hizo \u00e9nfasis en que se trata de un logro de todo el sector.<br>En Europa, el premio coincide con un crecimiento del 9% en la llegada de turistas europeos por v\u00eda a\u00e9rea en el primer bimestre de 2026, lo que refuerza el posicionamiento del pa\u00eds en ese mercado.<\/p>\n\n\n\n<h2 class=\"wp-block-heading\">Fuentes oficiales <\/h2>\n\n\n\n<ul class=\"wp-block-list\">\n<li>Instituto Costarricense de Turismo (ICT) y sus comunicados en redes sociales sobre el premio de Forbes y el liderazgo en turismo sostenible.<\/li>\n\n\n\n<li>Forbes Travel Awards 2026 y notas explicativas sobre los criterios y ganadores de la edici\u00f3n.<\/li>\n\n\n\n<li>Cobertura de medios como Telediario, Infobae y The Tico Times que detallan el reconocimiento, las cifras de biodiversidad y el modelo tur\u00edstico costarricense.<\/li>\n<\/ul>\n","protected":false},"excerpt":{"rendered":"<p>Reconocimiento de Forbes Travel Awards 2026 El 17 de marzo de 2026, en una gala realizada en Madrid, Espa\u00f1a, Forbes entreg\u00f3 a Costa Rica el premio a Mejor Destino de Naturaleza en los Forbes Travel Awards, uno de los galardones editoriales m\u00e1s influyentes de la industria tur\u00edstica.La distinci\u00f3n posiciona al pa\u00eds junto a otros destinos [&hellip;]<\/p>\n","protected":false},"author":16,"featured_media":11171,"comment_status":"open","ping_status":"open","sticky":false,"template":"","format":"standard","meta":{"footnotes":""},"categories":[93,103],"tags":[],"class_list":["post-11170","post","type-post","status-publish","format-standard","has-post-thumbnail","hentry","category-costa-rica-en-el-mundo","category-turismo-y-cultura"],"_links":{"self":[{"href":"https:\/\/peopleofcostarica.com\/es\/wp-json\/wp\/v2\/posts\/11170","targetHints":{"allow":["GET"]}}],"collection":[{"href":"https:\/\/peopleofcostarica.com\/es\/wp-json\/wp\/v2\/posts"}],"about":[{"href":"https:\/\/peopleofcostarica.com\/es\/wp-json\/wp\/v2\/types\/post"}],"author":[{"embeddable":true,"href":"https:\/\/peopleofcostarica.com\/es\/wp-json\/wp\/v2\/users\/16"}],"replies":[{"embeddable":true,"href":"https:\/\/peopleofcostarica.com\/es\/wp-json\/wp\/v2\/comments?post=11170"}],"version-history":[{"count":1,"href":"https:\/\/peopleofcostarica.com\/es\/wp-json\/wp\/v2\/posts\/11170\/revisions"}],"predecessor-version":[{"id":11172,"href":"https:\/\/peopleofcostarica.com\/es\/wp-json\/wp\/v2\/posts\/11170\/revisions\/11172"}],"wp:featuredmedia":[{"embeddable":true,"href":"https:\/\/peopleofcostarica.com\/es\/wp-json\/wp\/v2\/media\/11171"}],"wp:attachment":[{"href":"https:\/\/peopleofcostarica.com\/es\/wp-json\/wp\/v2\/media?parent=11170"}],"wp:term":[{"taxonomy":"category","embeddable":true,"href":"https:\/\/peopleofcostarica.com\/es\/wp-json\/wp\/v2\/categories?post=11170"},{"taxonomy":"post_tag","embeddable":true,"href":"https:\/\/peopleofcostarica.com\/es\/wp-json\/wp\/v2\/tags?post=11170"}],"curies":[{"name":"wp","href":"https:\/\/api.w.org\/{rel}","templated":true}]}}