{"id":11149,"date":"2026-03-23T14:00:36","date_gmt":"2026-03-23T20:00:36","guid":{"rendered":"https:\/\/peopleofcostarica.com\/?p=11149"},"modified":"2026-03-23T14:05:09","modified_gmt":"2026-03-23T20:05:09","slug":"la-seleccion-femenina-sub-17-de-costa-rica-quedo-eliminada-del-proceso-rumbo-al-mundial-de-marruecos-2026","status":"publish","type":"post","link":"https:\/\/peopleofcostarica.com\/es\/la-seleccion-femenina-sub-17-de-costa-rica-quedo-eliminada-del-proceso-rumbo-al-mundial-de-marruecos-2026\/","title":{"rendered":"La Selecci\u00f3n Femenina Sub-17 de Costa Rica qued\u00f3 eliminada del proceso rumbo al Mundial de Marruecos 2026"},"content":{"rendered":"\n<h2 class=\"wp-block-heading\" id=\"derrota-ante-mxico-y-adis-al-mundial\">Derrota ante M\u00e9xico y adi\u00f3s al Mundial<\/h2>\n\n\n\n<p>La Tricolor Sub-17 llegaba a su \u00faltimo partido del Grupo C con la obligaci\u00f3n de sumar al menos un empate frente a M\u00e9xico para conservar opciones de clasificar al Mundial.<br>Sin embargo, el combinado mexicano se impuso 2-0 con anotaciones en los minutos 43 y 81, resultado que asegur\u00f3 su pase directo a la Copa del Mundo de Marruecos 2026.<br>Con esta derrota, Costa Rica se despidi\u00f3 del sue\u00f1o mundialista pese a haber sido anfitriona de esta fase final en la sede de la Federaci\u00f3n Costarricense de F\u00fatbol.<\/p>\n\n\n\n<h2 class=\"wp-block-heading\" id=\"campaa-de-costa-rica-en-el-grupo-c\">Campa\u00f1a de Costa Rica en el Grupo C<\/h2>\n\n\n\n<p>En la fase de grupos, Costa Rica integr\u00f3 el Grupo C junto a M\u00e9xico, Panam\u00e1 y Jamaica, dentro de las Clasificatorias Femeninas Sub-17 de Concacaf 2026.<a rel=\"noreferrer noopener\" target=\"_blank\" href=\"https:\/\/en.wikipedia.org\/wiki\/2026_CONCACAF_U-17_Women&#039;s_World_Cup_qualification_%E2%80%93_Final_round\"><\/a>\u200b<br>La Sele sum\u00f3 dos victorias previas, incluyendo un triunfo 3-1 sobre Panam\u00e1, y lleg\u00f3 al duelo decisivo con seis puntos y una diferencia de gol positiva.<br>No obstante, el rendimiento no fue suficiente para avanzar como mejor segunda, y el cierre con derrota frente a M\u00e9xico dej\u00f3 al equipo fuera de los puestos de clasificaci\u00f3n mundialista.<\/p>\n\n\n\n<h2 class=\"wp-block-heading\" id=\"mxico-asegura-el-boleto-a-marruecos-2026\">M\u00e9xico asegura el boleto a Marruecos 2026<\/h2>\n\n\n\n<p>M\u00e9xico, por su parte, complet\u00f3 una fase perfecta en el Grupo C con tres victorias en tres partidos, una ofensiva productiva y una defensa s\u00f3lida, lo que le permiti\u00f3 adjudicarse el \u00fanico boleto directo disponible en esta llave.<br>El triunfo ante Costa Rica confirm\u00f3 al conjunto mexicano como l\u00edder del grupo y clasificado al Mundial Sub-17 Femenino que se disputar\u00e1 del 17 de octubre al 7 de noviembre de 2026 en Marruecos.<br>Diversos medios mexicanos han se\u00f1alado que este resultado reafirma el buen momento de los procesos juveniles femeninos en ese pa\u00eds.<\/p>\n\n\n\n<h2 class=\"wp-block-heading\" id=\"balance-para-el-ftbol-femenino-juvenil-de-costa-ri\">Balance para el f\u00fatbol femenino juvenil de Costa Rica<\/h2>\n\n\n\n<p>A pesar de no conseguir la clasificaci\u00f3n, la selecci\u00f3n costarricense mostr\u00f3 pasajes de buen nivel competitivo y consigui\u00f3 ganar dos de sus tres encuentros en el grupo.<br>La eliminaci\u00f3n ha reavivado el debate sobre la necesidad de fortalecer las ligas de formaci\u00f3n, la infraestructura y la inversi\u00f3n en el f\u00fatbol femenino en Costa Rica.<br>Analistas locales coinciden en que el reto ser\u00e1 capitalizar la experiencia de este proceso para mejorar la preparaci\u00f3n de futuras generaciones en las categor\u00edas juveniles.<\/p>\n\n\n\n<h2 class=\"wp-block-heading\">Fuentes oficiales <\/h2>\n\n\n\n<ul class=\"wp-block-list\">\n<li>Concacaf, secci\u00f3n de Clasificatorias Femeninas Sub-17 2026 y tablas oficiales del Grupo C.<\/li>\n\n\n\n<li>Cobertura de medios costarricenses como CRHoy, La Naci\u00f3n y Everardo Herrera, con cr\u00f3nicas del partido ante M\u00e9xico y an\u00e1lisis de la eliminaci\u00f3n.<\/li>\n\n\n\n<li>Medios internacionales y especializados que reportan la clasificaci\u00f3n de M\u00e9xico al Mundial Sub-17 Femenino de Marruecos 2026.<\/li>\n<\/ul>\n","protected":false},"excerpt":{"rendered":"<p>Derrota ante M\u00e9xico y adi\u00f3s al Mundial La Tricolor Sub-17 llegaba a su \u00faltimo partido del Grupo C con la obligaci\u00f3n de sumar al menos un empate frente a M\u00e9xico para conservar opciones de clasificar al Mundial.Sin embargo, el combinado mexicano se impuso 2-0 con anotaciones en los minutos 43 y 81, resultado que asegur\u00f3 [&hellip;]<\/p>\n","protected":false},"author":16,"featured_media":11152,"comment_status":"open","ping_status":"open","sticky":false,"template":"","format":"standard","meta":{"footnotes":""},"categories":[87,101],"tags":[],"class_list":["post-11149","post","type-post","status-publish","format-standard","has-post-thumbnail","hentry","category-noticias","category-deportes"],"_links":{"self":[{"href":"https:\/\/peopleofcostarica.com\/es\/wp-json\/wp\/v2\/posts\/11149","targetHints":{"allow":["GET"]}}],"collection":[{"href":"https:\/\/peopleofcostarica.com\/es\/wp-json\/wp\/v2\/posts"}],"about":[{"href":"https:\/\/peopleofcostarica.com\/es\/wp-json\/wp\/v2\/types\/post"}],"author":[{"embeddable":true,"href":"https:\/\/peopleofcostarica.com\/es\/wp-json\/wp\/v2\/users\/16"}],"replies":[{"embeddable":true,"href":"https:\/\/peopleofcostarica.com\/es\/wp-json\/wp\/v2\/comments?post=11149"}],"version-history":[{"count":1,"href":"https:\/\/peopleofcostarica.com\/es\/wp-json\/wp\/v2\/posts\/11149\/revisions"}],"predecessor-version":[{"id":11151,"href":"https:\/\/peopleofcostarica.com\/es\/wp-json\/wp\/v2\/posts\/11149\/revisions\/11151"}],"wp:featuredmedia":[{"embeddable":true,"href":"https:\/\/peopleofcostarica.com\/es\/wp-json\/wp\/v2\/media\/11152"}],"wp:attachment":[{"href":"https:\/\/peopleofcostarica.com\/es\/wp-json\/wp\/v2\/media?parent=11149"}],"wp:term":[{"taxonomy":"category","embeddable":true,"href":"https:\/\/peopleofcostarica.com\/es\/wp-json\/wp\/v2\/categories?post=11149"},{"taxonomy":"post_tag","embeddable":true,"href":"https:\/\/peopleofcostarica.com\/es\/wp-json\/wp\/v2\/tags?post=11149"}],"curies":[{"name":"wp","href":"https:\/\/api.w.org\/{rel}","templated":true}]}}