{"id":11008,"date":"2026-03-19T15:33:28","date_gmt":"2026-03-19T21:33:28","guid":{"rendered":"https:\/\/peopleofcostarica.com\/?p=11008"},"modified":"2026-03-19T15:36:45","modified_gmt":"2026-03-19T21:36:45","slug":"costa-rica-finalizo-su-primera-participacion-en-un-mundial-universitario-de-campo-traviesa-en-italia-2026","status":"publish","type":"post","link":"https:\/\/peopleofcostarica.com\/es\/costa-rica-finalizo-su-primera-participacion-en-un-mundial-universitario-de-campo-traviesa-en-italia-2026\/","title":{"rendered":"Costa Rica finaliz\u00f3 su primera participaci\u00f3n en un Mundial Universitario de Campo Traviesa en Italia 2026"},"content":{"rendered":"\n<h2 class=\"wp-block-heading\" id=\"debut-histrico-de-costa-rica-en-el-mundial-univers\">Debut hist\u00f3rico de Costa Rica en el mundial universitario<\/h2>\n\n\n\n<p>El Campeonato Mundial Universitario de Campo Traviesa 2026 se disput\u00f3 el 14 y 15 de marzo en Cassino, Italia, bajo la organizaci\u00f3n de la Federaci\u00f3n Internacional de Deportes Universitarios (FISU) y la Universidad de los Estudios de Cassino y del Lazio Meridional.<br>Fue la primera vez que Costa Rica particip\u00f3 en este evento, lo que representa un hito para el deporte universitario del pa\u00eds y abre la puerta a futuras presencias en competencias internacionales de alto nivel.<br>La delegaci\u00f3n costarricense estuvo conformada exclusivamente por estudiantes-atletas del Tecnol\u00f3gico de Costa Rica (TEC), en coordinaci\u00f3n con la Federaci\u00f3n Universitaria de Deportes (FedeU).<\/p>\n\n\n\n<h2 class=\"wp-block-heading\" id=\"los-atletas-que-representaron-al-pas\">Los atletas que representaron al pa\u00eds<\/h2>\n\n\n\n<p>Costa Rica estuvo representada por tres atletas universitarios: Salma Villatoro Cantarero en la rama femenina, y Marvin Araya Salazar y Marco G\u00f3mez Angulo en la rama masculina, todos estudiantes del TEC.<br>Villatoro estudia Ingenier\u00eda en Producci\u00f3n Industrial, Araya cursa Administraci\u00f3n de Empresas y G\u00f3mez es estudiante de Ingenier\u00eda en Agronegocios, combinando su formaci\u00f3n acad\u00e9mica con la alta competencia deportiva.<br>El equipo viaj\u00f3 acompa\u00f1ado por el entrenador Johnny Lor\u00eda Solano, con m\u00e1s de tres d\u00e9cadas de experiencia en el atletismo nacional, encargado de la preparaci\u00f3n y el acompa\u00f1amiento t\u00e9cnico en Italia.<\/p>\n\n\n\n<h2 class=\"wp-block-heading\" id=\"resultados-y-experiencia-competitiva-en-italia\">Resultados y experiencia competitiva en Italia<\/h2>\n\n\n\n<p>Los atletas costarricenses compitieron contra delegaciones universitarias de Europa, Am\u00e9rica, \u00c1frica y Asia, en circuitos de campo traviesa dise\u00f1ados para probar tanto la resistencia f\u00edsica como la estrategia de carrera.<br>Seg\u00fan los resultados oficiales publicados por World Athletics y FISU, el fondista Marco G\u00f3mez complet\u00f3 su prueba ubic\u00e1ndose en la posici\u00f3n 40, destacando entre los representantes de Am\u00e9rica Latina en la clasificaci\u00f3n masculina.<a rel=\"noreferrer noopener\" target=\"_blank\" href=\"https:\/\/worldathletics.org\/competition\/calendar-results\/results\/7226158\"><\/a>\u200b<br>M\u00e1s all\u00e1 de las posiciones finales, la participaci\u00f3n fue valorada como una experiencia formativa clave, que permiti\u00f3 a los atletas medirse con rivales de alto nivel y ganar rodaje internacional.<\/p>\n\n\n\n<h2 class=\"wp-block-heading\" id=\"preparacin-juramentacin-y-respaldo-institucional\">Preparaci\u00f3n, juramentaci\u00f3n y respaldo institucional<\/h2>\n\n\n\n<p>La preparaci\u00f3n de la delegaci\u00f3n incluy\u00f3 sesiones espec\u00edficas de campo traviesa y un proceso de selecci\u00f3n interna en el TEC, en coordinaci\u00f3n con el \u00c1rea de Cultura y Deporte de la instituci\u00f3n.<a rel=\"noreferrer noopener\" target=\"_blank\" href=\"https:\/\/www.tec.ac.cr\/tres-atletas-tec-compiten-mundial-universitario-campo-traviesa-italia\"><\/a>\u200b<br>La juramentaci\u00f3n oficial se realiz\u00f3 el 27 de febrero en el campus del Tecnol\u00f3gico de Costa Rica en Cartago, en un acto organizado por FedeU, donde la vicepresidenta Rosaura M\u00e9ndez entreg\u00f3 la bandera nacional a los atletas.<br>Este respaldo institucional refleja el inter\u00e9s de las universidades p\u00fablicas costarricenses en promover el alto rendimiento deportivo como complemento de la formaci\u00f3n acad\u00e9mica.<\/p>\n\n\n\n<h2 class=\"wp-block-heading\" id=\"proyeccin-para-el-deporte-universitario-costarrice\">Proyecci\u00f3n para el deporte universitario costarricense<\/h2>\n\n\n\n<p>La presencia en el Mundial Universitario de Campo Traviesa 2026 se considera un paso importante para consolidar procesos de alto nivel dentro del deporte universitario costarricense.<br>FedeU y el TEC han se\u00f1alado que esta experiencia permitir\u00e1 mejorar la planificaci\u00f3n, la detecci\u00f3n de talento y la proyecci\u00f3n de atletas hacia futuros campeonatos mundiales universitarios y eventos organizados por FISU.<br>El objetivo a mediano plazo es que m\u00e1s centros de educaci\u00f3n superior costarricenses se sumen a estas competencias, ampliando la base de atletas y la presencia internacional del pa\u00eds en diferentes disciplinas.<\/p>\n\n\n\n<h2 class=\"wp-block-heading\">Fuentes oficiales<\/h2>\n\n\n\n<ul class=\"wp-block-list\">\n<li>Tecnol\u00f3gico de Costa Rica (TEC), nota \u201cTres atletas del TEC compiten en Mundial Universitario de Campo Traviesa en Italia\u201d.<a href=\"https:\/\/www.tec.ac.cr\/tres-atletas-tec-compiten-mundial-universitario-campo-traviesa-italia\" target=\"_blank\" rel=\"noreferrer noopener\"><\/a>\u200b<\/li>\n\n\n\n<li>Federaci\u00f3n Universitaria de Deportes (FedeU), comunicados sobre la participaci\u00f3n de Costa Rica en el Campeonato Mundial Universitario de Campo Traviesa 2026.<\/li>\n\n\n\n<li>Art\u00edculos de prensa nacional que detallan la participaci\u00f3n y el contexto del evento, como Delfino.cr y Semanario Universidad.<\/li>\n\n\n\n<li>Resultados oficiales publicados en la plataforma de World Athletics y enlaces difundidos por FISU para el Mundial Universitario de Campo Traviesa.<\/li>\n<\/ul>\n","protected":false},"excerpt":{"rendered":"<p>Debut hist\u00f3rico de Costa Rica en el mundial universitario El Campeonato Mundial Universitario de Campo Traviesa 2026 se disput\u00f3 el 14 y 15 de marzo en Cassino, Italia, bajo la organizaci\u00f3n de la Federaci\u00f3n Internacional de Deportes Universitarios (FISU) y la Universidad de los Estudios de Cassino y del Lazio Meridional.Fue la primera vez que [&hellip;]<\/p>\n","protected":false},"author":16,"featured_media":11009,"comment_status":"open","ping_status":"open","sticky":false,"template":"","format":"standard","meta":{"footnotes":""},"categories":[93],"tags":[],"class_list":["post-11008","post","type-post","status-publish","format-standard","has-post-thumbnail","hentry","category-costa-rica-en-el-mundo"],"_links":{"self":[{"href":"https:\/\/peopleofcostarica.com\/es\/wp-json\/wp\/v2\/posts\/11008","targetHints":{"allow":["GET"]}}],"collection":[{"href":"https:\/\/peopleofcostarica.com\/es\/wp-json\/wp\/v2\/posts"}],"about":[{"href":"https:\/\/peopleofcostarica.com\/es\/wp-json\/wp\/v2\/types\/post"}],"author":[{"embeddable":true,"href":"https:\/\/peopleofcostarica.com\/es\/wp-json\/wp\/v2\/users\/16"}],"replies":[{"embeddable":true,"href":"https:\/\/peopleofcostarica.com\/es\/wp-json\/wp\/v2\/comments?post=11008"}],"version-history":[{"count":1,"href":"https:\/\/peopleofcostarica.com\/es\/wp-json\/wp\/v2\/posts\/11008\/revisions"}],"predecessor-version":[{"id":11010,"href":"https:\/\/peopleofcostarica.com\/es\/wp-json\/wp\/v2\/posts\/11008\/revisions\/11010"}],"wp:featuredmedia":[{"embeddable":true,"href":"https:\/\/peopleofcostarica.com\/es\/wp-json\/wp\/v2\/media\/11009"}],"wp:attachment":[{"href":"https:\/\/peopleofcostarica.com\/es\/wp-json\/wp\/v2\/media?parent=11008"}],"wp:term":[{"taxonomy":"category","embeddable":true,"href":"https:\/\/peopleofcostarica.com\/es\/wp-json\/wp\/v2\/categories?post=11008"},{"taxonomy":"post_tag","embeddable":true,"href":"https:\/\/peopleofcostarica.com\/es\/wp-json\/wp\/v2\/tags?post=11008"}],"curies":[{"name":"wp","href":"https:\/\/api.w.org\/{rel}","templated":true}]}}